{"id":45539,"date":"2014-04-07T18:53:24","date_gmt":"2014-04-07T23:23:24","guid":{"rendered":"http:\/\/www.panfletonegro.com\/v\/?p=45539"},"modified":"2014-12-23T03:36:27","modified_gmt":"2014-12-23T08:06:27","slug":"mi-credo-personal","status":"publish","type":"post","link":"https:\/\/www.panfletonegro.com\/v\/2014\/04\/07\/mi-credo-personal\/","title":{"rendered":"Mi NO Credo personal"},"content":{"rendered":"<p><img data-recalc-dims=\"1\" decoding=\"async\" alt=\"credo\" src=\"https:\/\/i0.wp.com\/1.bp.blogspot.com\/-NVe4IVNHEKI\/UCyHxO_fooI\/AAAAAAAAJ0U\/-zHlYWTWwuA\/s1600\/CREDO%2BEN%2BLATIN.jpg?w=696\" \/><\/p>\n<p>\u00abSiempre que ense\u00f1es, ense\u00f1a a la vez a dudar de lo que ense\u00f1as.\u00bb Jos\u00e9 Ortega y Gasset<\/p>\n<p>No creo en veusnoticias.com pero tampoco en RT.com, no creo en maduradas.com pero tampoco en TelesurTV, no creo en el Miami Herald pero tampoco en el Granma de Cuba, no creo en noticias publicadas en blogs si \u00e9stas no poseen enlaces a p\u00e1ginas oficiales, no creo en ap\u00f3crifos de ninguna \u00edndole, no creo en fotos de mala calidad, ni tampoco en aquellas no tienen lugar, fecha y hora, no creo en rumores de ning\u00fan tipo, ni en \u00abinformaciones fidedignas\u00bb, no creo en \u00abtubazo\u00bb en \u00abru\u00e9dalo\u00bb ni en \u00abtienes que ver esto\u00bb.<\/p>\n<p>No creo en la lucha armada contra un enemigo que tiene las armas, el dinero y el poder, pero cuidado, tampoco creo en moderados ni electoralistas que tienen una d\u00e9cada llev\u00e1ndonos en derrota tras derrota y ya est\u00e1n sacando sus cuentas para el 2015 o, peor a\u00fan, para 2018. Creo que las guarimbas, tal como est\u00e1n planteadas, no logran el efecto deseado (defenestrar el r\u00e9gimen), pero creo que quienes sistem\u00e1ticamente las critican no le ofrecen una alternativa a esos muchachos que est\u00e1n arriesgando el pellejo por tener alg\u00fan futuro.<\/p>\n<p>No creo que las marchas y manifestaciones logren, per se, hacer rectificar al gobierno, mucho menos desalojarlo del poder, pero creo, aunque resulte parad\u00f3jico, que no debemos dejar de protestar porque es el equivalente a entregarnos.<\/p>\n<p>Creo que Capriles se equivoc\u00f3 cuando dijo \u00abyo gan\u00e9 pero no he cobrado\u00bb (ante la Unasur) y \u00abMaduro es un ileg\u00edtimo\u00bb para luego reconocerlo como presidente, as\u00ed como se equivoc\u00f3 cuando mand\u00f3 a la gente a meterse en un balc\u00f3n a darle palazos a una olla, y desmoviliz\u00f3 a la oposici\u00f3n durante casi un a\u00f1o de las calles del pa\u00eds. Estoy harto del chantaje de la Unidad cuando quienes la requieren s\u00f3lo la entienden en torno a ellos. Creo que el r\u00e9gimen gana al dividir a la oposici\u00f3n entre una que es seria (Capriles y compa\u00f1\u00eda) y otra que es facista (L\u00f3pez, Machado y compa\u00f1\u00eda) y en tal sentido creo que Henrique Capriles no est\u00e1 a la altura de la circunstancia que requiere el pa\u00eds.<\/p>\n<p>Creo que podemos estar peor (siempre se puede estar peor) pero no creo en el discurso de extorsi\u00f3n que afirma que necesariamente derrocar al tirano llevar\u00e1 a algo peor. No creo en golpes de Estado, creo en la restituci\u00f3n del hilo constitucional, creo en los art\u00edculos 25, 328, 333 y 350 de la Constituci\u00f3n. No creo en elecciones llevadas a cabo con un \u00e1rbitro comprado, con las cartas marcadas, con un REP adulterado y sin observaci\u00f3n internacional independiente y no pienso volver a participar jam\u00e1s en una charada electoral de este tipo mientras se mantengan estas condiciones.<\/p>\n<p>No creo en el socialismo, sistema empobrecedor y multiplicador de miserias a lo largo y ancho del orbe durante el siglo XX y lo que va del XXI. No creo en el venezolano que se queja de la situaci\u00f3n pero vive bajo los tres mandamientos que son \u00ab\u00bfc\u00f3mo quedo yo ah\u00ed? \u00bfCu\u00e1nto hay pa&#8217; eso? y A m\u00ed que no me den sino que me pongan donda haiga\u00bb.<\/p>\n<p>Creo que Mariano Pic\u00f3n Salas ten\u00eda raz\u00f3n cuando defini\u00f3 la idiosincrasia del venezolano en \u00abvivamos, callemos y aprovechemos\u00bb. Creo en Juan Pablo P\u00e9rez Alfonzo cuando afirm\u00f3 que nuestra maldici\u00f3n es el \u00abexcremento del Diablo\u00bb y mientras sigamos dependiendo de ese excremento y repitiendo que somos un pa\u00eds rico (no somos ricos un carajo) seguiremos descendiendo en un espiral de podredumbre y miseria.<\/p>\n","protected":false},"excerpt":{"rendered":"<p>\u00abSiempre que ense\u00f1es, ense\u00f1a a la vez a dudar de lo que ense\u00f1as.\u00bb Jos\u00e9 Ortega y Gasset No creo en veusnoticias.com pero tampoco en RT.com, no creo en maduradas.com pero tampoco en TelesurTV, no creo en el Miami Herald pero tampoco en el Granma de Cuba, no creo en noticias publicadas en blogs si \u00e9stas [&hellip;]<\/p>\n","protected":false},"author":1104,"featured_media":0,"comment_status":"open","ping_status":"open","sticky":false,"template":"","format":"standard","meta":{"jetpack_post_was_ever_published":false,"_jetpack_newsletter_access":"","_jetpack_dont_email_post_to_subs":false,"_jetpack_newsletter_tier_id":0,"_jetpack_memberships_contains_paywalled_content":false,"_jetpack_memberships_contains_paid_content":false,"footnotes":"","jetpack_publicize_message":"","jetpack_publicize_feature_enabled":true,"jetpack_social_post_already_shared":false,"jetpack_social_options":{"image_generator_settings":{"template":"highway","default_image_id":0,"font":"","enabled":false},"version":2}},"categories":[1],"tags":[],"class_list":{"0":"post-45539","1":"post","2":"type-post","3":"status-publish","4":"format-standard","6":"category-azares"},"jetpack_publicize_connections":[],"jetpack_featured_media_url":"","jetpack_shortlink":"https:\/\/wp.me\/pfpCD-bQv","jetpack_sharing_enabled":true,"_links":{"self":[{"href":"https:\/\/www.panfletonegro.com\/v\/wp-json\/wp\/v2\/posts\/45539","targetHints":{"allow":["GET"]}}],"collection":[{"href":"https:\/\/www.panfletonegro.com\/v\/wp-json\/wp\/v2\/posts"}],"about":[{"href":"https:\/\/www.panfletonegro.com\/v\/wp-json\/wp\/v2\/types\/post"}],"author":[{"embeddable":true,"href":"https:\/\/www.panfletonegro.com\/v\/wp-json\/wp\/v2\/users\/1104"}],"replies":[{"embeddable":true,"href":"https:\/\/www.panfletonegro.com\/v\/wp-json\/wp\/v2\/comments?post=45539"}],"version-history":[{"count":0,"href":"https:\/\/www.panfletonegro.com\/v\/wp-json\/wp\/v2\/posts\/45539\/revisions"}],"wp:attachment":[{"href":"https:\/\/www.panfletonegro.com\/v\/wp-json\/wp\/v2\/media?parent=45539"}],"wp:term":[{"taxonomy":"category","embeddable":true,"href":"https:\/\/www.panfletonegro.com\/v\/wp-json\/wp\/v2\/categories?post=45539"},{"taxonomy":"post_tag","embeddable":true,"href":"https:\/\/www.panfletonegro.com\/v\/wp-json\/wp\/v2\/tags?post=45539"}],"curies":[{"name":"wp","href":"https:\/\/api.w.org\/{rel}","templated":true}]}}