{"id":45512,"date":"2014-04-07T10:30:03","date_gmt":"2014-04-07T15:00:03","guid":{"rendered":"http:\/\/www.panfletonegro.com\/v\/?p=45512"},"modified":"2014-04-07T15:15:40","modified_gmt":"2014-04-07T19:45:40","slug":"dos-meses-de-protestas","status":"publish","type":"post","link":"https:\/\/www.panfletonegro.com\/v\/2014\/04\/07\/dos-meses-de-protestas\/","title":{"rendered":"Dos meses de protestas"},"content":{"rendered":"<div><a href=\"https:\/\/i0.wp.com\/2.bp.blogspot.com\/-t_43DsAshwY\/U0F9hgAQ6MI\/AAAAAAAAA74\/LTheCROE2PA\/s1600\/1domingo1.jpg\"><img data-recalc-dims=\"1\" loading=\"lazy\" decoding=\"async\" alt=\"\" src=\"https:\/\/i0.wp.com\/2.bp.blogspot.com\/-t_43DsAshwY\/U0F9hgAQ6MI\/AAAAAAAAA74\/LTheCROE2PA\/s1600\/1domingo1.jpg?resize=320%2C240\" width=\"320\" height=\"240\" border=\"0\" \/><\/a><\/div>\n<p>&nbsp;<\/p>\n<table cellspacing=\"0\" cellpadding=\"0\" align=\"center\">\n<tbody>\n<tr>\n<td><a href=\"https:\/\/i0.wp.com\/4.bp.blogspot.com\/-SWJFJAnxdm4\/U0F9hMfzqKI\/AAAAAAAAA7w\/RKT7dz_m7S8\/s1600\/1domingo.jpg\"><img data-recalc-dims=\"1\" loading=\"lazy\" decoding=\"async\" alt=\"\" src=\"https:\/\/i0.wp.com\/4.bp.blogspot.com\/-SWJFJAnxdm4\/U0F9hMfzqKI\/AAAAAAAAA7w\/RKT7dz_m7S8\/s1600\/1domingo.jpg?resize=320%2C240\" width=\"320\" height=\"240\" border=\"0\" \/><\/a><\/td>\n<\/tr>\n<tr>\n<td>Dos im\u00e1genes, dos caras de la realidad venezolana recogidas esta ma\u00f1ana. Ambas de escasa calidad, ya que fueron tomadas tal vez con un tel\u00e9fono, pero que no dejan de ser emblem\u00e1ticas. En una, se aprecia la arremetida de la GN en El Cafetal; en la segunda, la cola inmensa de gente procurando entrar al Bicentenario de Terrazas del \u00c1vila. Dos maneras de reprimir a la poblaci\u00f3n: por la fuerza y, m\u00e1s perverso a\u00fan, por el hambre.<\/td>\n<\/tr>\n<\/tbody>\n<\/table>\n<p>No voy a escribir nada original ni nada que no se sepa. Mi intenci\u00f3n es dejar un testimonio para el futuro, ya que somos de memoria corta y la din\u00e1mica endemoniada del pa\u00eds hace que los hechos de un d\u00eda opaquen a los del d\u00eda anterior. Acontecimientos de nuestro pasado reciente ya est\u00e1n borrosos en mi memoria, como los d\u00edas post paro petrolero y las guarimbas de 2004, as\u00ed que me permito redactar estas notas que seguramente ser\u00e1n para m\u00ed, para releerlas dentro de unos a\u00f1os y poder tener un punto de comparaci\u00f3n.<\/p>\n<p>Ya vamos para dos meses de protestas en el pa\u00eds, protestas que comenzaron en el estado T\u00e1chira con la exigencia de mayor seguridad en los campus universitarios tras el intento de violaci\u00f3n de una muchacha, y que gracias al desinter\u00e9s del gobierno en dar respuestas &#8211; por el contrario, trat\u00f3 de acabar con los reclamos utilizando una represi\u00f3n desmedida &#8211; comenzaron a tener eco en todos los dem\u00e1s estados del pa\u00eds. Ya se protesta abiertamente en las principales ciudades de Venezuela, y los motivos son variados y \u00a0todos v\u00e1lidos: la inseguridad, la escasez, el alt\u00edsimo costo de la vida son las \u00a0banderas que ondea la colectividad, harta de los malos manejos de un r\u00e9gimen que se nota incapaz de resolverlos. Dos meses despu\u00e9s los n\u00fameros asociados son escalofriantes: cerca de los 40 muertos, m\u00e1s de 2500 detenidos, innumerables denuncias de tortura y maltratos.En Panfletonegro comenzamos a documentar las muertes, pero lleg\u00f3 un momento en que se perdi\u00f3 la pista por la profusi\u00f3n de asesinatos y se volvi\u00f3 una tarea inmanejable. Por otro lado hay evidencias gr\u00e1ficas a mares, en donde aparecen los grupos paramilitares codo a codo con las fuerzas de control del orden p\u00fablico. Y escenas francamente atroces, como las recogidas en la UCV, en donde despu\u00e9s de apalear a los estudiantes terminaron de vejarlos al dejarlos desnudos.<\/p>\n<p>Los estados m\u00e1s aguerridos, y los que han recibido la mayor respuesta por parte del r\u00e9gimen, son los que dieron inicio a la situaci\u00f3n, los andinos T\u00e1chira y M\u00e9rida. Al primero se le est\u00e1 dando el tratamiento que se le dar\u00eda a una naci\u00f3n hostil, con sobrevuelos de aviones de guerra y una arremetida militar desproporcionada. Pero no son los \u00fanicos, en la pr\u00e1ctica todos los estados con poblaciones importantes han dado muestras de descontento y apoyo a sus hermanos andinos.<\/p>\n<p>Hay zonas de la capital que sufren un acoso constante y permanente, como lo son Chacao, Altamira y Santa Fe. Pero el resto de la ciudad no se salva, y urbanizaciones como Terrazas del \u00c1vila, Palo Verde, El Marqu\u00e9s, Macaracuay, Los Ruices, Caricuao, El Para\u00edso, entre otras, han recibido la visita gaseosa de la GNB y la PN. Pareciera que el objetivo es aterrorizar a la poblaci\u00f3n para extinguir las protestas. Y como todo en este pa\u00eds, la indefinici\u00f3n es la norma: no hay ni toque de queda ni suspensi\u00f3n de garant\u00edas formalizado a trav\u00e9s de los canales regulares, pero los miembros del orden p\u00fablico act\u00faan como si as\u00ed fuera, allanando hogares, deteniendo de manera aleatoria a cualquier persona que les parezca sospechosa, revisando autom\u00f3viles.<\/p>\n<div><\/div>\n<p>Esta ma\u00f1ana arremetieron contra la zona de El Cafetal. Como miembro de esa comunidad, en el aspecto laboral, puedo decir que en efecto la radicalizaci\u00f3n del sector es muy pronunciada. La intersecci\u00f3n con Caurimare tiene m\u00e1s de una semana trancada, lo que obliga a dar largas circunvalaciones por las monta\u00f1as adyacentes para poder llegar a la oficina. Aunque resulta fastidioso el trayecto, se entiende que hay una motivaci\u00f3n poderosa para actuar de ese modo, y uno termina aceptando la situaci\u00f3n. Pero ya desde hace varios d\u00edas se estaba corriendo el rumor de que la guardia ten\u00eda pensado arremeter contra la zona, y que lo har\u00eda implacablemente. Y fue as\u00ed: a la hora en la que escribo estas l\u00edneas hay un asedio total, parecido al aplicado a Chacao y Altamira. Las im\u00e1genes de tanto verlas se nos tornan todas parecidas, y si no fuera por algunos elementos arquitect\u00f3nicos no podr\u00edamos diferenciar el lugar de las tomas.<\/p>\n<p>Hoy es domingo, d\u00eda que tradicionalmente se dedica al descanso, de poco tr\u00e1nsito. Tal vez por ello fue el elegido para acabar con las protestas del lugar. Veremos \u00a0como amanece ma\u00f1ana El Cafetal. Conociendo lo aguerrido de la poblaci\u00f3n supongo que las protestas no cesar\u00e1n, por el contrario se ver\u00e1n incrementadas. Es que el gobierno parece no haber asimilado que cada acci\u00f3n represiva que toma va a tener una reacci\u00f3n inmediata.<\/p>\n<p>Mientras tanto la vida sigue, sigue en ca\u00edda libre. Visitar los automercados, una de las principales actividades de los venezolanos en estos d\u00edas, es una tarea deprimente por partida doble: la escasez de productos b\u00e1sicos de la dieta ya es cr\u00f3nica, y el precio de los art\u00edculos que s\u00ed se consiguen es escandaloso. El pescado ya es un animal sagrado, s\u00f3lo los potentados pueden adquirirlo. La carne y el pollo regulado ya rayan en lo mitol\u00f3gico, por otra parte. Lo que se consigue se paga al precio que haya determinado la cadena de distribuci\u00f3n bajo la mirada c\u00f3mplice e indolente de los organismos que deber\u00edan velar por la aplicaci\u00f3n de las regulaciones. Creo que en el fondo est\u00e1n aceptando que es imposible regular los precios en una econom\u00eda tan inflacionaria como la nuestra. Otro rubro muy afectado es el de los repuestos automotores y \u00a0electrodom\u00e9sticos: el venezolano reza para que la lavadora no se estropee, o para que la bater\u00eda del carro aguante un mes m\u00e1s. De lo contrario le supondr\u00e1 horas de visitas a diferentes casas de repuestos de la ciudad, sin la menor garant\u00eda de encontrar lo que est\u00e1 buscando.<\/p>\n<p>Esta situaci\u00f3n no es sostenible por mucho m\u00e1s tiempo. La gente est\u00e1 realmente cansada y quiere un cambio, cosa que por otra parte no es la intenci\u00f3n del gobierno. En alg\u00fan momento se producir\u00e1 un punto de quiebre; c\u00f3mo ser\u00e1, no est\u00e1 dentro de mis capacidades predecirlo.<\/p>\n","protected":false},"excerpt":{"rendered":"<p>&nbsp; Dos im\u00e1genes, dos caras de la realidad venezolana recogidas esta ma\u00f1ana. Ambas de escasa calidad, ya que fueron tomadas tal vez con un tel\u00e9fono, pero que no dejan de ser emblem\u00e1ticas. En una, se aprecia la arremetida de la GN en El Cafetal; en la segunda, la cola inmensa de gente procurando entrar al [&hellip;]<\/p>\n","protected":false},"author":1672,"featured_media":0,"comment_status":"open","ping_status":"open","sticky":false,"template":"","format":"standard","meta":{"jetpack_post_was_ever_published":false,"_jetpack_newsletter_access":"","_jetpack_dont_email_post_to_subs":false,"_jetpack_newsletter_tier_id":0,"_jetpack_memberships_contains_paywalled_content":false,"_jetpack_memberships_contains_paid_content":false,"footnotes":"","jetpack_publicize_message":"","jetpack_publicize_feature_enabled":true,"jetpack_social_post_already_shared":false,"jetpack_social_options":{"image_generator_settings":{"template":"highway","default_image_id":0,"font":"","enabled":false},"version":2}},"categories":[3],"tags":[2919,59],"class_list":{"0":"post-45512","1":"post","2":"type-post","3":"status-publish","4":"format-standard","6":"category-descontento","7":"tag-12f","8":"tag-politica-venezolana"},"jetpack_publicize_connections":[],"jetpack_featured_media_url":"","jetpack_shortlink":"https:\/\/wp.me\/pfpCD-bQ4","jetpack_sharing_enabled":true,"_links":{"self":[{"href":"https:\/\/www.panfletonegro.com\/v\/wp-json\/wp\/v2\/posts\/45512","targetHints":{"allow":["GET"]}}],"collection":[{"href":"https:\/\/www.panfletonegro.com\/v\/wp-json\/wp\/v2\/posts"}],"about":[{"href":"https:\/\/www.panfletonegro.com\/v\/wp-json\/wp\/v2\/types\/post"}],"author":[{"embeddable":true,"href":"https:\/\/www.panfletonegro.com\/v\/wp-json\/wp\/v2\/users\/1672"}],"replies":[{"embeddable":true,"href":"https:\/\/www.panfletonegro.com\/v\/wp-json\/wp\/v2\/comments?post=45512"}],"version-history":[{"count":0,"href":"https:\/\/www.panfletonegro.com\/v\/wp-json\/wp\/v2\/posts\/45512\/revisions"}],"wp:attachment":[{"href":"https:\/\/www.panfletonegro.com\/v\/wp-json\/wp\/v2\/media?parent=45512"}],"wp:term":[{"taxonomy":"category","embeddable":true,"href":"https:\/\/www.panfletonegro.com\/v\/wp-json\/wp\/v2\/categories?post=45512"},{"taxonomy":"post_tag","embeddable":true,"href":"https:\/\/www.panfletonegro.com\/v\/wp-json\/wp\/v2\/tags?post=45512"}],"curies":[{"name":"wp","href":"https:\/\/api.w.org\/{rel}","templated":true}]}}