{"id":45140,"date":"2014-03-25T05:03:13","date_gmt":"2014-03-25T09:33:13","guid":{"rendered":"http:\/\/www.panfletonegro.com\/v\/?p=45140"},"modified":"2014-03-25T05:03:13","modified_gmt":"2014-03-25T09:33:13","slug":"proposito-del-sicad-2","status":"publish","type":"post","link":"https:\/\/www.panfletonegro.com\/v\/2014\/03\/25\/proposito-del-sicad-2\/","title":{"rendered":"A prop\u00f3sito del SICAD 2"},"content":{"rendered":"<p>Hoy nos hemos estremecido con la estridente noticia del SICAD 2, todos est\u00e1n perplejos, aterrorizados y hasta impresionados de algo que sab\u00edamos que tarde \u00f3 temprano pasar\u00eda, una nueva devaluaci\u00f3n.<\/p>\n<p>Pero como somos una sociedad absolutamente delirante, neur\u00f3tica y empe\u00f1ada en victimizarse, nos tomamos dicho anuncio, como una ofensa, represalia y hasta falta de respeto, est\u00e9 \u00faltimo, pudiese sopesarlo, porque si es una falta de respeto, ya que el gobierno ha sido profundamente irresponsable con el dinero de la naci\u00f3n, que en teor\u00eda deber\u00eda manejar como un \u201cbuen padre de familia\u201d, siguiendo la m\u00e1xima del derecho, donde el mandatario tiene tal obligaci\u00f3n.<\/p>\n<p>Lo cierto del caso es que, buena parte de la poblaci\u00f3n \u00f3 por lo menos aquella que ha sido sometida desde hace 30 a\u00f1os a cursos intensivos de econom\u00eda, , dese\u00e1ndolo \u00f3 no, cuando vive nuevamente una crisis m\u00e1s &#8211; de las tantas que hemos padecido-, es capaz de ver venir las magnitudes, es m\u00e1s hasta lo comenta a cada hora y cada rato, por eso intenta hacer unos incipientes ejercicios de ahorro y control propio de sus financias, previendo la super \u2013 dram\u00e1tica bomba que se avecina (como tantas otras) y entonces despu\u00e9s arma un esc\u00e1ndalo cual \u201cLaura en Am\u00e9rica\u201d, de que le est\u00e1n violando sus derechos constitucionales.<\/p>\n<p>Y me pregunto yo, que horror y que esc\u00e1ndalo, hay algo nuevo bajo el sol? Con este comentario sarc\u00e1stico no quiero disminuir la gravedad del asunto, pero porque siempre tenemos que armar un show \u00f3 argumentar como sorprendidos, algo que era un secreto a voces, como casi todos los hechos que hoy en d\u00eda vivimos.<\/p>\n<p>Esa capacidad de hacernos los sorprendidos, de darnos por recientemente aludidos, como dir\u00edan algunos por all\u00ed, de quedarnos como Condorito, creo q lo que genera es m\u00e1s da\u00f1o y neurosis colectiva, que beneficios y soluciones.<\/p>\n<p>En Enero, despu\u00e9s de pasar todo diciembre especulando -que es la ciencia que m\u00e1s nos divierte y fortalece- que habr\u00eda una devaluaci\u00f3n, que eliminar\u00edan CADIVI (cosa que venimos esperando desde hace unos 5 a\u00f1os), incluso que hasta el d\u00f3lar pasar\u00eda a ser la moneda oficial, etc. Cuando el fat\u00eddico hecho ocurri\u00f3, fue como presenciar una tragedia griega, s\u00f3lo que en versi\u00f3n 2.0.<\/p>\n<p>El Facebook se lleno de mensajes tristes, acongojados, sorprendidos, todos hip\u00f3critas, sin m\u00e1s, porque todos ellos, sab\u00edan que esa decisi\u00f3n llegar\u00eda y que eso estaba por pasar, as\u00ed que no se vengan con cuentos \u00f3 con delirios de \u00e9tica y moral ciudadana, cuando muchos fueron a Daka a comprar, porque hab\u00eda que invertir \u201clos reales\u201d antes de que viniese el bombazo, all\u00ed si es bueno saber de econom\u00eda, pero para vivir en el mundo real, no.<\/p>\n<p>S\u00ed se quiere cambiar de sistema, r\u00e9gimen \u00f3 por lo menos de pol\u00edticos, va siendo hora de que los problemas reales, se asuman con soluciones reales y no con meras declaraciones de principios que ni llenan, ni convencen.<\/p>\n<p>\u00d3 diga la MUD, Capriles, Leopoldo, Mar\u00eda Corina y hasta Mar\u00eda Bol\u00edvar que habr\u00edan hecho, si estuviesen en la misma situaci\u00f3n? S\u00ed alguno de ustedes tuviese el dolor de cabeza de dirigir este pa\u00eds \u00f3 lo que queda de \u00e9l, si es que queda algo, no hubiesen hecho lo mismo \u00f3 hasta m\u00e1s profundo e intenso?<\/p>\n<p>Cuando leo, Econometrica, Datanalisis, escucho a Pedro Palma, Jos\u00e9 Guerra y otros, que es lo que planteaban c\u00f3mo medidas econ\u00f3micas? Cuales deber\u00edan ser los primeros pasos, para intentar \u201cnormalizar\u201d la econom\u00eda?<\/p>\n<p>Entonces una vez m\u00e1s, no me revienten las pelotas, los pol\u00edticos de oposici\u00f3n, con un teatro a lo Sara Bernhart, que esto que est\u00e1 haciendo el gobierno es una atrocidad, un abuso, etc, etc. Hagan su trabajo serio de oposici\u00f3n que es exigirle al gobierno, qu\u00e9 a\u00fan cuando se vea en la imperiosa necesidad de tomar esas medidas, las cuales ellos mismo originaron, c\u00f3mo van a mejorar la productividad? C\u00f3mo van a solucionar la escasez, que ahora con mayor raz\u00f3n, se va a convertir en un problema? Cual es el plan de empleos \u00f3 de expansi\u00f3n de opciones laborales?<\/p>\n<p>Y el gobierno, donde se va a meter el discurso de izquierda \u2013 socialista \u2013 salvador de mundo? Hasta donde los he le\u00eddo, escuchado y visto, semejantes medidas como las de hoy, obedecen a un patr\u00f3n capitalista, neoliberal, vende patria. Entonces, ustedes que son?<\/p>\n<p>Ya basta de la pol\u00edtica del \u201cBig Brother\u201d, showsera y mediocre, donde cuando uno dice, el otro sale a replicar y decir que no fue \u00f3 que eso no es as\u00ed; de sacarse los trapitos al sol, como si las instituciones y los funcionarios p\u00fablicos, protagonisasen la m\u00e1s burda de las novelas mexicanas \u00f3 venezolanas.<\/p>\n<p>Para hacer pol\u00edtica de altura, no hace falta ser tragic\u00f3mico, hace falta voluntad y responsabilidad y eso como que hoy en d\u00eda muy pocos saben lo que es.<\/p>\n","protected":false},"excerpt":{"rendered":"<p>Hoy nos hemos estremecido con la estridente noticia del SICAD 2, todos est\u00e1n perplejos, aterrorizados y hasta impresionados de algo que sab\u00edamos que tarde \u00f3 temprano pasar\u00eda, una nueva devaluaci\u00f3n. Pero como somos una sociedad absolutamente delirante, neur\u00f3tica y empe\u00f1ada en victimizarse, nos tomamos dicho anuncio, como una ofensa, represalia y hasta falta de respeto, [&hellip;]<\/p>\n","protected":false},"author":3024,"featured_media":0,"comment_status":"open","ping_status":"open","sticky":false,"template":"","format":"standard","meta":{"jetpack_post_was_ever_published":false,"_jetpack_newsletter_access":"","_jetpack_dont_email_post_to_subs":false,"_jetpack_newsletter_tier_id":0,"_jetpack_memberships_contains_paywalled_content":false,"_jetpack_memberships_contains_paid_content":false,"footnotes":"","jetpack_publicize_message":"","jetpack_publicize_feature_enabled":true,"jetpack_social_post_already_shared":false,"jetpack_social_options":{"image_generator_settings":{"template":"highway","default_image_id":0,"font":"","enabled":false},"version":2}},"categories":[1],"tags":[],"class_list":{"0":"post-45140","1":"post","2":"type-post","3":"status-publish","4":"format-standard","6":"category-azares"},"jetpack_publicize_connections":[],"jetpack_featured_media_url":"","jetpack_shortlink":"https:\/\/wp.me\/pfpCD-bK4","jetpack_sharing_enabled":true,"_links":{"self":[{"href":"https:\/\/www.panfletonegro.com\/v\/wp-json\/wp\/v2\/posts\/45140","targetHints":{"allow":["GET"]}}],"collection":[{"href":"https:\/\/www.panfletonegro.com\/v\/wp-json\/wp\/v2\/posts"}],"about":[{"href":"https:\/\/www.panfletonegro.com\/v\/wp-json\/wp\/v2\/types\/post"}],"author":[{"embeddable":true,"href":"https:\/\/www.panfletonegro.com\/v\/wp-json\/wp\/v2\/users\/3024"}],"replies":[{"embeddable":true,"href":"https:\/\/www.panfletonegro.com\/v\/wp-json\/wp\/v2\/comments?post=45140"}],"version-history":[{"count":0,"href":"https:\/\/www.panfletonegro.com\/v\/wp-json\/wp\/v2\/posts\/45140\/revisions"}],"wp:attachment":[{"href":"https:\/\/www.panfletonegro.com\/v\/wp-json\/wp\/v2\/media?parent=45140"}],"wp:term":[{"taxonomy":"category","embeddable":true,"href":"https:\/\/www.panfletonegro.com\/v\/wp-json\/wp\/v2\/categories?post=45140"},{"taxonomy":"post_tag","embeddable":true,"href":"https:\/\/www.panfletonegro.com\/v\/wp-json\/wp\/v2\/tags?post=45140"}],"curies":[{"name":"wp","href":"https:\/\/api.w.org\/{rel}","templated":true}]}}