{"id":45092,"date":"2014-03-24T11:50:04","date_gmt":"2014-03-24T16:20:04","guid":{"rendered":"http:\/\/www.panfletonegro.com\/v\/?p=45092"},"modified":"2014-03-24T11:50:04","modified_gmt":"2014-03-24T16:20:04","slug":"marzo-21","status":"publish","type":"post","link":"https:\/\/www.panfletonegro.com\/v\/2014\/03\/24\/marzo-21\/","title":{"rendered":"Marzo 21"},"content":{"rendered":"<p>La poes\u00eda tiene su d\u00eda<\/p>\n<p>su d\u00eda mundial para brillar<\/p>\n<p>hoy 21 de marzo es ese d\u00eda.<\/p>\n<p>Aqu\u00ed en Venezuela<\/p>\n<p>La poes\u00eda est\u00e1 comprometida<\/p>\n<p>se levanta y redacta un acta<\/p>\n<p>se alza y entona un himno<\/p>\n<p>se multiplica en las esquinas<\/p>\n<p>se enfrenta<\/p>\n<p>y no se lamenta<\/p>\n<p>la verdad sencilla y sin adornos<\/p>\n<p>contra la mentira de los sobornos.<\/p>\n<p>Nuestra poes\u00eda es de resistencia<\/p>\n<p>corre en las redes, en los celulares<\/p>\n<p>en las cacerolas de las se\u00f1oras.<\/p>\n<p>Es la poes\u00eda de la barricada<\/p>\n<p>en esta encrucijada<\/p>\n<p>ha donde ha sido empujada<\/p>\n<p>por la dictadura descarada.<\/p>\n<p>&nbsp;<\/p>\n","protected":false},"excerpt":{"rendered":"<p>La poes\u00eda tiene su d\u00eda su d\u00eda mundial para brillar hoy 21 de marzo es ese d\u00eda. Aqu\u00ed en Venezuela La poes\u00eda est\u00e1 comprometida se levanta y redacta un acta se alza y entona un himno se multiplica en las esquinas se enfrenta y no se lamenta la verdad sencilla y sin adornos contra la [&hellip;]<\/p>\n","protected":false},"author":3020,"featured_media":0,"comment_status":"open","ping_status":"open","sticky":false,"template":"","format":"standard","meta":{"jetpack_post_was_ever_published":false,"_jetpack_newsletter_access":"","_jetpack_dont_email_post_to_subs":false,"_jetpack_newsletter_tier_id":0,"_jetpack_memberships_contains_paywalled_content":false,"_jetpack_memberships_contains_paid_content":false,"footnotes":"","jetpack_publicize_message":"","jetpack_publicize_feature_enabled":true,"jetpack_social_post_already_shared":false,"jetpack_social_options":{"image_generator_settings":{"template":"highway","default_image_id":0,"font":"","enabled":false},"version":2}},"categories":[2],"tags":[],"class_list":{"0":"post-45092","1":"post","2":"type-post","3":"status-publish","4":"format-standard","6":"category-poesia"},"jetpack_publicize_connections":[],"jetpack_featured_media_url":"","jetpack_shortlink":"https:\/\/wp.me\/pfpCD-bJi","jetpack_sharing_enabled":true,"_links":{"self":[{"href":"https:\/\/www.panfletonegro.com\/v\/wp-json\/wp\/v2\/posts\/45092","targetHints":{"allow":["GET"]}}],"collection":[{"href":"https:\/\/www.panfletonegro.com\/v\/wp-json\/wp\/v2\/posts"}],"about":[{"href":"https:\/\/www.panfletonegro.com\/v\/wp-json\/wp\/v2\/types\/post"}],"author":[{"embeddable":true,"href":"https:\/\/www.panfletonegro.com\/v\/wp-json\/wp\/v2\/users\/3020"}],"replies":[{"embeddable":true,"href":"https:\/\/www.panfletonegro.com\/v\/wp-json\/wp\/v2\/comments?post=45092"}],"version-history":[{"count":0,"href":"https:\/\/www.panfletonegro.com\/v\/wp-json\/wp\/v2\/posts\/45092\/revisions"}],"wp:attachment":[{"href":"https:\/\/www.panfletonegro.com\/v\/wp-json\/wp\/v2\/media?parent=45092"}],"wp:term":[{"taxonomy":"category","embeddable":true,"href":"https:\/\/www.panfletonegro.com\/v\/wp-json\/wp\/v2\/categories?post=45092"},{"taxonomy":"post_tag","embeddable":true,"href":"https:\/\/www.panfletonegro.com\/v\/wp-json\/wp\/v2\/tags?post=45092"}],"curies":[{"name":"wp","href":"https:\/\/api.w.org\/{rel}","templated":true}]}}