{"id":44992,"date":"2014-03-23T06:37:16","date_gmt":"2014-03-23T11:07:16","guid":{"rendered":"http:\/\/www.panfletonegro.com\/v\/?p=44992"},"modified":"2014-03-23T06:37:16","modified_gmt":"2014-03-23T11:07:16","slug":"elias-jaua-capucha-en-tierra","status":"publish","type":"post","link":"https:\/\/www.panfletonegro.com\/v\/2014\/03\/23\/elias-jaua-capucha-en-tierra\/","title":{"rendered":"El\u00edas Jaua\u2026 capucha en tierra\u2026"},"content":{"rendered":"<p><a href=\"https:\/\/i0.wp.com\/www.panfletonegro.com\/v\/wp-content\/uploads\/2014\/03\/9682-image-700-450-fit.jpg\"><img data-recalc-dims=\"1\" loading=\"lazy\" decoding=\"async\" data-attachment-id=\"44687\" data-permalink=\"https:\/\/www.panfletonegro.com\/v\/2014\/03\/15\/los-fundamentos-ideologicos-del-socialismo-sovietico-son-aplicadas-en-nuestra-realidad-venezolana-de-socialismo-del-siglo-xxi\/9682-image-700-450-fit\/\" data-orig-file=\"https:\/\/i0.wp.com\/www.panfletonegro.com\/v\/wp-content\/uploads\/2014\/03\/9682-image-700-450-fit.jpg?fit=700%2C437&amp;ssl=1\" data-orig-size=\"700,437\" data-comments-opened=\"1\" data-image-meta=\"{&quot;aperture&quot;:&quot;0&quot;,&quot;credit&quot;:&quot;&quot;,&quot;camera&quot;:&quot;&quot;,&quot;caption&quot;:&quot;&quot;,&quot;created_timestamp&quot;:&quot;0&quot;,&quot;copyright&quot;:&quot;&quot;,&quot;focal_length&quot;:&quot;0&quot;,&quot;iso&quot;:&quot;0&quot;,&quot;shutter_speed&quot;:&quot;0&quot;,&quot;title&quot;:&quot;&quot;}\" data-image-title=\"9682-image-700-450-fit\" data-image-description=\"\" data-image-caption=\"\" data-large-file=\"https:\/\/i0.wp.com\/www.panfletonegro.com\/v\/wp-content\/uploads\/2014\/03\/9682-image-700-450-fit.jpg?fit=696%2C435&amp;ssl=1\" class=\"alignnone size-medium wp-image-44687\" alt=\"9682-image-700-450-fit\" src=\"https:\/\/i0.wp.com\/www.panfletonegro.com\/v\/wp-content\/uploads\/2014\/03\/9682-image-700-450-fit-640x399.jpg?resize=640%2C399\" width=\"640\" height=\"399\" srcset=\"https:\/\/i0.wp.com\/www.panfletonegro.com\/v\/wp-content\/uploads\/2014\/03\/9682-image-700-450-fit.jpg?resize=640%2C399&amp;ssl=1 640w, https:\/\/i0.wp.com\/www.panfletonegro.com\/v\/wp-content\/uploads\/2014\/03\/9682-image-700-450-fit.jpg?resize=320%2C199&amp;ssl=1 320w, https:\/\/i0.wp.com\/www.panfletonegro.com\/v\/wp-content\/uploads\/2014\/03\/9682-image-700-450-fit.jpg?resize=145%2C90&amp;ssl=1 145w, https:\/\/i0.wp.com\/www.panfletonegro.com\/v\/wp-content\/uploads\/2014\/03\/9682-image-700-450-fit.jpg?resize=495%2C309&amp;ssl=1 495w, https:\/\/i0.wp.com\/www.panfletonegro.com\/v\/wp-content\/uploads\/2014\/03\/9682-image-700-450-fit.jpg?resize=670%2C418&amp;ssl=1 670w, https:\/\/i0.wp.com\/www.panfletonegro.com\/v\/wp-content\/uploads\/2014\/03\/9682-image-700-450-fit.jpg?w=700&amp;ssl=1 700w\" sizes=\"auto, (max-width: 640px) 100vw, 640px\" \/><\/a><\/p>\n<p style=\"text-align: justify\">De tama\u00f1o peque\u00f1o y gran timidez, el estudiante universitario El\u00edas Jaua ten\u00eda una tarea pendiente que realizar todos los jueves de aquellos a\u00f1os 80 en la Universidad Central de Venezuela: salir a manifestar en contra de un gobierno capitalista y neoliberal que hipotecaba el futuro de su patria: formaba parte de aquellos llamados autodenominados 12 del Pat\u00edbulo, ala dura del izquierdismo universitario.<\/p>\n<p style=\"text-align: justify\">Su tarea, como la de todo ese grupo, era siempre m\u00e1s o menos la misma: ir a la plaza de las Tres Gracias, cerrar la v\u00eda, quemar autobuses, tirar piedras a la sede de la Toyota para que volasen los pedazos de vidrios por todas partes, hasta que llegase la polic\u00eda Metropolitana (PM). Luego a las\u00a0 doce suspender para el almuerzo y a eso de las 2 de la tarde, comenzar de nuevo.<\/p>\n<p style=\"text-align: justify\">Como era parte de la rutina universitaria, adentro todo segu\u00eda igual, las c\u00e1tedras marchando, ex\u00e1menes llev\u00e1ndose a cabo y simplemente la gente entraba y sal\u00eda por la Plaza Venezuela; La Minerva o el Cl\u00ednico y la circulaci\u00f3n de veh\u00edculos era desviada por la iglesia San Pedro. Todos los estudiantes y profesores \u00a0lo asum\u00edan con un \u201cque ladilla esta \u00a0rutina ucevista\u201d\u2026<\/p>\n<p style=\"text-align: justify\">Eso era cierto, pero no totalmente que quienes estaban comprometidos en las acciones fuesen todos de la comunidad universitaria. Recuerdo una vez, cuando el ahora flamante embajador en Naciones Unidas en Nueva York y antes devaluado profesor de Historia Samuel Moncada, fue a convencer a los muchachos que esa no era la forma de protestar y canalizar sus descontentos y encontr\u00f3 hasta lice\u00edstas de 12, 13 y 14 a\u00f1os en el grupo. Jaua y sus compinches lo hicieron correr y mira que tuvo que hacerlo para que no lo lincharan\u2026vueltas que da la vida, ahora Jaua es su jefe y \u00e9l siente que toda violencia se puede justificar si viene del lado que defiende\u2026<\/p>\n<p style=\"text-align: justify\">Qu\u00e9 si exist\u00eda por qu\u00e9 protestar en aquellos a\u00f1os 80, claro que s\u00ed\u2026se hab\u00eda acabado aquella Venezuela que prometi\u00f3 por mucho tiempo ser pr\u00f3spera y pujante, gracias a la corrupci\u00f3n y deterioro de los valores a que nos llevaron hombres y mujeres, que luego simplemente pasar\u00edan a ser parte de las filas del chavismo, con el mismo caradurismo con el cual \u00a0antes se privilegiaron de los desafueros del poder.<\/p>\n<p style=\"text-align: justify\">En la vida de aquellos d\u00edas en la universidad todos los temas eran analizados y las discusiones no paraban. All\u00ed siempre hubo adecos, copeyanos, marxistas, leninistas, jud\u00edos, cristianos, blancos, chinos, negros, morenos, siendo una representaci\u00f3n de la esencia venezolana. Sin embargo, hab\u00eda una mayor\u00eda\u00a0 que aseguraba que la forma de protestar de aquellos muchachos todos los jueves por la ma\u00f1ana, ocasionaba m\u00e1s problemas a propios que a extra\u00f1os y a pesar de ello, nunca se oy\u00f3 que nadie los catalogase de fascistas.<\/p>\n<p style=\"text-align: justify\">La comunidad universitaria comprend\u00eda que esos j\u00f3venes trataban de manifestabar su descontento, que la juventud era siempre osada e inconforme, como debe serlo y que ten\u00edan sue\u00f1os por un mundo mejor. Lo \u00faltimo que pod\u00eda quit\u00e1rsele\u00a0 a los muchachos eran sus anhelos, al contrario, se deb\u00edan canalizar.<\/p>\n<p style=\"text-align: justify\">El edificio de Econom\u00eda era el Comando General de los 12 del Pat\u00edbulo, all\u00ed se uniformaban, preparaban las molotov, se tapaban la cara con capuchas y se dispon\u00edan a salir, luego de haber desayunado en el cafet\u00edn y si no hab\u00eda mucha plata, en el comedor universitario, con su tarifa congelada a 2 bs por d\u00e9cadas. La misma rutina se realizar\u00eda\u00a0 a las doce del mediod\u00eda, as\u00ed jueves tras jueves, a\u00f1o tras a\u00f1o.<\/p>\n<p style=\"text-align: justify\">La universidad era un sitio seguro, no pod\u00eda ser allanada, m\u00e1s all\u00e1 de una que otra escaramuza que intentase la PM, luego de los vergonzosos hechos de Caldera en su primer gobierno, ning\u00fan otro lo hizo. En la universidad se sent\u00eda uno seguro, se pod\u00eda estudiar, caminar, hacer deporte, amar y ser plenamente parte de la comunidad universitaria.<\/p>\n<p style=\"text-align: justify\">La mam\u00e1, el pap\u00e1 y los hermanos de Jaua, como del resto de los venezolanos, con sus pros y sus contras pod\u00edan ir al mercado, pod\u00edan escoger a cu\u00e1l, pod\u00edan caminar por las calles sin ser se\u00f1alados y si tomaban precauciones, la inseguridad no los mataba a cualquier hora y en cualquier parte como ahora. Tampoco \u00e9l era se\u00f1alado de fascista, traidor a la patria o asesino, por llevar adelante sus manifestaciones de descontento en contra de aquellos gobiernos.<\/p>\n<p style=\"text-align: justify\">Estaba claramente identificado, cualquiera hubiese podido se\u00f1alarlo, cualquiera hubiese podido entregarlo, hasta esa fascista de la \u201crectora Arocha\u201d, como \u00e9l dice ahora, cuando lo resguardo y lo protegi\u00f3 de la polic\u00eda en la facultad de Odontolog\u00eda para que no fuese agredido, porque si algo hab\u00eda claro en cualquier ucevista: estudiante, profesor, personal administrativo, obrero, jodedores y jodedoras, que siempre los hubo, era que la UCV se respetaba y nadie se met\u00eda con ella, ni con su gente, porque era meterse con todos.<\/p>\n<p style=\"text-align: justify\">Al fin y al cabo era un joven con sue\u00f1os de un mundo mejor, que siempre es v\u00e1lido porque los humanos no tenemos que ser conformes y todo es perfectible, m\u00e1s en una Venezuela en donde exist\u00edan tantas razones para protestar en aquellos d\u00edas, cuando el pa\u00eds definitivamente parec\u00eda que perd\u00eda el rumbo\u2026como luego finalmente lo perdi\u00f3.<\/p>\n<p style=\"text-align: justify\">Ya dec\u00eda Rub\u00e9n Blades que el poder no corrompe, desenmascara, que lejanos se le hacen al El\u00edas aquellos d\u00edas, que borrados los sue\u00f1os de una juventud que clamaba por cambios para todos, c\u00f3mo haber olvidado sus a\u00f1os de juventud cuando luchaba contra gobiernos corruptos y para ello se encapuchaba, empu\u00f1aba piedras, armas de fuego, bombas molotov y se iba a incendiar el mundo, por su utop\u00eda de una patria mejor.<\/p>\n<p style=\"text-align: justify\">Resulta dif\u00edcil creer que en aquellas acciones s\u00f3lo hab\u00eda un qu\u00edtate t\u00fa para poner yo, que se hayan olvidado tantos esfuerzos por lograr una sociedad m\u00e1s justa, que las manos llenas del sucio y el da\u00f1o producido por las piedras lanzadas, hayan sido sustituidas por el Mont Blanc, que los carajitos de los 12 del Pat\u00edbulo que lo secundaban, hayan sido reemplazados por guardaespaldas, con la misma formaci\u00f3n que los polic\u00edas contra los que luch\u00f3.<\/p>\n<p style=\"text-align: justify\">Ahora a flor de piel y por esa man\u00eda de la izquierda de ser due\u00f1a de la verdad, todo el que reclama y protesta y razones las hay: violencia, muertes, escasez, torturas, corrupci\u00f3n, depravaci\u00f3n en el poder, es simplemente fascista.<\/p>\n<p style=\"text-align: justify\">Y los fascistas El\u00edas, cada d\u00eda son m\u00e1s y m\u00e1s y la gente que antes te comprendi\u00f3 ve con asombro qui\u00e9n realmente eras y como anhelabas el poder de aquellos a quienes combat\u00edas y no me hables del pasado, para justificar lo que ustedes hacen en el presente, porque ustedes llegaron, supuestamente, para arreglar todos los desmanes de sus antecesores. Adem\u00e1s, ustedes ya son pasado.<\/p>\n<p style=\"text-align: justify\">Que vaina chico, nunca pens\u00e9 que ver\u00eda tanta miseria, tanta p\u00e9rdida de j\u00f3venes que como t\u00fa en aquel tiempo, tienen derecho a luchar por un pa\u00eds mejor, pues no conocen otra cosa que eso que t\u00fa y los tuyos les han dado como gobierno. \u00bfSabes El\u00edas?, no hay ideas, ni razones\u00a0 en el mundo que puedan justificar la muerte de nuestros j\u00f3venes, ni siquiera si convini\u00e9semos que est\u00e1n equivocados, porque eso es la juventud y a ella le debemos que la vida no se estanque en la rutina.<\/p>\n<p style=\"text-align: justify\">Yo siempre cre\u00eda que era de izquierda, pues si de algo se preciaban los que un d\u00eda casualmente se sentaron de ese lado, por all\u00e1 en el siglo XVIII \u00a0en \u00a0la famosa asamblea francesa, es que privilegiaban el bien com\u00fan, pero ya ahora, al creer que eso est\u00e1 superado, me declaro simplemente humanista y me niego a que se mate a los j\u00f3venes de mi pa\u00eds, por expresar y pensar como quieran\u2026a ti no te mataron El\u00edas\u2026<\/p>\n<p style=\"text-align: justify\">Mira, nunca pens\u00e9 que aquella obra de Orwell sobre 1984, la ver\u00eda en mi pa\u00eds en 2014, pero una vaina si te digo El\u00edas, si la gente que est\u00e1 reclamando sus derechos en la calle, si quienes claman poder vivir tranquilamente en un pa\u00eds con un PIB como el de Suecia, si aquellos que luchan por las libertades, son fascistas, pues estoy orgullosamente con ellos\u2026<\/p>\n<p style=\"text-align: justify\">\u00bfSabes una cosa El\u00edas? A pesar de que luch\u00e9 tambi\u00e9n en contra de los gobiernos adecos y copeyanos, nunca estuve de acuerdo con tus acciones de los jueves\u2026 \u00bfSabes una cosa El\u00edas?, a pesar de que luch\u00e9 contra los gobiernos adecos y copeyanos y ustedes dijeron que ven\u00edan a cambiar todo, El\u00edas, los han dignificados, la gente los extra\u00f1a\u2026co\u00f1o El\u00edas hasta yo los extra\u00f1o, as\u00ed ser\u00e1 la cagada que han puesto\u2026<\/p>\n<p style=\"text-align: justify\">\u00bfSabes qu\u00e9 El\u00edas?, quiz\u00e1s si hubieses muerto uno de aquellos jueves hoy estar\u00edas dignamente pintado en un mural de la UCV \u00a0como h\u00e9roe estudiantil representante de sue\u00f1os y no reprimiendo, matando y justificando a un r\u00e9gimen que se mantiene en el poder gracias al pago puntual que le hace el imperio\u2026que verg\u00fcenza El\u00edas, que no hayas muerto, que no hayas quedado capucha en tierra, en el recuerdo de tantos que te vimos salir por las Tres Gracias en la consecuci\u00f3n de tus anhelos y sue\u00f1os.<\/p>\n<p style=\"text-align: justify\">Manuel Gentilicio<\/p>\n","protected":false},"excerpt":{"rendered":"<p>De tama\u00f1o peque\u00f1o y gran timidez, el estudiante universitario El\u00edas Jaua ten\u00eda una tarea pendiente que realizar todos los jueves de aquellos a\u00f1os 80 en la Universidad Central de Venezuela: salir a manifestar en contra de un gobierno capitalista y neoliberal que hipotecaba el futuro de su patria: formaba parte de aquellos llamados autodenominados 12 [&hellip;]<\/p>\n","protected":false},"author":2926,"featured_media":0,"comment_status":"open","ping_status":"open","sticky":false,"template":"","format":"standard","meta":{"jetpack_post_was_ever_published":false,"_jetpack_newsletter_access":"","_jetpack_dont_email_post_to_subs":false,"_jetpack_newsletter_tier_id":0,"_jetpack_memberships_contains_paywalled_content":false,"_jetpack_memberships_contains_paid_content":false,"footnotes":"","jetpack_publicize_message":"","jetpack_publicize_feature_enabled":true,"jetpack_social_post_already_shared":false,"jetpack_social_options":{"image_generator_settings":{"template":"highway","default_image_id":0,"font":"","enabled":false},"version":2}},"categories":[1],"tags":[],"class_list":{"0":"post-44992","1":"post","2":"type-post","3":"status-publish","4":"format-standard","6":"category-azares"},"jetpack_publicize_connections":[],"jetpack_featured_media_url":"","jetpack_shortlink":"https:\/\/wp.me\/pfpCD-bHG","jetpack_sharing_enabled":true,"_links":{"self":[{"href":"https:\/\/www.panfletonegro.com\/v\/wp-json\/wp\/v2\/posts\/44992","targetHints":{"allow":["GET"]}}],"collection":[{"href":"https:\/\/www.panfletonegro.com\/v\/wp-json\/wp\/v2\/posts"}],"about":[{"href":"https:\/\/www.panfletonegro.com\/v\/wp-json\/wp\/v2\/types\/post"}],"author":[{"embeddable":true,"href":"https:\/\/www.panfletonegro.com\/v\/wp-json\/wp\/v2\/users\/2926"}],"replies":[{"embeddable":true,"href":"https:\/\/www.panfletonegro.com\/v\/wp-json\/wp\/v2\/comments?post=44992"}],"version-history":[{"count":0,"href":"https:\/\/www.panfletonegro.com\/v\/wp-json\/wp\/v2\/posts\/44992\/revisions"}],"wp:attachment":[{"href":"https:\/\/www.panfletonegro.com\/v\/wp-json\/wp\/v2\/media?parent=44992"}],"wp:term":[{"taxonomy":"category","embeddable":true,"href":"https:\/\/www.panfletonegro.com\/v\/wp-json\/wp\/v2\/categories?post=44992"},{"taxonomy":"post_tag","embeddable":true,"href":"https:\/\/www.panfletonegro.com\/v\/wp-json\/wp\/v2\/tags?post=44992"}],"curies":[{"name":"wp","href":"https:\/\/api.w.org\/{rel}","templated":true}]}}