{"id":44970,"date":"2014-03-22T01:54:45","date_gmt":"2014-03-22T06:24:45","guid":{"rendered":"http:\/\/www.panfletonegro.com\/v\/?p=44970"},"modified":"2014-03-22T01:55:23","modified_gmt":"2014-03-22T06:25:23","slug":"y-re-encendieron-la-mecha-para","status":"publish","type":"post","link":"https:\/\/www.panfletonegro.com\/v\/2014\/03\/22\/y-re-encendieron-la-mecha-para\/","title":{"rendered":"Y RE-ENCENDIERON LA MECHA.. \u00bfPARA?"},"content":{"rendered":"<p>Comenzar\u00e9 diciendo que estas\u00a0notas\u00a0las escribo bajo el estado de buena parte de mis compatriotas: el angustioso y odioso insomnio. Pues me retumba en la cabeza -como a muchos, lo s\u00e9- una interrogante, que como yo, parece no dormir ni descansar: \u00bfqu\u00e9 pretende el gobierno con estas\u00a0nuevas acciones?, \u00bfencender de nuevo un fuego que hab\u00eda bajado la altura de sus llamaradas?, y es que cuando se estaba \u201ccalmando\u201d, para bien o para mal, la intensidad del espont\u00e1neo alboroto popular que estamos sufriendo y llevando en nuestro pa\u00eds, resulta que en medio de apagones, rumores, seis -o no s\u00e9 cuantas- horas de juicio, aparece la noticia de que han metido preso -s\u00ed, sin eufemismos- a dos alcaldes opositores electos popularmente, en los dos estados del pa\u00eds donde se hab\u00edan generado m\u00e1s protestas, muertos y heridos. Las reacciones no se hacen esperar, se reaviva la llama. De la manera m\u00e1s transparente y espont\u00e1nea la gente sale a las calles a reclamar la liberaci\u00f3n de sus mandatarios, se rearman las \u201cguarimbas\u201d, comienza el caos..<\/p>\n<p>En San Crist\u00f3bal guardias contra pueblo -para variar-, en\u00a0San Diego\u00a0pueblo contra malandros. Hablando con mayor conocimiento de causa sobre el \u00faltimo, se ordena el acuartelamiento de la Polic\u00eda Municipal, la GNB se repliega s\u00f3lo en dos puntos, comienza entonces la fiesta siniestra para los motorizados, queman en cuesti\u00f3n de minutos el supermercado m\u00e1s grande del municipio, saquean comercios -tambi\u00e9n de comida, hasta ahora-, mientras tanto los vecinos forman improvisados puntos de resistencia para evitar que prosigan los saqueos de sus tiendas cotidianas, se extiende el terror y la rabia, ya no s\u00f3lo temen por donde compran, sino tambi\u00e9n por donde viven, \u00bfy la polic\u00eda? R: bien gracias.<\/p>\n<p>Eso es una muestra de lo que se est\u00e1 viviendo, o lo que estamos viviendo, pues tambi\u00e9n pertenezco a este\u00a0municipio\u00a0donde se design\u00f3 en la ma\u00f1ana con car\u00e1cter de urgencia por parte del Concejo Municipal y en apego a la ley un alcalde encargado, esperando el pronunciamiento de la sala constitucional o tribunal, o ya ni s\u00e9 quien se encarga de qu\u00e9 en lo que a justicia respecta. Pronunciamiento que indicar\u00eda la ausencia absoluta o parcial del alcalde electo, ahora preso, por 10 meses y 15 d\u00edas. El mismo municipio que luego de leer\u00a0la noticia, vio al mediod\u00eda una alocuci\u00f3n de la rectora del CNE con cara risue\u00f1a, diciendo que en vista de la falta absoluta del alcalde, se convocar\u00e1n a nuevas elecciones.<\/p>\n<p>Volvemos entonces a la pregunta que me mantiene en desvelo, \u00bfqu\u00e9 diablos pretenden?. Lamento decir que no tengo respuesta clara, s\u00f3lo me limito a soltar hip\u00f3tesis, \u00bfacaso quiere el gobierno mostrar nuevamente su m\u00fasculo?, restregarnos nuevamente que casualmente\u00a0todos los\u00a0Poderes P\u00fablicos laboran en su beneficio, restregarnos nuevamente que pueden hacer \u201clegalmente\u201d todo lo ilegal, o es que quieren darles m\u00e1s huesos y soltarles otro poco la correa a sus sabuesos verdes que parece que\u00a0no se\u00a0han divertido lo suficiente. Eso es lo m\u00e1s relativamente veros\u00edmil que se me viene a la mente, pero vienen entonces las ideas m\u00e1s creativas -que ir\u00f3nicamente parecen las m\u00e1s pseudol\u00f3gicas-, \u00bfser\u00e1 pues que est\u00e1n terminando de acomodar el terreno para soltar el muy famoso autogolpe, y as\u00ed desencadenar sin careta alguna una dictadura militar al mejor estilo del siglo pasado?, en realidad no lo sabemos -que parece que se han convertido ya en nuestras palabras favoritas-, personalmente en medio de mis no s\u00e9s, pienso que con el descaro en la cara est\u00e1n afianzando la dictadura del siglo XXI, esta dictadura democr\u00e1tica con apoyo popular, que cada vez deja m\u00e1s anonadados a esta mitad del pueblo.<\/p>\n<p>Y en medio de esta incertidumbre generalizada, de esta tensi\u00f3n, de esta batalla, o de estaresistencia, o como se prefiera llamar, hay un grupo inmenso de venezolanos que seguimos sufriendo el papel del espectador, que act\u00faa claro est\u00e1, pero que en el fondo sabe que la salida es lejana, porque simplemente no la ve. Que con tristeza reconoce, sin querer casi, que este problema realmente no es pol\u00edtico, sino social. Que lo invade la impotencia, la tristeza, y la molestia de tener que llegar, luego de tanto pensar, a una odiosa conclusi\u00f3n expresada en dos insulsas palabras: ya veremos.<\/p>\n<p>ATTE: @Juanlvinotinto<\/p>\n","protected":false},"excerpt":{"rendered":"<p>Comenzar\u00e9 diciendo que estas\u00a0notas\u00a0las escribo bajo el estado de buena parte de mis compatriotas: el angustioso y odioso insomnio. Pues me retumba en la cabeza -como a muchos, lo s\u00e9- una interrogante, que como yo, parece no dormir ni descansar: \u00bfqu\u00e9 pretende el gobierno con estas\u00a0nuevas acciones?, \u00bfencender de nuevo un fuego que hab\u00eda bajado [&hellip;]<\/p>\n","protected":false},"author":3012,"featured_media":0,"comment_status":"open","ping_status":"open","sticky":false,"template":"","format":"standard","meta":{"jetpack_post_was_ever_published":false,"_jetpack_newsletter_access":"","_jetpack_dont_email_post_to_subs":false,"_jetpack_newsletter_tier_id":0,"_jetpack_memberships_contains_paywalled_content":false,"_jetpack_memberships_contains_paid_content":false,"footnotes":"","jetpack_publicize_message":"","jetpack_publicize_feature_enabled":true,"jetpack_social_post_already_shared":false,"jetpack_social_options":{"image_generator_settings":{"template":"highway","default_image_id":0,"font":"","enabled":false},"version":2}},"categories":[1],"tags":[],"class_list":{"0":"post-44970","1":"post","2":"type-post","3":"status-publish","4":"format-standard","6":"category-azares"},"jetpack_publicize_connections":[],"jetpack_featured_media_url":"","jetpack_shortlink":"https:\/\/wp.me\/pfpCD-bHk","jetpack_sharing_enabled":true,"_links":{"self":[{"href":"https:\/\/www.panfletonegro.com\/v\/wp-json\/wp\/v2\/posts\/44970","targetHints":{"allow":["GET"]}}],"collection":[{"href":"https:\/\/www.panfletonegro.com\/v\/wp-json\/wp\/v2\/posts"}],"about":[{"href":"https:\/\/www.panfletonegro.com\/v\/wp-json\/wp\/v2\/types\/post"}],"author":[{"embeddable":true,"href":"https:\/\/www.panfletonegro.com\/v\/wp-json\/wp\/v2\/users\/3012"}],"replies":[{"embeddable":true,"href":"https:\/\/www.panfletonegro.com\/v\/wp-json\/wp\/v2\/comments?post=44970"}],"version-history":[{"count":0,"href":"https:\/\/www.panfletonegro.com\/v\/wp-json\/wp\/v2\/posts\/44970\/revisions"}],"wp:attachment":[{"href":"https:\/\/www.panfletonegro.com\/v\/wp-json\/wp\/v2\/media?parent=44970"}],"wp:term":[{"taxonomy":"category","embeddable":true,"href":"https:\/\/www.panfletonegro.com\/v\/wp-json\/wp\/v2\/categories?post=44970"},{"taxonomy":"post_tag","embeddable":true,"href":"https:\/\/www.panfletonegro.com\/v\/wp-json\/wp\/v2\/tags?post=44970"}],"curies":[{"name":"wp","href":"https:\/\/api.w.org\/{rel}","templated":true}]}}