{"id":44791,"date":"2014-03-19T12:35:58","date_gmt":"2014-03-19T17:05:58","guid":{"rendered":"http:\/\/www.panfletonegro.com\/v\/?p=44791"},"modified":"2014-03-19T12:35:58","modified_gmt":"2014-03-19T17:05:58","slug":"como-esta-hoy-la-ucv","status":"publish","type":"post","link":"https:\/\/www.panfletonegro.com\/v\/2014\/03\/19\/como-esta-hoy-la-ucv\/","title":{"rendered":"C\u00f3mo est\u00e1 hoy la UCV"},"content":{"rendered":"<p>Ya pas\u00f3 una semana de la manifestaci\u00f3n que ocurri\u00f3 en la Puerta Tamanaco d\u00f3nde el estado utiliz\u00f3 de manera excesiva la fuerza para reprimir una manifestaci\u00f3n. 840 bombas lacrim\u00f3genas utilizaron para dispersarnos, entre ellas bombas vencidas, con raz\u00f3n hay gases que afectan de manera mas graves que otros, en esta ocasi\u00f3n utilizaron gas pimienta contra nosotros e hicieron una muestra excesiva de m\u00fasculo: 2 ballenas, 2 camiones blindados de la guardia con sus rejas anti disturbios y una cantidad excesiva de polic\u00edas nacionales y guardias nacionales. Todo eso entre la estatua de Allende y el puente que da a Plaza Venezuela.<\/p>\n<p>Tocaron un nervio: se metieron con la Central.<\/p>\n<p>Ese d\u00eda la jornada termin\u00f3 con la entrega de 4 estudiantes de la USM lo cual provoc\u00f3 la destituci\u00f3n del director de seguridad, y que la consecuencia de eso es que hoy mi\u00e9rcoles no haya un solo guardia en la universidad resguardando los espacios, por la roncha que se arm\u00f3 contra la rectora y que termina afectando a los estudiantes, ahora toda la Ciudad Universitaria si es una sola tierra de nadie.<\/p>\n<p>Pasillos vac\u00edos y callados (como es costumbre) pero con el ambiente enrarecido. La biblioteca cerrada, el Jard\u00edn Bot\u00e1nico cerrado, la universidad sin vida, me preocupa que est\u00e9 tan vac\u00eda, todo un contrasentido.<\/p>\n<p>Propiciemos un debate de altura en nuestros espacios y busquemos soluciones concretas a los problemas reales y dejemos por un momento tanta ret\u00f3rica y pongamos nuestro esfuerzo en cambiar la Universidad. El FCU se concentra en el peo a nivel nacional, pero internamente \u00bfqu\u00e9pasa? \u00bfD\u00f3nde est\u00e1n el resto del tiempo? De igual manera hago un llamado a los ucevistas a que ocupen sus espacios, yo entiendo muchas de las quejas con la dirigencia estudiantil,\u00bfpero es que ustedes esperan que alguien venga y les d\u00e9 las ordenes de lo que deben hacer? Cada qui\u00e9n que asuma su rol y actue fiel a sus principios. Por qu\u00e9 no nos concentramos en los problemas del ucevista promedio como:<\/p>\n<p>-Situaci\u00f3n del comedor<\/p>\n<p>-Condici\u00f3n de los espacios deportivos (en especial los de futbol)<\/p>\n<p>-Iluminaci\u00f3n<\/p>\n<p>-Seguridad<\/p>\n<p>S\u00e9 que podr\u00edamos caer en el ya agotado debate del problema presupuestario, de la asfixia, del problema con las autoridades, de que es culpa del estado, de que nos asfixian porqu\u00e9 no controlan el rectorado, de la renovaci\u00f3n de los cargos estudiantiles y rectorales (mientras no se negocie o discuta las condiciones de unas elecciones, discutir a fondo el 1x1x1).<\/p>\n<p>La ilumaci\u00f3n de los espacios para que deje de ser una boca del lobo por las noches los espacios de la universidad, retomar nuestros espacios y por qu\u00e9 no retomar actividades nocturnas extracurriculares como por ejemplo Cine a cielo abierto.<\/p>\n<p>Actualmente me parece mala idea dejar la universidad sola, mucha gente la verdad es lo que est\u00e1 esperando una excusa, una suspensi\u00f3n de clases, un tuit para no ir a la universidad, pero saben que? nadie luchar\u00e1 la universidad por nosotros.<\/p>\n<p>Me alegro poder hacer actividades pol\u00edticas el mi\u00e9rcoles dentro de nuestros espacios, sin sentir miedo a ser agredido por los perros que agreden (que depinga ser guapo cuando estas apoyado y protegido no? as\u00ed si es f\u00e1cil) en fin dar el debate en nuestros espacios.<\/p>\n<p>Para finalizar me parece que los estudiantes si no exigimos condiciones m\u00ednimas de seguridad no podemos tener actividades normales (antes no lo eran) bien sea plantear el debate sobre las puertas o una soluci\u00f3n al problema de la inseguridad, ya qu\u00e9 los trapos calientes ya se enfriaron.<\/p>\n<p>Cuantos muertos por delincuencia hacen falta en nuestros espacios para qu\u00e9 alguien haga algo? que podemos hacer nosotros cuando nos amenazan con pistolas? (delincuencia y violencia pol\u00edtica), los polic\u00edas que estaban en las entradas de la universidad ya no est\u00e1n, qui\u00e9n nos defiende? Movamos la mata de ser necesario, a nivel administrativo, de autoridades, estudiantil y bueno a mis ojos es m\u00e1s complicada la situaci\u00f3n con los obreros.<\/p>\n<p>&nbsp;<\/p>\n","protected":false},"excerpt":{"rendered":"<p>Ya pas\u00f3 una semana de la manifestaci\u00f3n que ocurri\u00f3 en la Puerta Tamanaco d\u00f3nde el estado utiliz\u00f3 de manera excesiva la fuerza para reprimir una manifestaci\u00f3n. 840 bombas lacrim\u00f3genas utilizaron para dispersarnos, entre ellas bombas vencidas, con raz\u00f3n hay gases que afectan de manera mas graves que otros, en esta ocasi\u00f3n utilizaron gas pimienta contra [&hellip;]<\/p>\n","protected":false},"author":2997,"featured_media":0,"comment_status":"open","ping_status":"open","sticky":false,"template":"","format":"standard","meta":{"jetpack_post_was_ever_published":false,"_jetpack_newsletter_access":"","_jetpack_dont_email_post_to_subs":false,"_jetpack_newsletter_tier_id":0,"_jetpack_memberships_contains_paywalled_content":false,"_jetpack_memberships_contains_paid_content":false,"footnotes":"","jetpack_publicize_message":"","jetpack_publicize_feature_enabled":true,"jetpack_social_post_already_shared":false,"jetpack_social_options":{"image_generator_settings":{"template":"highway","default_image_id":0,"font":"","enabled":false},"version":2}},"categories":[1],"tags":[],"class_list":{"0":"post-44791","1":"post","2":"type-post","3":"status-publish","4":"format-standard","6":"category-azares"},"jetpack_publicize_connections":[],"jetpack_featured_media_url":"","jetpack_shortlink":"https:\/\/wp.me\/pfpCD-bEr","jetpack_sharing_enabled":true,"_links":{"self":[{"href":"https:\/\/www.panfletonegro.com\/v\/wp-json\/wp\/v2\/posts\/44791","targetHints":{"allow":["GET"]}}],"collection":[{"href":"https:\/\/www.panfletonegro.com\/v\/wp-json\/wp\/v2\/posts"}],"about":[{"href":"https:\/\/www.panfletonegro.com\/v\/wp-json\/wp\/v2\/types\/post"}],"author":[{"embeddable":true,"href":"https:\/\/www.panfletonegro.com\/v\/wp-json\/wp\/v2\/users\/2997"}],"replies":[{"embeddable":true,"href":"https:\/\/www.panfletonegro.com\/v\/wp-json\/wp\/v2\/comments?post=44791"}],"version-history":[{"count":0,"href":"https:\/\/www.panfletonegro.com\/v\/wp-json\/wp\/v2\/posts\/44791\/revisions"}],"wp:attachment":[{"href":"https:\/\/www.panfletonegro.com\/v\/wp-json\/wp\/v2\/media?parent=44791"}],"wp:term":[{"taxonomy":"category","embeddable":true,"href":"https:\/\/www.panfletonegro.com\/v\/wp-json\/wp\/v2\/categories?post=44791"},{"taxonomy":"post_tag","embeddable":true,"href":"https:\/\/www.panfletonegro.com\/v\/wp-json\/wp\/v2\/tags?post=44791"}],"curies":[{"name":"wp","href":"https:\/\/api.w.org\/{rel}","templated":true}]}}