{"id":44513,"date":"2014-03-13T23:01:35","date_gmt":"2014-03-14T03:31:35","guid":{"rendered":"http:\/\/www.panfletonegro.com\/v\/?p=44513"},"modified":"2014-03-14T09:30:09","modified_gmt":"2014-03-14T14:00:09","slug":"si-los-arboles-votaran","status":"publish","type":"post","link":"https:\/\/www.panfletonegro.com\/v\/2014\/03\/13\/si-los-arboles-votaran\/","title":{"rendered":"Si los \u00c1rboles Votaran"},"content":{"rendered":"<p><a href=\"https:\/\/i0.wp.com\/www.panfletonegro.com\/v\/wp-content\/uploads\/2014\/03\/Guarimba.jpg\"><img data-recalc-dims=\"1\" loading=\"lazy\" decoding=\"async\" data-attachment-id=\"44514\" data-permalink=\"https:\/\/www.panfletonegro.com\/v\/2014\/03\/13\/si-los-arboles-votaran\/guarimba\/\" data-orig-file=\"https:\/\/i0.wp.com\/www.panfletonegro.com\/v\/wp-content\/uploads\/2014\/03\/Guarimba.jpg?fit=510%2C258&amp;ssl=1\" data-orig-size=\"510,258\" data-comments-opened=\"1\" data-image-meta=\"{&quot;aperture&quot;:&quot;0&quot;,&quot;credit&quot;:&quot;&quot;,&quot;camera&quot;:&quot;&quot;,&quot;caption&quot;:&quot;&quot;,&quot;created_timestamp&quot;:&quot;0&quot;,&quot;copyright&quot;:&quot;&quot;,&quot;focal_length&quot;:&quot;0&quot;,&quot;iso&quot;:&quot;0&quot;,&quot;shutter_speed&quot;:&quot;0&quot;,&quot;title&quot;:&quot;&quot;}\" data-image-title=\"Guarimba\" data-image-description=\"\" data-image-caption=\"\" data-large-file=\"https:\/\/i0.wp.com\/www.panfletonegro.com\/v\/wp-content\/uploads\/2014\/03\/Guarimba.jpg?fit=510%2C258&amp;ssl=1\" class=\"size-full wp-image-44514 aligncenter\" alt=\"Guarimba\" src=\"https:\/\/i0.wp.com\/www.panfletonegro.com\/v\/wp-content\/uploads\/2014\/03\/Guarimba.jpg?resize=510%2C258\" width=\"510\" height=\"258\" srcset=\"https:\/\/i0.wp.com\/www.panfletonegro.com\/v\/wp-content\/uploads\/2014\/03\/Guarimba.jpg?w=510&amp;ssl=1 510w, https:\/\/i0.wp.com\/www.panfletonegro.com\/v\/wp-content\/uploads\/2014\/03\/Guarimba.jpg?resize=320%2C161&amp;ssl=1 320w, https:\/\/i0.wp.com\/www.panfletonegro.com\/v\/wp-content\/uploads\/2014\/03\/Guarimba.jpg?resize=145%2C73&amp;ssl=1 145w, https:\/\/i0.wp.com\/www.panfletonegro.com\/v\/wp-content\/uploads\/2014\/03\/Guarimba.jpg?resize=495%2C250&amp;ssl=1 495w\" sizes=\"auto, (max-width: 510px) 100vw, 510px\" \/><\/a><\/p>\n<p>Durante estos d\u00edas de protesta he estado en la calle, asistido a diversas concentraciones, aspirado el famoso \u201cgas del bueno\u201d, llevado insumos m\u00e9dicos para que se atiendan a los heridos, caminado decenas de kil\u00f3metros en marchas y escrito art\u00edculos. Y les comento todo esto no porque me guste decirlo, sino para darles a entender que considero que tengo la potestad de criticar las cosas que me parecen est\u00e1n mal en la estrategia de protesta opositora.<\/p>\n<p>La molestia e indignaci\u00f3n acumulada durante 15 a\u00f1os ha hecho que peque\u00f1os grupos se valgan de la tala indiscriminada para fortalecer sus barricadas. Yo no soy ambientalista, nunca lo he sido y dudo que lo vaya a ser. Conozco si acaso 3 tipos de \u00e1rbol y eso gracias a un par de programas de Discovery que he visto al respecto. Ni siquiera recuerdo la \u00faltima vez que sembr\u00e9 uno (mala m\u00eda). En fin, no act\u00fao directamente en ese tipo de causas pero las respeto, y por lo tanto critico fuertemente la tala innecesaria de \u00e1rboles bajo pobres excusas como \u201clas ramas crecen\u201d, o la mejor de todas: \u201chay que hacer ciertos sacrificios\u201d para la cual me imagino que si un \u00e1rbol pudiese hablar dir\u00eda algo como: \u201cpero si hay que hacer sacrificios, pon tu carro, pero no me jodas a m\u00ed\u201d.<\/p>\n<p>Qu\u00e9 sabroso es hablar de sacrificios, cuando lo sacrificado no es tuyo.<\/p>\n<p>Como no pertenezco a ning\u00fan movimiento ambientalista, detecto un problema en esto que no es solo lo evidentemente moral (una persona que tala un \u00e1rbol de su ciudad pudiendo poner otra cosa, claramente carece de sensibilidad hacia el patrimonio social) sino que va m\u00e1s all\u00e1: lo estrat\u00e9gico. La polit\u00f3loga estadounidense Erica Chenoweth en su libro <i>Why Civil Resistance Works: The Strategic Logic of Nonviolent Conflict<\/i>, apoy\u00e1ndose en una investigaci\u00f3n basada en cientos de protestas en un rango de m\u00e1s de 100 a\u00f1os en todo el globo, asegura que una manifestaci\u00f3n no violenta tiene seis veces m\u00e1s probabilidades de \u00e9xito que una violenta, y una de las razones que menciona es que la protesta no violenta genera m\u00e1s aceptaci\u00f3n entre la gente, incluyendo aquellos que en un principio quiz\u00e1s no estaban de acuerdo con la manifestaci\u00f3n.<\/p>\n<p>En el momento en el que una protesta realiza actos de dudosa legitimidad (como en nuestro caso, cortar \u00e1rboles), comienza no solo a perder credibilidad, sino tambi\u00e9n a perder adeptos: los manifestantes comienzan a dividirse porque muchos (de hecho la mayor\u00eda) no est\u00e1n de acuerdo con esas acciones.<\/p>\n<p>No es solo el hecho de que est\u00e1s talando un \u00e1rbol, va mucho m\u00e1s all\u00e1: \u00bfc\u00f3mo apoyar a un grupo de personas que te ataca, o en los mejores casos te ignora, por sugerir no talar cuando se suponen son de t\u00fa equipo? Si obvian a los suyos hoy, \u00bfqu\u00e9 podemos esperar si llegasen alguna vez al poder?<\/p>\n<p>Afortunadamente, es un grupo peque\u00f1o, pero lamentablemente pesa bastante, y tiene el suficiente calibre como para quitarle credibilidad y restarle organizaci\u00f3n a una protesta que muchos estamos tratando de que sea no violenta.<\/p>\n<p>Debemos aprender a protestar (s\u00ed amigo lector, eso se aprende), ser meticulosos, inteligentes y organizados. Yo tambi\u00e9n estoy molesto, muy molesto por estos a\u00f1os, pero eso no quiere decir que dejar\u00e9 que las pasiones me manejen, que pasen por encima del autocontrol. Si no entiendes que eso est\u00e1 mal por lo moral, por lo menos enti\u00e9ndelo por lo t\u00e1ctico.<\/p>\n<p>Sea como sea, algo es claro: si los \u00e1rboles pudiesen votar, hoy, sin duda alguna, no votar\u00edan por nosotros.<\/p>\n<p>&nbsp;<\/p>\n<p align=\"right\">Neom\u00e1n Rinc\u00f3n Navea<\/p>\n<p align=\"right\">Profesor Universitario, mago, comediante y locuto<\/p>\n<p align=\"right\">Generaci\u00f3n del 14<\/p>\n<p align=\"right\"><a href=\"mailto:epaleneoshow@gmail.com\">epaleneoshow@gmail.com<\/a><\/p>\n<p align=\"right\">@EpaleNeo<\/p>\n<p align=\"right\">11 de marzo de 2014<\/p>\n<p>&nbsp;<\/p>\n","protected":false},"excerpt":{"rendered":"<p>Durante estos d\u00edas de protesta he estado en la calle, asistido a diversas concentraciones, aspirado el famoso \u201cgas del bueno\u201d, llevado insumos m\u00e9dicos para que se atiendan a los heridos, caminado decenas de kil\u00f3metros en marchas y escrito art\u00edculos. Y les comento todo esto no porque me guste decirlo, sino para darles a entender que [&hellip;]<\/p>\n","protected":false},"author":2880,"featured_media":44514,"comment_status":"open","ping_status":"open","sticky":false,"template":"","format":"standard","meta":{"jetpack_post_was_ever_published":false,"_jetpack_newsletter_access":"","_jetpack_dont_email_post_to_subs":false,"_jetpack_newsletter_tier_id":0,"_jetpack_memberships_contains_paywalled_content":false,"_jetpack_memberships_contains_paid_content":false,"footnotes":"","jetpack_publicize_message":"","jetpack_publicize_feature_enabled":true,"jetpack_social_post_already_shared":false,"jetpack_social_options":{"image_generator_settings":{"template":"highway","default_image_id":0,"font":"","enabled":false},"version":2}},"categories":[1],"tags":[],"class_list":{"0":"post-44513","1":"post","2":"type-post","3":"status-publish","4":"format-standard","5":"has-post-thumbnail","7":"category-azares"},"jetpack_publicize_connections":[],"jetpack_featured_media_url":"https:\/\/i0.wp.com\/www.panfletonegro.com\/v\/wp-content\/uploads\/2014\/03\/Guarimba.jpg?fit=510%2C258&ssl=1","jetpack_shortlink":"https:\/\/wp.me\/pfpCD-bzX","jetpack_sharing_enabled":true,"_links":{"self":[{"href":"https:\/\/www.panfletonegro.com\/v\/wp-json\/wp\/v2\/posts\/44513","targetHints":{"allow":["GET"]}}],"collection":[{"href":"https:\/\/www.panfletonegro.com\/v\/wp-json\/wp\/v2\/posts"}],"about":[{"href":"https:\/\/www.panfletonegro.com\/v\/wp-json\/wp\/v2\/types\/post"}],"author":[{"embeddable":true,"href":"https:\/\/www.panfletonegro.com\/v\/wp-json\/wp\/v2\/users\/2880"}],"replies":[{"embeddable":true,"href":"https:\/\/www.panfletonegro.com\/v\/wp-json\/wp\/v2\/comments?post=44513"}],"version-history":[{"count":0,"href":"https:\/\/www.panfletonegro.com\/v\/wp-json\/wp\/v2\/posts\/44513\/revisions"}],"wp:featuredmedia":[{"embeddable":true,"href":"https:\/\/www.panfletonegro.com\/v\/wp-json\/wp\/v2\/media\/44514"}],"wp:attachment":[{"href":"https:\/\/www.panfletonegro.com\/v\/wp-json\/wp\/v2\/media?parent=44513"}],"wp:term":[{"taxonomy":"category","embeddable":true,"href":"https:\/\/www.panfletonegro.com\/v\/wp-json\/wp\/v2\/categories?post=44513"},{"taxonomy":"post_tag","embeddable":true,"href":"https:\/\/www.panfletonegro.com\/v\/wp-json\/wp\/v2\/tags?post=44513"}],"curies":[{"name":"wp","href":"https:\/\/api.w.org\/{rel}","templated":true}]}}