{"id":44302,"date":"2014-03-12T14:06:28","date_gmt":"2014-03-12T18:36:28","guid":{"rendered":"http:\/\/www.panfletonegro.com\/v\/?p=44302"},"modified":"2014-03-12T16:11:35","modified_gmt":"2014-03-12T20:41:35","slug":"las-guarimbas-como-leitmotiv","status":"publish","type":"post","link":"https:\/\/www.panfletonegro.com\/v\/2014\/03\/12\/las-guarimbas-como-leitmotiv\/","title":{"rendered":"Las Guarimbas como leitmotiv"},"content":{"rendered":"<p><a href=\"http:\/\/www.panfletonegro.com\/v\/2014\/03\/12\/las-guarimbas-como-leitmotiv\/biizlpgceaasbce\/\" rel=\"attachment wp-att-44304\"><img data-recalc-dims=\"1\" loading=\"lazy\" decoding=\"async\" data-attachment-id=\"44304\" data-permalink=\"https:\/\/www.panfletonegro.com\/v\/2014\/03\/12\/las-guarimbas-como-leitmotiv\/biizlpgceaasbce\/\" data-orig-file=\"https:\/\/i0.wp.com\/www.panfletonegro.com\/v\/wp-content\/uploads\/2014\/03\/BiizlpGCEAAsbCe.jpg?fit=599%2C804&amp;ssl=1\" data-orig-size=\"599,804\" data-comments-opened=\"1\" data-image-meta=\"{&quot;aperture&quot;:&quot;0&quot;,&quot;credit&quot;:&quot;&quot;,&quot;camera&quot;:&quot;&quot;,&quot;caption&quot;:&quot;&quot;,&quot;created_timestamp&quot;:&quot;0&quot;,&quot;copyright&quot;:&quot;&quot;,&quot;focal_length&quot;:&quot;0&quot;,&quot;iso&quot;:&quot;0&quot;,&quot;shutter_speed&quot;:&quot;0&quot;,&quot;title&quot;:&quot;&quot;}\" data-image-title=\"BiizlpGCEAAsbCe\" data-image-description=\"\" data-image-caption=\"\" data-large-file=\"https:\/\/i0.wp.com\/www.panfletonegro.com\/v\/wp-content\/uploads\/2014\/03\/BiizlpGCEAAsbCe.jpg?fit=599%2C804&amp;ssl=1\" class=\"aligncenter size-medium wp-image-44304\" alt=\"BiizlpGCEAAsbCe\" src=\"https:\/\/i0.wp.com\/www.panfletonegro.com\/v\/wp-content\/uploads\/2014\/03\/BiizlpGCEAAsbCe-476x640.jpg?resize=476%2C640\" width=\"476\" height=\"640\" srcset=\"https:\/\/i0.wp.com\/www.panfletonegro.com\/v\/wp-content\/uploads\/2014\/03\/BiizlpGCEAAsbCe.jpg?resize=476%2C640&amp;ssl=1 476w, https:\/\/i0.wp.com\/www.panfletonegro.com\/v\/wp-content\/uploads\/2014\/03\/BiizlpGCEAAsbCe.jpg?resize=320%2C429&amp;ssl=1 320w, https:\/\/i0.wp.com\/www.panfletonegro.com\/v\/wp-content\/uploads\/2014\/03\/BiizlpGCEAAsbCe.jpg?resize=145%2C194&amp;ssl=1 145w, https:\/\/i0.wp.com\/www.panfletonegro.com\/v\/wp-content\/uploads\/2014\/03\/BiizlpGCEAAsbCe.jpg?resize=495%2C664&amp;ssl=1 495w, https:\/\/i0.wp.com\/www.panfletonegro.com\/v\/wp-content\/uploads\/2014\/03\/BiizlpGCEAAsbCe.jpg?w=599&amp;ssl=1 599w\" sizes=\"auto, (max-width: 476px) 100vw, 476px\" \/><\/a><\/p>\n<p>Lo que ha venido pasando en Venezuela desde mas o menos el 4 de febrero en T\u00e1chira, que luego se extendi\u00f3 a todo el pa\u00eds, a convertido a cada venezolano en un agudo analista pol\u00edtico.<\/p>\n<p>Cada persona que encontramos en la calle, tiene su versi\u00f3n de estos sucesos, no una simple opini\u00f3n basada en los hechos, si no un an\u00e1lisis completo, uno casi puede o\u00edr en su disertaci\u00f3n las citas y la bibliograf\u00eda apropiada.<\/p>\n<p>Aqu\u00ed en panfleto desde m\u00e1s o menos el 12 de febrero se han publicado un promedio de nueve art\u00edculos diarios sobre el tema, algunos m\u00e1s acertados que otros, casi lo mismo que vemos en la conversaci\u00f3n diaria. Por lo menos aqu\u00ed nadie ha tenido el valor de escribir sobre las versiones m\u00e1s alocadas, que se pueden encontrar en twitter.<\/p>\n<p>Lo mas extra\u00f1o de todo es, que casi sin excepci\u00f3n todos piensan que\u00a0 tienen la verdad.<\/p>\n<p>Evidentemente estoy hablando\u00a0 de quienes adversamos a este gobierno. De parte del gobierno, tienen una versi\u00f3n unidimensional de lo que pasa, el Imperio y la derecha mundial, es casi un relato paranoico de la realidad, el t\u00edpico \u201cellos\u201d de los delirios paranoicos.<\/p>\n<p>Toda la derecha mundial, un enemigo poderoso, miles de millones de personas en todo el mundo atenta contra la pobre y desvalida revoluci\u00f3n, buscando la simpat\u00eda autom\u00e1tica as\u00eda el mas d\u00e9bil que se ve avasallado por el gigante. El relato de David y Goliat \u00a0empacado como pol\u00edtica comunicacional de un gobierno, para venderla al exterior, y buscar su apoyo ante las agresiones, torturas y asesinatos que comete contra un pueblo desarmado. Y ellos son las victimas de los poderosos.<\/p>\n<p>Antes esa pobreza de an\u00e1lisis de parte del gobierno, en el otro lado las versiones proliferan como hierbas malas en plena estaci\u00f3n lluviosa.<\/p>\n<p><a href=\"http:\/\/www.panfletonegro.com\/v\/2014\/03\/12\/las-guarimbas-como-leitmotiv\/tumblr_n0rnayh0op1qlq9poo1_1280\/\" rel=\"attachment wp-att-44306\"><img data-recalc-dims=\"1\" loading=\"lazy\" decoding=\"async\" data-attachment-id=\"44306\" data-permalink=\"https:\/\/www.panfletonegro.com\/v\/2014\/03\/12\/las-guarimbas-como-leitmotiv\/tumblr_n0rnayh0op1qlq9poo1_1280\/\" data-orig-file=\"https:\/\/i0.wp.com\/www.panfletonegro.com\/v\/wp-content\/uploads\/2014\/03\/tumblr_n0rnayh0op1qlq9poo1_1280.jpg?fit=640%2C426&amp;ssl=1\" data-orig-size=\"640,426\" data-comments-opened=\"1\" data-image-meta=\"{&quot;aperture&quot;:&quot;0&quot;,&quot;credit&quot;:&quot;&quot;,&quot;camera&quot;:&quot;&quot;,&quot;caption&quot;:&quot;&quot;,&quot;created_timestamp&quot;:&quot;0&quot;,&quot;copyright&quot;:&quot;&quot;,&quot;focal_length&quot;:&quot;0&quot;,&quot;iso&quot;:&quot;0&quot;,&quot;shutter_speed&quot;:&quot;0&quot;,&quot;title&quot;:&quot;&quot;}\" data-image-title=\"tumblr_n0rnayh0op1qlq9poo1_1280\" data-image-description=\"\" data-image-caption=\"\" data-large-file=\"https:\/\/i0.wp.com\/www.panfletonegro.com\/v\/wp-content\/uploads\/2014\/03\/tumblr_n0rnayh0op1qlq9poo1_1280.jpg?fit=640%2C426&amp;ssl=1\" class=\"aligncenter size-full wp-image-44306\" alt=\"tumblr_n0rnayh0op1qlq9poo1_1280\" src=\"https:\/\/i0.wp.com\/www.panfletonegro.com\/v\/wp-content\/uploads\/2014\/03\/tumblr_n0rnayh0op1qlq9poo1_1280.jpg?resize=640%2C426\" width=\"640\" height=\"426\" srcset=\"https:\/\/i0.wp.com\/www.panfletonegro.com\/v\/wp-content\/uploads\/2014\/03\/tumblr_n0rnayh0op1qlq9poo1_1280.jpg?w=640&amp;ssl=1 640w, https:\/\/i0.wp.com\/www.panfletonegro.com\/v\/wp-content\/uploads\/2014\/03\/tumblr_n0rnayh0op1qlq9poo1_1280.jpg?resize=320%2C213&amp;ssl=1 320w, https:\/\/i0.wp.com\/www.panfletonegro.com\/v\/wp-content\/uploads\/2014\/03\/tumblr_n0rnayh0op1qlq9poo1_1280.jpg?resize=145%2C96&amp;ssl=1 145w, https:\/\/i0.wp.com\/www.panfletonegro.com\/v\/wp-content\/uploads\/2014\/03\/tumblr_n0rnayh0op1qlq9poo1_1280.jpg?resize=495%2C329&amp;ssl=1 495w\" sizes=\"auto, (max-width: 640px) 100vw, 640px\" \/><\/a><\/p>\n<p>II<\/p>\n<p>\u00bfC\u00f3mo nos convertimos en analistas pol\u00edticos? La principal causa, es el bloqueo informativo. Todas las televisoras est\u00e1n fuertemente censuradas, en los peri\u00f3dicos hay una peque\u00f1a apertura, pero no muestra todo lo que esta pasando, y la mayor\u00eda de nosotros hablamos sin conocer los hechos. La din\u00e1mica que existen en esas Guarimbas. Uno de los pocos art\u00edculos que hacen un intento de aproximarse a estos\u00a0 es el articulo de <a href=\" http:\/\/prodavinci.com\/2014\/03\/08\/actualidad\/febrero-los-pumas-tiemblan-de-colera-por-rodrigo-blanco-calderon\/\">Rodrigo calder\u00f3n en prodavinci,<\/a> el cual\u00a0 solo toma dos ejemplos, eso no podemos decir que sea una muestra representativa de nada, sus conclusiones por lo tanto no tienen valor \u00bfCu\u00e1ntos j\u00f3venes participan en esas protestas? Nadie lo sabe con certeza, mas de 100 y menos de 300 seria una aproximaci\u00f3n, dos personas no son representativos de todos ellos.<\/p>\n<p>Pero por lo menos es un intento valido de ver los hechos, algo que la mayor\u00eda de nosotros no hacemos cuando hacemos nuestros agudos an\u00e1lisis, vemos el salvajismo de la GN y la polic\u00eda al arremeter contra ellos, en fotos y videos, pero no comprendemos a las personas que est\u00e1n siendo torturadas y hasta asesinadas, por mantener su protesta, no podemos descalificar a sus integrantes sin conocer los motivos que los hace ir a ese enfrentamiento diario.<\/p>\n<p>Y ah\u00ed esta el quid de los acontecimientos. No puede ser simple frivolidad, ni el que no tienen nada que hacer. No es un deporte, el asunto es grave, las probabilidades de ser heridos o hasta muerto son altas. Tiene que ser algo mas profundo.<\/p>\n<p>Y es por esa raz\u00f3n que los art\u00edculos de los verdaderos analistas pol\u00edticos no dejan insatisfechos. Con un vacio de que falta algo mas.<\/p>\n<p><a href=\"http:\/\/www.panfletonegro.com\/v\/2014\/03\/12\/las-guarimbas-como-leitmotiv\/1625503_10152029220098722_36175803_n\/\" rel=\"attachment wp-att-44307\"><img data-recalc-dims=\"1\" loading=\"lazy\" decoding=\"async\" data-attachment-id=\"44307\" data-permalink=\"https:\/\/www.panfletonegro.com\/v\/2014\/03\/12\/las-guarimbas-como-leitmotiv\/1625503_10152029220098722_36175803_n\/\" data-orig-file=\"https:\/\/i0.wp.com\/www.panfletonegro.com\/v\/wp-content\/uploads\/2014\/03\/1625503_10152029220098722_36175803_n.jpg?fit=960%2C637&amp;ssl=1\" data-orig-size=\"960,637\" data-comments-opened=\"1\" data-image-meta=\"{&quot;aperture&quot;:&quot;0&quot;,&quot;credit&quot;:&quot;&quot;,&quot;camera&quot;:&quot;&quot;,&quot;caption&quot;:&quot;&quot;,&quot;created_timestamp&quot;:&quot;0&quot;,&quot;copyright&quot;:&quot;&quot;,&quot;focal_length&quot;:&quot;0&quot;,&quot;iso&quot;:&quot;0&quot;,&quot;shutter_speed&quot;:&quot;0&quot;,&quot;title&quot;:&quot;&quot;}\" data-image-title=\"1625503_10152029220098722_36175803_n\" data-image-description=\"\" data-image-caption=\"\" data-large-file=\"https:\/\/i0.wp.com\/www.panfletonegro.com\/v\/wp-content\/uploads\/2014\/03\/1625503_10152029220098722_36175803_n.jpg?fit=696%2C462&amp;ssl=1\" class=\"aligncenter size-medium wp-image-44307\" alt=\"1625503_10152029220098722_36175803_n\" src=\"https:\/\/i0.wp.com\/www.panfletonegro.com\/v\/wp-content\/uploads\/2014\/03\/1625503_10152029220098722_36175803_n-640x424.jpg?resize=640%2C424\" width=\"640\" height=\"424\" srcset=\"https:\/\/i0.wp.com\/www.panfletonegro.com\/v\/wp-content\/uploads\/2014\/03\/1625503_10152029220098722_36175803_n.jpg?resize=640%2C424&amp;ssl=1 640w, https:\/\/i0.wp.com\/www.panfletonegro.com\/v\/wp-content\/uploads\/2014\/03\/1625503_10152029220098722_36175803_n.jpg?resize=320%2C212&amp;ssl=1 320w, https:\/\/i0.wp.com\/www.panfletonegro.com\/v\/wp-content\/uploads\/2014\/03\/1625503_10152029220098722_36175803_n.jpg?resize=145%2C96&amp;ssl=1 145w, https:\/\/i0.wp.com\/www.panfletonegro.com\/v\/wp-content\/uploads\/2014\/03\/1625503_10152029220098722_36175803_n.jpg?resize=495%2C328&amp;ssl=1 495w, https:\/\/i0.wp.com\/www.panfletonegro.com\/v\/wp-content\/uploads\/2014\/03\/1625503_10152029220098722_36175803_n.jpg?resize=670%2C444&amp;ssl=1 670w, https:\/\/i0.wp.com\/www.panfletonegro.com\/v\/wp-content\/uploads\/2014\/03\/1625503_10152029220098722_36175803_n.jpg?w=960&amp;ssl=1 960w\" sizes=\"auto, (max-width: 640px) 100vw, 640px\" \/><\/a><\/p>\n<p>Las razones para protestar son demasiadas, tenemos razones para estar indignados, pero estos hechos han sobrepasado a los analistas pol\u00edticos m\u00e1s agudos y por supuesto a todos nosotros.<\/p>\n<p>Cuando comenzaron a ser generalizadas, muchos no le dieron mas de dos semanas de vida, yo mismo pens\u00e9 hace una semana que todo se hab\u00eda perdido al Altamirarcer la protesta. Pero hoy 12 de marzo esta tan viva como nunca, las agresiones criminales de la GN junto con los grupos paramilitares chavistas arrecieron de manera uniforme por el pa\u00eds.<\/p>\n<p>Dispara balas contra edificios de habitaciones, y contra los manifestantes ya como pol\u00edtica de estado con el \u00fanico fin de amedrentar a las personas, y cejen en la protesta.<\/p>\n<p>Eso no ha sucedido.<\/p>\n<p>Dej\u00e1ndonos a todos sin comprender lo que en realidad sucede, y no tanto a nosotros lo que sabemos del car\u00e1cter fascista de este gobierno, si no a los mismos esbirros del gobierno.<\/p>\n<p>Como muchos pens\u00e9, que estas protestas durar\u00edan menos y nos dejar\u00edan un sabor amargo en la boca, ya que no se lograr\u00edan nada. Y no fui el \u00fanico que pens\u00f3 eso, muchos tambi\u00e9n lo pensaron. La din\u00e1mica de estas protestas han superado a todos los analistas y tambi\u00e9n a nosotros mismos, los que salimos a marchas y concentraciones en todo el pa\u00eds.<\/p>\n<p>Es una rebeli\u00f3n generalizada, que nadie en realidad sabe lo que quiere, solo sabe que esta situaci\u00f3n, no puede continuar y no la queremos, si eso pasa por la renuncia de maduro, que sea de esa manera, pero lo \u00fanico que he sacado en conclusi\u00f3n es que esto NO lo queremos, no queremos vivir con miedo a que nos asalten, nos secuestren o nos maten, con total impunidad. No queremos\u00a0 que nuestro dinero valga cada d\u00eda menos, por la inflaci\u00f3n.<\/p>\n<p>Queremos retomar esa antigua costumbre venezolana de tomar en las tardes un caf\u00e9 con leche, pero no conseguimos el az\u00facar, ni la leche y menos el caf\u00e9.<\/p>\n<p>Para mi las Guarimbas representan el caf\u00e9 con leche, y todo lo que ello implica.<\/p>\n<p>Todos estamos equivocados, pero nos cuesta admitir que esta situaci\u00f3n nos ha sobrepasado<\/p>\n","protected":false},"excerpt":{"rendered":"<p>Lo que ha venido pasando en Venezuela desde mas o menos el 4 de febrero en T\u00e1chira, que luego se extendi\u00f3 a todo el pa\u00eds, a convertido a cada venezolano en un agudo analista pol\u00edtico. Cada persona que encontramos en la calle, tiene su versi\u00f3n de estos sucesos, no una simple opini\u00f3n basada en los [&hellip;]<\/p>\n","protected":false},"author":1033,"featured_media":44304,"comment_status":"open","ping_status":"open","sticky":false,"template":"","format":"standard","meta":{"jetpack_post_was_ever_published":false,"_jetpack_newsletter_access":"","_jetpack_dont_email_post_to_subs":false,"_jetpack_newsletter_tier_id":0,"_jetpack_memberships_contains_paywalled_content":false,"_jetpack_memberships_contains_paid_content":false,"footnotes":"","jetpack_publicize_message":"","jetpack_publicize_feature_enabled":true,"jetpack_social_post_already_shared":false,"jetpack_social_options":{"image_generator_settings":{"template":"highway","default_image_id":0,"font":"","enabled":false},"version":2}},"categories":[6],"tags":[],"class_list":{"0":"post-44302","1":"post","2":"type-post","3":"status-publish","4":"format-standard","5":"has-post-thumbnail","7":"category-confesionario"},"jetpack_publicize_connections":[],"jetpack_featured_media_url":"https:\/\/i0.wp.com\/www.panfletonegro.com\/v\/wp-content\/uploads\/2014\/03\/BiizlpGCEAAsbCe.jpg?fit=599%2C804&ssl=1","jetpack_shortlink":"https:\/\/wp.me\/pfpCD-bwy","jetpack_sharing_enabled":true,"_links":{"self":[{"href":"https:\/\/www.panfletonegro.com\/v\/wp-json\/wp\/v2\/posts\/44302","targetHints":{"allow":["GET"]}}],"collection":[{"href":"https:\/\/www.panfletonegro.com\/v\/wp-json\/wp\/v2\/posts"}],"about":[{"href":"https:\/\/www.panfletonegro.com\/v\/wp-json\/wp\/v2\/types\/post"}],"author":[{"embeddable":true,"href":"https:\/\/www.panfletonegro.com\/v\/wp-json\/wp\/v2\/users\/1033"}],"replies":[{"embeddable":true,"href":"https:\/\/www.panfletonegro.com\/v\/wp-json\/wp\/v2\/comments?post=44302"}],"version-history":[{"count":0,"href":"https:\/\/www.panfletonegro.com\/v\/wp-json\/wp\/v2\/posts\/44302\/revisions"}],"wp:featuredmedia":[{"embeddable":true,"href":"https:\/\/www.panfletonegro.com\/v\/wp-json\/wp\/v2\/media\/44304"}],"wp:attachment":[{"href":"https:\/\/www.panfletonegro.com\/v\/wp-json\/wp\/v2\/media?parent=44302"}],"wp:term":[{"taxonomy":"category","embeddable":true,"href":"https:\/\/www.panfletonegro.com\/v\/wp-json\/wp\/v2\/categories?post=44302"},{"taxonomy":"post_tag","embeddable":true,"href":"https:\/\/www.panfletonegro.com\/v\/wp-json\/wp\/v2\/tags?post=44302"}],"curies":[{"name":"wp","href":"https:\/\/api.w.org\/{rel}","templated":true}]}}