{"id":44273,"date":"2014-03-11T23:34:43","date_gmt":"2014-03-12T04:04:43","guid":{"rendered":"http:\/\/www.panfletonegro.com\/v\/?p=44273"},"modified":"2014-03-11T23:36:19","modified_gmt":"2014-03-12T04:06:19","slug":"aqui-como-los-locos-reflexiones","status":"publish","type":"post","link":"https:\/\/www.panfletonegro.com\/v\/2014\/03\/11\/aqui-como-los-locos-reflexiones\/","title":{"rendered":"Aqu\u00ed como los locos&#8230;(Reflexiones)"},"content":{"rendered":"<p>Aqu\u00ed como los locos&#8230; \u00bfY si la inestabilidad pol\u00edtica que sufri\u00f3 Carlos Andr\u00e9s P\u00e9rez tras la aplicaci\u00f3n del paquete \u00abneoliberal\u00bb del FMI para rescatar la debilitada econom\u00eda Venezolana golpeada por la p\u00e9sima administraci\u00f3n de sus predecesores (con pol\u00edticas poco populares como: incremento del precio de la gasolina, control cambiario (RECADI), devaluaci\u00f3n monetaria, control de precios, inflaci\u00f3n, enorme gasto p\u00fablico, corrupci\u00f3n, etc.) fue orquestada por grupos de la ultraizquierda quienes enardecieron a la poblaci\u00f3n de clase baja para llevar a la explosi\u00f3n social denominada CARACAZO y as\u00ed poder tomar el poder del pa\u00eds?. \u00bfY si el CARACAZO no hubiese ocurrido y el pueblo hubiese soportado con disciplina el costo de la recuperaci\u00f3n del pa\u00eds? Como ha ocurrido en pa\u00edses de otras latitudes especialmente tras eventos b\u00e9licos o desastres naturales.<\/p>\n<p>Las pol\u00edticas econ\u00f3micas fueron rudas pero no descabelladas, dadas las condiciones del pa\u00eds, se necesitaban medidas un tanto extremas para rescatarlo de la debacle econ\u00f3mica en la cual estaba sumido. Carlos Andr\u00e9s P\u00e9rez fue vilipendiado por dichos actos pero, \u00bfno estaba haciendo lo que estaba en su poder dadas las condiciones? Recordemos que \u00e9l fue electo por el pueblo dado que durante su primer gobierno el pa\u00eds gozo de un crecimiento econ\u00f3mico notable y elogiado. Tomando en cuenta la situaci\u00f3n econ\u00f3mica del pa\u00eds, muchos economistas est\u00e1n de acuerdo que se necesitan medidas fuertes para enderezar la econom\u00eda, medidas que resultan impopulares, medidas que deber\u00edan ser aplicadas y van a afectar los intereses de gran parte de la poblaci\u00f3n venezolana tal cual ocurri\u00f3 por all\u00e1 a finales de los a\u00f1os 80 (algunas ya han sido aplicadas, las devaluaciones por ejemplo,\u00a0 otras est\u00e1n siendo consideradas actualmente, como es el caso del incremento del precio de la gasolina, subsidiada por cierto) y otras m\u00e1s que de no ser aplicadas en el gobierno actual lo serian en el gobierno que le sigue, sea del llamado \u00absocialista\u00bb o de oposici\u00f3n.<\/p>\n<p>\u00bfSeremos unos ni\u00f1os malcriados otra vez? Llorando y pataleando una vez mas (explosi\u00f3n social) porque tenemos que soportar duras medidas de austeridad para ver nacer una econom\u00eda estable y confiable como la que merecemos. Si, sabemos que ninguno de nosotros trabaja en el gobierno ni estuvo implicado en el desfalco econ\u00f3mico que nos llevo a la crisis, pero si nos enorgullecemos de nuestra democracia y de votar y toda esa ch\u00e1chara patriota, es porque tambi\u00e9n vamos a asumir como ciudadanos que los errores que cometa el gobierno tambi\u00e9n son nuestros errores. Los gobiernos nacen de la sociedad, del la consciencia social, los ciudadanos que forman parte del gobierno no son importados de otros pa\u00edses, nacen y se educan aqu\u00ed. Si son deshonestos, corruptos, viles, crueles, brutos, ineficaces, o cualquier otra caracter\u00edstica que nos convenga asignarles es porque nuestra sociedad es as\u00ed y los fabrica. Es eso o somos realmente desafortunados que de 100 venezolanos honestos que creemos ser todos el \u00fanico que llego a ese cargo (algo probabil\u00edsticamente dif\u00edcil considerando los millones de habitantes del pa\u00eds) sea el que realmente por desgracia tenga todas las caracter\u00edsticas negativas arriba expresadas.<\/p>\n<p>Aparentemente muchos nos saltamos la clases de historia o de conocerla, elegimos no reflexionar al respecto, pero muchos de los comportamientos sociales, decisiones en materia pol\u00edtica y reacci\u00f3n de la opini\u00f3n publica ya han sido manifestados en el pasado, como si estuvi\u00e9semos volviendo a leer el mismo guion con nuevos actores. Como dicen por ah\u00ed la vida es tan buena maestra que te repite la lecci\u00f3n hasta que la aprendas, no existen atajos, tal adagio no discrimina entre el individuo y la sociedad.<\/p>\n<p>No quiero ser comeflor, mucho menos new age ni tampoco apoyar o consolar el accidentado y poco certero gobierno que tenemos actualmente o por ultimo deslegitimar las protestas que est\u00e1n en curso, pero siendo honestos, Venezuela necesita primero mejores ciudadanos, no un mejor gobierno.<\/p>\n","protected":false},"excerpt":{"rendered":"<p>Aqu\u00ed como los locos&#8230; \u00bfY si la inestabilidad pol\u00edtica que sufri\u00f3 Carlos Andr\u00e9s P\u00e9rez tras la aplicaci\u00f3n del paquete \u00abneoliberal\u00bb del FMI para rescatar la debilitada econom\u00eda Venezolana golpeada por la p\u00e9sima administraci\u00f3n de sus predecesores (con pol\u00edticas poco populares como: incremento del precio de la gasolina, control cambiario (RECADI), devaluaci\u00f3n monetaria, control de precios, [&hellip;]<\/p>\n","protected":false},"author":2945,"featured_media":0,"comment_status":"open","ping_status":"open","sticky":false,"template":"","format":"standard","meta":{"jetpack_post_was_ever_published":false,"_jetpack_newsletter_access":"","_jetpack_dont_email_post_to_subs":false,"_jetpack_newsletter_tier_id":0,"_jetpack_memberships_contains_paywalled_content":false,"_jetpack_memberships_contains_paid_content":false,"footnotes":"","jetpack_publicize_message":"","jetpack_publicize_feature_enabled":true,"jetpack_social_post_already_shared":false,"jetpack_social_options":{"image_generator_settings":{"template":"highway","default_image_id":0,"font":"","enabled":false},"version":2}},"categories":[1],"tags":[],"class_list":{"0":"post-44273","1":"post","2":"type-post","3":"status-publish","4":"format-standard","6":"category-azares"},"jetpack_publicize_connections":[],"jetpack_featured_media_url":"","jetpack_shortlink":"https:\/\/wp.me\/pfpCD-bw5","jetpack_sharing_enabled":true,"_links":{"self":[{"href":"https:\/\/www.panfletonegro.com\/v\/wp-json\/wp\/v2\/posts\/44273","targetHints":{"allow":["GET"]}}],"collection":[{"href":"https:\/\/www.panfletonegro.com\/v\/wp-json\/wp\/v2\/posts"}],"about":[{"href":"https:\/\/www.panfletonegro.com\/v\/wp-json\/wp\/v2\/types\/post"}],"author":[{"embeddable":true,"href":"https:\/\/www.panfletonegro.com\/v\/wp-json\/wp\/v2\/users\/2945"}],"replies":[{"embeddable":true,"href":"https:\/\/www.panfletonegro.com\/v\/wp-json\/wp\/v2\/comments?post=44273"}],"version-history":[{"count":0,"href":"https:\/\/www.panfletonegro.com\/v\/wp-json\/wp\/v2\/posts\/44273\/revisions"}],"wp:attachment":[{"href":"https:\/\/www.panfletonegro.com\/v\/wp-json\/wp\/v2\/media?parent=44273"}],"wp:term":[{"taxonomy":"category","embeddable":true,"href":"https:\/\/www.panfletonegro.com\/v\/wp-json\/wp\/v2\/categories?post=44273"},{"taxonomy":"post_tag","embeddable":true,"href":"https:\/\/www.panfletonegro.com\/v\/wp-json\/wp\/v2\/tags?post=44273"}],"curies":[{"name":"wp","href":"https:\/\/api.w.org\/{rel}","templated":true}]}}