{"id":43924,"date":"2014-03-07T23:35:10","date_gmt":"2014-03-08T04:05:10","guid":{"rendered":"http:\/\/www.panfletonegro.com\/v\/?p=43924"},"modified":"2014-03-08T19:13:56","modified_gmt":"2014-03-08T23:43:56","slug":"gracias-el-comandante-y-su-combo","status":"publish","type":"post","link":"https:\/\/www.panfletonegro.com\/v\/2014\/03\/07\/gracias-el-comandante-y-su-combo\/","title":{"rendered":"Gracias el comandante y su combo"},"content":{"rendered":"<p><a href=\"https:\/\/i0.wp.com\/www.panfletonegro.com\/v\/wp-content\/uploads\/2014\/03\/Venezuela.jpg\"><img data-recalc-dims=\"1\" loading=\"lazy\" decoding=\"async\" data-attachment-id=\"43978\" data-permalink=\"https:\/\/www.panfletonegro.com\/v\/2014\/03\/07\/gracias-el-comandante-y-su-combo\/venezuela-8\/\" data-orig-file=\"https:\/\/i0.wp.com\/www.panfletonegro.com\/v\/wp-content\/uploads\/2014\/03\/Venezuela.jpg?fit=1400%2C1000&amp;ssl=1\" data-orig-size=\"1400,1000\" data-comments-opened=\"1\" data-image-meta=\"{&quot;aperture&quot;:&quot;5.6&quot;,&quot;credit&quot;:&quot;&quot;,&quot;camera&quot;:&quot;NIKON D5000&quot;,&quot;caption&quot;:&quot;&quot;,&quot;created_timestamp&quot;:&quot;1391782926&quot;,&quot;copyright&quot;:&quot;&quot;,&quot;focal_length&quot;:&quot;105&quot;,&quot;iso&quot;:&quot;200&quot;,&quot;shutter_speed&quot;:&quot;0.00625&quot;,&quot;title&quot;:&quot;&quot;}\" data-image-title=\"Venezuela\" data-image-description=\"\" data-image-caption=\"\" data-large-file=\"https:\/\/i0.wp.com\/www.panfletonegro.com\/v\/wp-content\/uploads\/2014\/03\/Venezuela.jpg?fit=696%2C497&amp;ssl=1\" class=\"alignnone size-medium wp-image-43978\" alt=\"Venezuela\" src=\"https:\/\/i0.wp.com\/www.panfletonegro.com\/v\/wp-content\/uploads\/2014\/03\/Venezuela-300x214.jpg?resize=300%2C214\" width=\"300\" height=\"214\" srcset=\"https:\/\/i0.wp.com\/www.panfletonegro.com\/v\/wp-content\/uploads\/2014\/03\/Venezuela.jpg?resize=300%2C214&amp;ssl=1 300w, https:\/\/i0.wp.com\/www.panfletonegro.com\/v\/wp-content\/uploads\/2014\/03\/Venezuela.jpg?resize=1024%2C731&amp;ssl=1 1024w, https:\/\/i0.wp.com\/www.panfletonegro.com\/v\/wp-content\/uploads\/2014\/03\/Venezuela.jpg?resize=320%2C228&amp;ssl=1 320w, https:\/\/i0.wp.com\/www.panfletonegro.com\/v\/wp-content\/uploads\/2014\/03\/Venezuela.jpg?resize=145%2C103&amp;ssl=1 145w, https:\/\/i0.wp.com\/www.panfletonegro.com\/v\/wp-content\/uploads\/2014\/03\/Venezuela.jpg?resize=495%2C353&amp;ssl=1 495w, https:\/\/i0.wp.com\/www.panfletonegro.com\/v\/wp-content\/uploads\/2014\/03\/Venezuela.jpg?resize=670%2C478&amp;ssl=1 670w, https:\/\/i0.wp.com\/www.panfletonegro.com\/v\/wp-content\/uploads\/2014\/03\/Venezuela.jpg?w=1400&amp;ssl=1 1400w\" sizes=\"auto, (max-width: 300px) 100vw, 300px\" \/><\/a><\/p>\n<p>Hasta hace muy poco pensaba que no ten\u00edamos nada que agradecerle al \u00abcomandante eterno\u00bb y a su \u00abcombo socialista\u00bb; sin embargo, \u00a0transcurridos estos d\u00edas de amplio debate pol\u00edtico y de fuertes movilizaciones civiles, puedo estar muy seguro de que no todo esto fue en vano. Me atrevo a afirmar que \u00a0inclusive esto deb\u00eda ocurrir, porque la gente ya llevaba mucho rato dormida sobre los laureles de la vida privada y hab\u00edan olvidado su deber como ciudadanos en la vida p\u00fablica del pa\u00eds.<\/p>\n<p>Antes que nada quiero dejar muy claro que mis palabras no van dirigidas con la intenci\u00f3n de cubrir todas las fechor\u00edas que ha realizado este gobierno tan corrupto, al contrario, condeno rotundamente que nos hayan utilizado de sobremanera para satisfacer fetiches personales de estos \u00abrevolucionarios bolivarianos\u00bb. La historia nunca le va a perdonar a este gobierno haber matado, enga\u00f1ado y robado a tantos venezolanos.<\/p>\n<p>Volviendo a mi tesis del principio, tengo la plena seguridad de que este atolladero en el que hemos ca\u00eddo era pr\u00e1cticamente inevitable y explico porqu\u00e9. Hugo Ch\u00e1vez no fue el inicio de nuestros problemas de hoy en d\u00eda, si no nos tocaba el nos iba a tocar cualquier otro igual o peor en cualquier momento, por la simple raz\u00f3n de que nos hab\u00edamos olvidado de los valores fundamentales que sostienen a la democracia. Ch\u00e1vez encontr\u00f3 al pa\u00eds en el momento m\u00e1s vulnerable de la era democr\u00e1tica y pudo persuadir f\u00e1cilmente a los sectores marginados para que lo ayudaran en su causa.<\/p>\n<p>Quiz\u00e1s en este momento el futuro nos parezca m\u00e1s nublado de lo que ya lo ven\u00edamos viendo en estos a\u00f1os, y en cierta forma es cierto, pero en estos d\u00edas ha estado naciendo entre las cenizas y las l\u00e1grimas algo que ten\u00eda tiempo sin salir a la luz en el pa\u00eds, algo tan grande, que de solo imaginar su magnitud, \u00a0me pone la piel de gallina de la emoci\u00f3n y hace que Miraflores tiemble de la preocupaci\u00f3n. Por muchos a\u00f1os envidie profundamente a pa\u00edses como Argentina, M\u00e9xico o Estados Unidos por ese sentimiento nacional que tienen tan arraigado, y no lograba entender como aqu\u00ed con tantas cosas por querer no \u00e9ramos capaces de conciliar ese sentimiento por mucho m\u00e1s tiempo que lo que dura un partido de la vinotinto o un certamen del Miss Universo.<\/p>\n<p>Tuvimos que tocar fondo, afrontar la realidad de la manera m\u00e1s cruda para entender que ten\u00edamos mucho tiempo fuera de nuestro rol como ciudadanos y que \u00edbamos en picada hacia el abismo de la tiran\u00eda. Y aunque estoy consciente de que el darnos cuenta de el problema no nos saca del mismo, por lo menos ya el hecho de habernos recordado de lo importante que es la libertad ya es un avance, o por ejemplo el darnos cuenta de no vale nada luchar por sobrevivir el d\u00eda a d\u00eda , cuando pudi\u00e9ramos simplemente salir a vivir todos los d\u00edas.<\/p>\n<p>Por tal raz\u00f3n, aunque se tengan muchas diferencias abismales con el gobierno de Maduro y anteriormente con el de Hugo Ch\u00e1vez, hay que reconocer que si no nos hubieran dado esta cachetada hist\u00f3rica seguramente en este momento nadie sentir\u00eda el himno como se est\u00e1 sintiendo hoy en d\u00eda en las calles, quiz\u00e1s la bandera nos seguir\u00eda pareciendo solo tela de colores y a lo mejor la libertad no nos llamar\u00eda tanto la atenci\u00f3n. Creo firmemente que esta si es #lasalida, pero no solo a un gobierno mediocre, esta es la salida hacia la apat\u00eda civil, a la falta de inclusi\u00f3n, tambi\u00e9n a la divisi\u00f3n social y muchos otros vicios de este pa\u00eds tan singular.<\/p>\n<p>Finalmente, creo que lleg\u00f3 el momento de dejarnos llevar por este llamado hist\u00f3rico, de la manera m\u00e1s inteligente posible por supuesto, pero si dejar que este amor hacia el pa\u00eds nos lleve a trav\u00e9s del miedo y la apat\u00eda que pudimos haber sentido todo este tiempo. Aqu\u00ed no hace falta OEA, ONU , Panam\u00e1 , USA y mucho menos Reinaldo Dos Santos, todo lo que nos puede llegar a hacer falta para librar esta batalla est\u00e1 en nuestro coraz\u00f3n y en nuestra capacidad de entendimiento con esas personas que tenemos al lado y que comparten nuestros mismos problemas.<\/p>\n","protected":false},"excerpt":{"rendered":"<p>Hasta hace muy poco pensaba que no ten\u00edamos nada que agradecerle al \u00abcomandante eterno\u00bb y a su \u00abcombo socialista\u00bb; sin embargo, \u00a0transcurridos estos d\u00edas de amplio debate pol\u00edtico y de fuertes movilizaciones civiles, puedo estar muy seguro de que no todo esto fue en vano. Me atrevo a afirmar que \u00a0inclusive esto deb\u00eda ocurrir, porque [&hellip;]<\/p>\n","protected":false},"author":2739,"featured_media":43978,"comment_status":"open","ping_status":"open","sticky":false,"template":"","format":"standard","meta":{"jetpack_post_was_ever_published":false,"_jetpack_newsletter_access":"","_jetpack_dont_email_post_to_subs":false,"_jetpack_newsletter_tier_id":0,"_jetpack_memberships_contains_paywalled_content":false,"_jetpack_memberships_contains_paid_content":false,"footnotes":"","jetpack_publicize_message":"","jetpack_publicize_feature_enabled":true,"jetpack_social_post_already_shared":false,"jetpack_social_options":{"image_generator_settings":{"template":"highway","default_image_id":0,"font":"","enabled":false},"version":2}},"categories":[1],"tags":[],"class_list":{"0":"post-43924","1":"post","2":"type-post","3":"status-publish","4":"format-standard","5":"has-post-thumbnail","7":"category-azares"},"jetpack_publicize_connections":[],"jetpack_featured_media_url":"https:\/\/i0.wp.com\/www.panfletonegro.com\/v\/wp-content\/uploads\/2014\/03\/Venezuela.jpg?fit=1400%2C1000&ssl=1","jetpack_shortlink":"https:\/\/wp.me\/pfpCD-bqs","jetpack_sharing_enabled":true,"_links":{"self":[{"href":"https:\/\/www.panfletonegro.com\/v\/wp-json\/wp\/v2\/posts\/43924","targetHints":{"allow":["GET"]}}],"collection":[{"href":"https:\/\/www.panfletonegro.com\/v\/wp-json\/wp\/v2\/posts"}],"about":[{"href":"https:\/\/www.panfletonegro.com\/v\/wp-json\/wp\/v2\/types\/post"}],"author":[{"embeddable":true,"href":"https:\/\/www.panfletonegro.com\/v\/wp-json\/wp\/v2\/users\/2739"}],"replies":[{"embeddable":true,"href":"https:\/\/www.panfletonegro.com\/v\/wp-json\/wp\/v2\/comments?post=43924"}],"version-history":[{"count":0,"href":"https:\/\/www.panfletonegro.com\/v\/wp-json\/wp\/v2\/posts\/43924\/revisions"}],"wp:featuredmedia":[{"embeddable":true,"href":"https:\/\/www.panfletonegro.com\/v\/wp-json\/wp\/v2\/media\/43978"}],"wp:attachment":[{"href":"https:\/\/www.panfletonegro.com\/v\/wp-json\/wp\/v2\/media?parent=43924"}],"wp:term":[{"taxonomy":"category","embeddable":true,"href":"https:\/\/www.panfletonegro.com\/v\/wp-json\/wp\/v2\/categories?post=43924"},{"taxonomy":"post_tag","embeddable":true,"href":"https:\/\/www.panfletonegro.com\/v\/wp-json\/wp\/v2\/tags?post=43924"}],"curies":[{"name":"wp","href":"https:\/\/api.w.org\/{rel}","templated":true}]}}