{"id":43780,"date":"2014-03-05T15:48:41","date_gmt":"2014-03-05T20:18:41","guid":{"rendered":"http:\/\/www.panfletonegro.com\/v\/?p=43780"},"modified":"2014-03-05T15:48:41","modified_gmt":"2014-03-05T20:18:41","slug":"chavez-un-ano-despues","status":"publish","type":"post","link":"https:\/\/www.panfletonegro.com\/v\/2014\/03\/05\/chavez-un-ano-despues\/","title":{"rendered":"Ch\u00e1vez, un a\u00f1o despu\u00e9s"},"content":{"rendered":"<p><a href=\"https:\/\/i0.wp.com\/www.panfletonegro.com\/v\/wp-content\/uploads\/2014\/03\/Picture-Mural-Hugo-Chavez.jpg\"><img data-recalc-dims=\"1\" loading=\"lazy\" decoding=\"async\" data-attachment-id=\"43781\" data-permalink=\"https:\/\/www.panfletonegro.com\/v\/2014\/03\/05\/chavez-un-ano-despues\/picture-mural-hugo-chavez\/\" data-orig-file=\"https:\/\/i0.wp.com\/www.panfletonegro.com\/v\/wp-content\/uploads\/2014\/03\/Picture-Mural-Hugo-Chavez.jpg?fit=1558%2C1208&amp;ssl=1\" data-orig-size=\"1558,1208\" data-comments-opened=\"1\" data-image-meta=\"{&quot;aperture&quot;:&quot;0&quot;,&quot;credit&quot;:&quot;&quot;,&quot;camera&quot;:&quot;&quot;,&quot;caption&quot;:&quot;&quot;,&quot;created_timestamp&quot;:&quot;0&quot;,&quot;copyright&quot;:&quot;&quot;,&quot;focal_length&quot;:&quot;0&quot;,&quot;iso&quot;:&quot;0&quot;,&quot;shutter_speed&quot;:&quot;0&quot;,&quot;title&quot;:&quot;&quot;}\" data-image-title=\"Picture-Mural-Hugo-Chavez\" data-image-description=\"\" data-image-caption=\"\" data-large-file=\"https:\/\/i0.wp.com\/www.panfletonegro.com\/v\/wp-content\/uploads\/2014\/03\/Picture-Mural-Hugo-Chavez.jpg?fit=696%2C539&amp;ssl=1\" class=\"alignleft size-medium wp-image-43781\" alt=\"Picture-Mural-Hugo-Chavez\" src=\"https:\/\/i0.wp.com\/www.panfletonegro.com\/v\/wp-content\/uploads\/2014\/03\/Picture-Mural-Hugo-Chavez-300x232.jpg?resize=300%2C232\" width=\"300\" height=\"232\" srcset=\"https:\/\/i0.wp.com\/www.panfletonegro.com\/v\/wp-content\/uploads\/2014\/03\/Picture-Mural-Hugo-Chavez.jpg?resize=300%2C232&amp;ssl=1 300w, https:\/\/i0.wp.com\/www.panfletonegro.com\/v\/wp-content\/uploads\/2014\/03\/Picture-Mural-Hugo-Chavez.jpg?resize=1024%2C793&amp;ssl=1 1024w, https:\/\/i0.wp.com\/www.panfletonegro.com\/v\/wp-content\/uploads\/2014\/03\/Picture-Mural-Hugo-Chavez.jpg?resize=320%2C248&amp;ssl=1 320w, https:\/\/i0.wp.com\/www.panfletonegro.com\/v\/wp-content\/uploads\/2014\/03\/Picture-Mural-Hugo-Chavez.jpg?resize=145%2C112&amp;ssl=1 145w, https:\/\/i0.wp.com\/www.panfletonegro.com\/v\/wp-content\/uploads\/2014\/03\/Picture-Mural-Hugo-Chavez.jpg?resize=495%2C383&amp;ssl=1 495w, https:\/\/i0.wp.com\/www.panfletonegro.com\/v\/wp-content\/uploads\/2014\/03\/Picture-Mural-Hugo-Chavez.jpg?resize=670%2C519&amp;ssl=1 670w, https:\/\/i0.wp.com\/www.panfletonegro.com\/v\/wp-content\/uploads\/2014\/03\/Picture-Mural-Hugo-Chavez.jpg?w=1558&amp;ssl=1 1558w, https:\/\/i0.wp.com\/www.panfletonegro.com\/v\/wp-content\/uploads\/2014\/03\/Picture-Mural-Hugo-Chavez.jpg?w=1392&amp;ssl=1 1392w\" sizes=\"auto, (max-width: 300px) 100vw, 300px\" \/><\/a><\/p>\n<p>No me interesa si hoy en realidad no se cumpla un a\u00f1o de la partida de Ch\u00e1vez o si \u00e9l, en vida, se encarg\u00f3 de irrespetar a sus adversarios. No voy a tratar de convencer a nadie sobre las cosas que hizo mal Hugo Ch\u00e1vez y que ahora los venezolanos est\u00e1n pagando. No me interesa no porque lo niegue sino porque se ha dicho durante tanto tiempo y tantas veces sin obtener resultados diferentes que prefiero dirigir este art\u00edculo a quienes se oponen al gobierno ahora y los que se opusieron antes.<br \/>\nMuchas veces he escuchado, a los m\u00e1s extremistas, hablar de los chavistas como ovejas, como gente bruta y mediocre, como tontos enga\u00f1ador por un l\u00edder que no tiene nada que ofrecer. Entiendo que el resentimiento de estos a\u00f1os y sobre todo las injusticias del gobierno hayan difuminado nuestra visi\u00f3n sobre las cosas pero intentemos respirar y pensar por un momento lo que ha pasado realmente durante quince a\u00f1os: una oreja se abri\u00f3 al pa\u00eds, alguien por fin escucha al pueblo. Parece una tonter\u00eda pero para la gente que ha sido muda por generaciones, una voz es el mejor y m\u00e1s poderoso regalo que alguien puede darle. Ahora que miran ese regalo con la importancia que merece, imaginen ser invisibles, imaginen vivir el d\u00eda a d\u00eda sin saber lo que ocurre ma\u00f1ana, vivir rodeando quintas residenciales del tama\u00f1o de diez ranchos y estar azotado por la delincuencia y la econom\u00eda. Imaginen, en otro escenario, ser de clase media y tener un t\u00edtulo de periodista pero no poder ejercer por falta de palanca. En fin, intenten as\u00ed sea por cinco minutos de su preciado tiempo, practicar la empat\u00eda no para perdonar sino para comprender. Si prefieren la guerra a la paz, por lo menos h\u00e1ganlo como estrategia.<\/p>\n<p>He tambi\u00e9n escuchado la teor\u00eda de \u00abCh\u00e1vez no tiene esos votos, en realidad nadie lo quiere\u00bb y este delirio nos llev\u00f3 a campa\u00f1as pol\u00edticas llenas de equivocaciones, desde los dirigentes hasta los partidarios, confiados y al borde de la locura cuando perd\u00edan, intentando racionalizar las cosas con la excusa de que todo estaba comprado y que era imposible. Con esto no niego que el CNE est\u00e1 parcializado y que los empleados p\u00fablicos son llamados a votar por el gobierno pero tampoco hay que negar la capacidad de convocatoria que ten\u00eda el difunto comparada con la escasa acogida que han tenido los l\u00edderes de la oposici\u00f3n, con excepci\u00f3n de Capriles que logr\u00f3 muy buenos resultados.<\/p>\n<p>El legado de Ch\u00e1vez puede caer en muchas formas de interpretar la Venezuela de 2014 pero hay algunas cosas en las que podemos estar todos de acuerdo. La primera: el empe\u00f1o pol\u00edtico del pa\u00eds. Pasamos de tener varias d\u00e9cadas de mala democracia con una poblaci\u00f3n desinteresada por lo que hac\u00eda el gobierno excepto algunos que resist\u00edan, a ser una sociedad polarizada pol\u00edticamente y activa sin importar edad o clase social. La segunda: la promoci\u00f3n de lo criollo, as\u00ed se haya hecho s\u00f3lo en teor\u00eda y con algunas leyes no siempre excelentes, en la Venezuela de hoy hay un nivel art\u00edstico que en los noventa parec\u00eda perdido, desde la escena m\u00e1s comercial a los m\u00e1s underground. La tercera: la pasi\u00f3n en la pol\u00edtica. Y esto no lo veo como algo bueno. Ch\u00e1vez, gran orador y hombre pol\u00edtico, convirti\u00f3 el pa\u00eds en un espect\u00e1culo donde \u00e9l era la estrella, utilizando el poder de la televisi\u00f3n y la debilidad de nuestra democracia. Todo eso, no olvidemos, se lo permitimos nosotros, no s\u00f3lo los chavistas \u00abovejas, brutos y mediocres\u00bb sino los otros, esos genios que se opusieron desde el principio, los que tienen el br\u00edo de decir que \u00abCAP rob\u00f3 pero no tanto\u00bb, porque fue esa clase acomodada que nunca se interes\u00f3 por los problemas de Venezuela cuando pudo que cay\u00f3 en el anzuelo del discurso del ex-Presidente. Esos que en vez de configurar una oposici\u00f3n seria, a la primera oportunidad intentaron un golpe de Estado, al mejor estilo tropical.<\/p>\n<p>El odio es una enfermedad altamente contagiosa y Ch\u00e1vez, mientras ofrec\u00eda amor a una Venezuela, lanzaba insultos a otra. Lo triste es que esos que se creen tan inteligentes y superiores, se alimentaron de cada palabra y cada acci\u00f3n del chavismo, convirti\u00e9ndose en t\u00edteres pues el odio con el que se inflaron los llev\u00f3 a trabajar la pol\u00edtica desde la pasi\u00f3n y no desde la raz\u00f3n, impidi\u00e9ndose ver las debilidades pol\u00edticas de Ch\u00e1vez, desaprovechando oportunidades importantes.<\/p>\n<p>La \u00fanica vez que Ch\u00e1vez perdi\u00f3 unas elecciones fue gracias al movimiento estudiantil que no se enfoc\u00f3 en lo pol\u00edtico sino en lo social, tal como las protestas de ahora. Ese diciembre 2007 pudimos ver un Ch\u00e1vez desnudo y sincero, lleno de odio y tropezando con su pasi\u00f3n. En vez de aprovecharnos de eso, hubo problemas internos en los dirigentes de la oposici\u00f3n y los estudiantes que lideraban intentaron meterse en un cargo p\u00fablico. Mientras tanto el entonces Presidente respir\u00f3 y lanz\u00f3 una campa\u00f1a mucho m\u00e1s agresiva, bien pensada y con una estructura muy fuerte (s\u00ed, tambi\u00e9n fue anticonstitucional pero ese no es el punto) que lo hizo ganar con la propuesta que meses antes hab\u00eda sido rechazada.<\/p>\n<p>A un a\u00f1o de su muerte, sigo viendo gente que realmente sufre por \u00e9l y siente que su legado ha sido positivo. Mientras tanto, los opositores m\u00e1s radicales que hace un a\u00f1o no paraban de repetir que hab\u00eda un camino con Capriles, que ese l\u00edder mirandino iba a salvarnos, hoy lo reniegan y se arrepienten de haberlo votado. Y exactamente aqu\u00ed es donde vemos la diferencia entre la pasi\u00f3n y el amor. Ch\u00e1vez cre\u00f3 un lazo afectivo con sus seguidores mientras que la MUD s\u00f3lo ha lanzado bombas de pasi\u00f3n que viven de la adrenalina del momento, casi siempre en votaciones o en momentos cr\u00edticos como las manifestaciones de ahora. Eso no es una estrategia vencedora porque no piensa en el futuro, en cultivar una idea, tal como lo hizo el gobierno poco a poco. Lo \u00fanico que podr\u00e1 acabar con el gobierno es su mala gesti\u00f3n y eso m\u00e1s que alegrarnos, debe preocuparnos sobre el tipo de dirigentes pol\u00edticos que nos est\u00e1n representando. No deber\u00edamos depender tanto del error del otro como de nuestro acierto. Hemos pagado muy caro el no tener un plan pues cuando el chavismo ha tropezado, la oposici\u00f3n no ha sabido reaccionar a tiempo, m\u00e1s all\u00e1 de un golpe de Estado yendo en contra de los valores que predican.<\/p>\n<p>S\u00e9 que las injusticias que se viven a diario en Venezuela hacen muy dif\u00edcil comprender la figura de Ch\u00e1vez en nuestro contexto sin practicar la pasi\u00f3n pero lo considero necesario para crear un movimiento serio. La situaci\u00f3n actual ha hecho florecer un descontento social, sin orquestaciones pol\u00edticas y haciendo vislumbrar l\u00edderes que han entendido la importancia del chavismo en nuestra historia as\u00ed como la de una alternativa que logre solucionar los problemas actuales. Por su parte, la MUD, peleando internamente, intenta politizar la protesta y absorbi\u00e9ndola sin ninguna estrategia a largo plazo. Los que caen en las provocaciones del gobierno y act\u00faan con violencia, as\u00ed como los que caen en las provocaciones emocionales de Leopoldo L\u00f3pez o Lilian Tintori, est\u00e1n haci\u00e9ndole el juego a la instrumentalizaci\u00f3n a trav\u00e9s de la pasi\u00f3n, y es esencial separarse de ese camino.<\/p>\n<p>Capriles, por su parte, habiendo aprendido de sus errores, ha decidido no capitalizar la fuerza de los manifestantes para \u00e9l y en vez de criticarlo, sus antes sostenedores, deber\u00edan estar agradecidos de haber encontrado un l\u00edder consecuente con lo que dice, y esto lo digo sin apoyar el proyecto del Gobernador. Agrego con esto que fue una suerte que perdiera contra Maduro pues, de haber ganado, habr\u00edamos conseguido la misma crisis econ\u00f3mica y social. Las cosas no pasan en un a\u00f1o y lo habr\u00edamos juzgado como ahora lo hacemos por su inacci\u00f3n.<\/p>\n<p>Dejemos las frases f\u00e1ciles, los eslogan que suenan tan bien pero que son est\u00e9riles, dejemos el machismo pol\u00edtico de creer que \u00abtener gu\u00e1ramo\u00bb o grandeza testicular nos hace mejores pol\u00edticos o nos har\u00e1 salir antes de la corrupci\u00f3n y la violencia. Todo lo contrario, compatriotas.<\/p>\n<p>El pa\u00eds, a un a\u00f1o de la muerte de Ch\u00e1vez, est\u00e1 en un momento que podr\u00eda ser determinante. El gobierno no ha logrado administrar la crisis econ\u00f3mica que la corrupci\u00f3n ha venido creando ni tampoco ha podido con el azote de la violencia. La poblaci\u00f3n no est\u00e1 llena de imb\u00e9ciles. Todos los sabemos, aunque algunos digan no ver la realidad, tal como lo hicimos muchos en los a\u00f1os antes del chavismo, pero est\u00e1 all\u00ed, es innegable, as\u00ed como los protestantes, y con eso hay que trabajar sin pasiones de telenovela, sin hacerle el juego al gobierno ni a los delirios de Mar\u00eda Corina. Ning\u00fan pol\u00edtico nos sacar\u00e1 de esto si nosotros, como ciudadanos, no empezamos a cambiar el resentimiento por di\u00e1logo. Nadie est\u00e1 \u00abdel lado correcto de la historia\u00bb porque un pa\u00eds no es blanco y negro, sobre todo uno tan pintoresco como Venezuela.<\/p>\n<p>Sigamos construyendo la democracia que queremos con consecuencia, informando no s\u00f3lo a quienes nos conviene en vez de atacar a todos. Alejemos de nuestro discurso la imposici\u00f3n de las ideas y promovamos la pluralidad. La pol\u00edtica del \u00abNo Volver\u00e1n\u00bb o del \u00abPerdono pero no olvido\u00bb nos ha causado demasiadas divisiones. Cans\u00e9monos de eso porque quien ejercita el odio termina equivoc\u00e1ndose, haciendo pagar justos por pecadores, como ocurri\u00f3 ayer en Altamira, que sacaron a golpes a reporteros imparciales que han siempre informado sin apoyar ning\u00fan bando, qued\u00e1ndose sin prensa que cubra lo que ocurre y por ende desamparados. Ese mismo odio que nos lleva a creer que Leopoldo es un salvador tal como cre\u00edamos hace un a\u00f1o de Capriles. Basta de pasiones y de tirar s\u00f3lo para nuestro lado. Seamos cr\u00edticos, consecuentes y dem\u00f3cratas.<\/p>\n<p>Y no digo nada de esto desde un escal\u00f3n. No me siento mejor ni peor. Yo tambi\u00e9n sent\u00ed cosas muy extra\u00f1as con la muerte de Ch\u00e1vez, desde la alegr\u00eda a una sensaci\u00f3n de orfandad pero estoy respirando, intentando comprender al otro, porque lo que aqu\u00ed propongo debo ejercerlo en primera persona. Tiene que ser un camino colectivo con procesos individuales.<\/p>\n<p>Mis respetos a quienes lloran a Hugo Ch\u00e1vez Fr\u00edas, a Franklin Brito, a Bassil Alejandro Da Acosta, Roberto Redman, Genesis Carmona, Geraldine Moreno, Jos\u00e9 E. Mendez, Alejandro Marquez, y a todos aquellos venezolanos que han muerto injustamente en estos a\u00f1os terribles en que nos hemos convertido en uno de los pa\u00edses m\u00e1s violentos del mundo.<\/p>\n<p>Giulio Vita<br \/>\n<a href=\"http:\/\/www.twitter.com\/elreytuqueque\">@elreytuqueque<\/a><\/p>\n<p>Art\u00edculo que escrib\u00ed hace un a\u00f1o sobre la muerte de Hugo Ch\u00e1vez:<br \/>\n<a href=\"http:\/\/www.elreytuqueque.com\/2013\/03\/fallecido-pero-no-muerto.html\">http:\/\/www.elreytuqueque.com\/2013\/03\/fallecido-pero-no-muerto.html<\/a><\/p>\n","protected":false},"excerpt":{"rendered":"<p>No me interesa si hoy en realidad no se cumpla un a\u00f1o de la partida de Ch\u00e1vez o si \u00e9l, en vida, se encarg\u00f3 de irrespetar a sus adversarios. No voy a tratar de convencer a nadie sobre las cosas que hizo mal Hugo Ch\u00e1vez y que ahora los venezolanos est\u00e1n pagando. No me interesa [&hellip;]<\/p>\n","protected":false},"author":1116,"featured_media":43781,"comment_status":"open","ping_status":"open","sticky":false,"template":"","format":"standard","meta":{"jetpack_post_was_ever_published":false,"_jetpack_newsletter_access":"","_jetpack_dont_email_post_to_subs":false,"_jetpack_newsletter_tier_id":0,"_jetpack_memberships_contains_paywalled_content":false,"_jetpack_memberships_contains_paid_content":false,"footnotes":"","jetpack_publicize_message":"","jetpack_publicize_feature_enabled":true,"jetpack_social_post_already_shared":false,"jetpack_social_options":{"image_generator_settings":{"template":"highway","default_image_id":0,"font":"","enabled":false},"version":2}},"categories":[6],"tags":[],"class_list":{"0":"post-43780","1":"post","2":"type-post","3":"status-publish","4":"format-standard","5":"has-post-thumbnail","7":"category-confesionario"},"jetpack_publicize_connections":[],"jetpack_featured_media_url":"https:\/\/i0.wp.com\/www.panfletonegro.com\/v\/wp-content\/uploads\/2014\/03\/Picture-Mural-Hugo-Chavez.jpg?fit=1558%2C1208&ssl=1","jetpack_shortlink":"https:\/\/wp.me\/pfpCD-bo8","jetpack_sharing_enabled":true,"_links":{"self":[{"href":"https:\/\/www.panfletonegro.com\/v\/wp-json\/wp\/v2\/posts\/43780","targetHints":{"allow":["GET"]}}],"collection":[{"href":"https:\/\/www.panfletonegro.com\/v\/wp-json\/wp\/v2\/posts"}],"about":[{"href":"https:\/\/www.panfletonegro.com\/v\/wp-json\/wp\/v2\/types\/post"}],"author":[{"embeddable":true,"href":"https:\/\/www.panfletonegro.com\/v\/wp-json\/wp\/v2\/users\/1116"}],"replies":[{"embeddable":true,"href":"https:\/\/www.panfletonegro.com\/v\/wp-json\/wp\/v2\/comments?post=43780"}],"version-history":[{"count":0,"href":"https:\/\/www.panfletonegro.com\/v\/wp-json\/wp\/v2\/posts\/43780\/revisions"}],"wp:featuredmedia":[{"embeddable":true,"href":"https:\/\/www.panfletonegro.com\/v\/wp-json\/wp\/v2\/media\/43781"}],"wp:attachment":[{"href":"https:\/\/www.panfletonegro.com\/v\/wp-json\/wp\/v2\/media?parent=43780"}],"wp:term":[{"taxonomy":"category","embeddable":true,"href":"https:\/\/www.panfletonegro.com\/v\/wp-json\/wp\/v2\/categories?post=43780"},{"taxonomy":"post_tag","embeddable":true,"href":"https:\/\/www.panfletonegro.com\/v\/wp-json\/wp\/v2\/tags?post=43780"}],"curies":[{"name":"wp","href":"https:\/\/api.w.org\/{rel}","templated":true}]}}