{"id":43747,"date":"2014-03-05T11:17:19","date_gmt":"2014-03-05T15:47:19","guid":{"rendered":"http:\/\/www.panfletonegro.com\/v\/?p=43747"},"modified":"2014-03-05T11:17:19","modified_gmt":"2014-03-05T15:47:19","slug":"llamado-de-atencion","status":"publish","type":"post","link":"https:\/\/www.panfletonegro.com\/v\/2014\/03\/05\/llamado-de-atencion\/","title":{"rendered":"Llamado de Atenci\u00f3n"},"content":{"rendered":"<p>Hoy por hoy, no he podido, canalizar la decepci\u00f3n que llevo dentro, no solo contra oposici\u00f3n o oficialista, simplemente me parece que vivo en un pa\u00eds donde simplemente si no tienes una posici\u00f3n totalmente extremista, eres aislado o en el peor de los casos un famoso \u201cNi-ni\u201d.<\/p>\n<p>Siempre me he considerado en lo m\u00e1s hondo de mi ser una persona, totalmente adversa al gobierno actual; mas sin embargo, a diferencia de muchos, no concuerdo 100% con la oposici\u00f3n de este pa\u00eds, de verdad conozco personas fan\u00e1ticas, (si porque eso no se puede llamar seguidores, son fan\u00e1ticas) , de ambos bandos, y cada vez me termino de decepcionar m\u00e1s y m\u00e1s.<\/p>\n<p>Lament\u00e1ndolo mucho nac\u00ed y crec\u00ed en un pa\u00eds, donde no valen de nada los estudios que poseas, donde si no tienes ese \u201cvivismo\u201d criollo, o no tienes real, o no tienes los contactos, jam\u00e1s en tu vida podr\u00e1s superarte, y ni siquiera podr\u00e1s aspirar a nada m\u00e1s que tengas o que te hayan podido dar tus papas, en la actualidad.<\/p>\n<p>Ya van tres semanas de protestas, y de verdad, me impresiona como todav\u00eda, como oposici\u00f3n, no tenemos un objetivo claro, muchos ni siquiera saben el porqu\u00e9 de estas manifestaciones, ni por que empezaron, muchos gritan \u201cSe Va, Se va, se va!\u201d O la famosa \u201cy va a caer, este gobierno va a caer\u201d; es que por Dios, \u00bfno se han dado cuenta que llevamos 15 a\u00f1os con la misma consigna?, y que simplemente no es, que caiga Nicol\u00e1s, y ya ahora se va a acabar la inflaci\u00f3n, la escasez y la inseguridad?, yo les pregunto, renuncia Nicol\u00e1s, y a quien ponemos?, vamos a elecciones? Para que nos vuelvan a ganar?. Por mi parte no creo que muchos hayan pensado a fondo que viene con \u201cla renuncia de Maduro\u201d.<\/p>\n<p>Soy una persona que me gusta ver las noticias de lado y lado, trato (en lo que mi paciencia me permite) ver Venezolana de TV, y he visto (para mi malestar) como se ridiculiza la protesta, pero tambi\u00e9n y en esto quiero hacer hincapi\u00e9, he visto como el fan\u00e1tico opositor se ciega, y apenas se les acerca un reportero de VTV, empiezan a hablar pistoladas, \u00a1pana! tienes tres cosas validas por las cuales quejarte Escasez, Inflaci\u00f3n, e Inseguridad; si vas a acceder a que te entreviste no te salgas de ah\u00ed, no es tan dif\u00edcil, ahora si quieres decir que los Cubanos hablan as\u00ed, o que Nicol\u00e1s es Colombiano y que tienes las pruebas, d\u00e9jame decirte fan\u00e1tico opositor, que ca\u00edste en su juego y que has ridiculizado la protesta. Y si me pongo hablar de ridiculizar la protesta, no puedo dejar de hablar de los \u201cguarimberos\u201d que juegan Voleibol o partidas de domin\u00f3, en las guarimbas, trincheras o barricadas de la paz, de verdad que pens\u00e9 que nos \u00edbamos a quedar porque nos dol\u00edan los muertos, y las personas presas y las injusticias que este gobierno comete, pero ya veo que como siempre, le sacaron el chiste a todo y por eso estamos muy lejos de que esta protesta se parezca a la famosa Ucrania, y estamos m\u00e1s lejos a\u00fan de lograr los objetivos. Pero no me quiero extender aqu\u00ed porque simplemente no vale la pana.<\/p>\n<p>No soy muy fan\u00e1tica de twitter, pero me he visto en la obligaci\u00f3n de empezar a leerlo, con paciencia,\u00a0 ya que lo que leo, creo la mitad, no como muchos que se ponen a retuitear fotos del 2002 o fotos de Ucrania o de Chile; o a mandarlos por Whatsapp, como si fueran sucesos del momento, de verdad he visto como muchos de esos RT o mensaje, lo hacen amigos m\u00edos, personas con las que estudie o trabaje, y debo decir que realmente me da pena, decir que estudie o trabaje en el mismo lugar que ellos, y quiero citar a Napole\u00f3n Bonaparte en esto: \u201cLa realidad tiene l\u00edmites, la estupidez no\u201d. Claro que no se puede esperar mucho de esa oposici\u00f3n.<\/p>\n<p>Pero en fin, estos d\u00edas he esto leyendo mucho Panfleto Negro y debo decir que me alegra ver como no soy la \u00fanica no \u201cextremista\u201d o \u201cfan\u00e1tica\u201d de la oposici\u00f3n, que no soy la \u00fanica que piensa que por el hecho que pensemos distinto soy m\u00e1s inteligente que una persona chavista\/madurista, ellos tendr\u00e1n sus razones, al igual que yo las m\u00edas, no me creo ser due\u00f1a absoluta de la verdad, y tengo mis errores, ya que soy humana, los acepto y si puedo los corrijo.<\/p>\n<p>Soy de las que piensa de coraz\u00f3n, que en el pa\u00eds va surgir una fuerza nueva, una fuerza que vaya por el medio, que sepa que la violencia no es el camino, que sepa que no es cuesti\u00f3n de partidos, que no es llegar al poder a como d\u00e9 lugar, necesitamos m\u00e1s que eso, no creo en el PSUV (llevan 15 a\u00f1os haciendo nada), no creo en la MUD (mayormente compuesta por esa \u201cCuarta republica\u201d que nos trajo el fen\u00f3meno de Chavez), creo en esa fuerza que ahora no se ve pero se que va a surgir, esa fuerza \u00a0que sabe\u00a0 que Venezuela para que mejore no es solo un cambio de gobierno, es un cambio de sociedad.<\/p>\n<p>El d\u00eda en que como sociedad entendamos que, no es darle mi voto a la MUD por que el chavismo no lo hace bien; cuando no hay que ir muy lejos salir a la calle, (donde la MUD es alcald\u00eda y gobernaci\u00f3n) \u00a0y ver que la MUD, tampoco lo hace bien; cuando nos demos cuenta que el Voto Castigo, es lo que nos trajo aqu\u00ed; cuando entendamos que salir a votar no es solo, el votar por votar, si no el leer las propuestas nuevas, que tiene ese alcalde, gobernador, diputado o presidente. El d\u00eda en que no sobornemos al fiscal de tr\u00e1nsito para que no nos ponga una multa. El d\u00eda en que no botemos la basura en la calle. El d\u00eda que le demos paso al peat\u00f3n. El d\u00eda en que, como motorizados no vayamos por entre los carros. El d\u00eda en que, en nuestras casas, le ense\u00f1emos a nuestros hijos el ser ciudadanos. El d\u00eda en que respetemos los sem\u00e1foros. El d\u00eda que cedamos el puesto de autob\u00fas a una persona de la 3era edad o a una embarazada. Ese d\u00eda en que entendamos, que no todo no los tiene que dar el gobierno, sino que como sociedad tenemos que cambiar nosotros, es ah\u00ed, cuando va a surgir el verdadero cambio que este pa\u00eds necesita. No digo ser perfecta, y por supuesto que he cometido algunas de las fallas nombradas anteriormente, pero decid\u00ed cambiar, para ser una mejor persona, una mejor persona que este pa\u00eds merece, y que tanto necesita. Yo quiero luchar contra, la falta de ciudadan\u00eda, contra la\u00a0 corrupci\u00f3n, estoy dispuesta a partir de hoy, \u00bfy t\u00fa, est\u00e1s dispuesto?<\/p>\n","protected":false},"excerpt":{"rendered":"<p>Hoy por hoy, no he podido, canalizar la decepci\u00f3n que llevo dentro, no solo contra oposici\u00f3n o oficialista, simplemente me parece que vivo en un pa\u00eds donde simplemente si no tienes una posici\u00f3n totalmente extremista, eres aislado o en el peor de los casos un famoso \u201cNi-ni\u201d. Siempre me he considerado en lo m\u00e1s hondo [&hellip;]<\/p>\n","protected":false},"author":2772,"featured_media":0,"comment_status":"open","ping_status":"open","sticky":false,"template":"","format":"standard","meta":{"jetpack_post_was_ever_published":false,"_jetpack_newsletter_access":"","_jetpack_dont_email_post_to_subs":false,"_jetpack_newsletter_tier_id":0,"_jetpack_memberships_contains_paywalled_content":false,"_jetpack_memberships_contains_paid_content":false,"footnotes":"","jetpack_publicize_message":"","jetpack_publicize_feature_enabled":true,"jetpack_social_post_already_shared":false,"jetpack_social_options":{"image_generator_settings":{"template":"highway","default_image_id":0,"font":"","enabled":false},"version":2}},"categories":[1],"tags":[],"class_list":{"0":"post-43747","1":"post","2":"type-post","3":"status-publish","4":"format-standard","6":"category-azares"},"jetpack_publicize_connections":[],"jetpack_featured_media_url":"","jetpack_shortlink":"https:\/\/wp.me\/pfpCD-bnB","jetpack_sharing_enabled":true,"_links":{"self":[{"href":"https:\/\/www.panfletonegro.com\/v\/wp-json\/wp\/v2\/posts\/43747","targetHints":{"allow":["GET"]}}],"collection":[{"href":"https:\/\/www.panfletonegro.com\/v\/wp-json\/wp\/v2\/posts"}],"about":[{"href":"https:\/\/www.panfletonegro.com\/v\/wp-json\/wp\/v2\/types\/post"}],"author":[{"embeddable":true,"href":"https:\/\/www.panfletonegro.com\/v\/wp-json\/wp\/v2\/users\/2772"}],"replies":[{"embeddable":true,"href":"https:\/\/www.panfletonegro.com\/v\/wp-json\/wp\/v2\/comments?post=43747"}],"version-history":[{"count":0,"href":"https:\/\/www.panfletonegro.com\/v\/wp-json\/wp\/v2\/posts\/43747\/revisions"}],"wp:attachment":[{"href":"https:\/\/www.panfletonegro.com\/v\/wp-json\/wp\/v2\/media?parent=43747"}],"wp:term":[{"taxonomy":"category","embeddable":true,"href":"https:\/\/www.panfletonegro.com\/v\/wp-json\/wp\/v2\/categories?post=43747"},{"taxonomy":"post_tag","embeddable":true,"href":"https:\/\/www.panfletonegro.com\/v\/wp-json\/wp\/v2\/tags?post=43747"}],"curies":[{"name":"wp","href":"https:\/\/api.w.org\/{rel}","templated":true}]}}