{"id":43699,"date":"2014-03-04T12:02:26","date_gmt":"2014-03-04T16:32:26","guid":{"rendered":"http:\/\/www.panfletonegro.com\/v\/?p=43699"},"modified":"2014-03-04T12:02:26","modified_gmt":"2014-03-04T16:32:26","slug":"la-cola-ahora-es-de-todos","status":"publish","type":"post","link":"https:\/\/www.panfletonegro.com\/v\/2014\/03\/04\/la-cola-ahora-es-de-todos\/","title":{"rendered":"La cola ahora es de todos"},"content":{"rendered":"<figure id=\"attachment_43700\" aria-describedby=\"caption-attachment-43700\" style=\"width: 1024px\" class=\"wp-caption aligncenter\"><a href=\"https:\/\/i0.wp.com\/www.panfletonegro.com\/v\/wp-content\/uploads\/2014\/03\/cola-atraco.jpg\"><img data-recalc-dims=\"1\" loading=\"lazy\" decoding=\"async\" data-attachment-id=\"43700\" data-permalink=\"https:\/\/www.panfletonegro.com\/v\/2014\/03\/04\/la-cola-ahora-es-de-todos\/cola-atraco\/\" data-orig-file=\"https:\/\/i0.wp.com\/www.panfletonegro.com\/v\/wp-content\/uploads\/2014\/03\/cola-atraco.jpg?fit=1024%2C615&amp;ssl=1\" data-orig-size=\"1024,615\" data-comments-opened=\"1\" data-image-meta=\"{&quot;aperture&quot;:&quot;0&quot;,&quot;credit&quot;:&quot;&quot;,&quot;camera&quot;:&quot;&quot;,&quot;caption&quot;:&quot;&quot;,&quot;created_timestamp&quot;:&quot;0&quot;,&quot;copyright&quot;:&quot;&quot;,&quot;focal_length&quot;:&quot;0&quot;,&quot;iso&quot;:&quot;0&quot;,&quot;shutter_speed&quot;:&quot;0&quot;,&quot;title&quot;:&quot;&quot;}\" data-image-title=\"cola atraco\" data-image-description=\"\" data-image-caption=\"&lt;p&gt;Por H. G\u00e1mez&lt;\/p&gt;\n\" data-large-file=\"https:\/\/i0.wp.com\/www.panfletonegro.com\/v\/wp-content\/uploads\/2014\/03\/cola-atraco.jpg?fit=696%2C418&amp;ssl=1\" class=\"size-full wp-image-43700\" alt=\"atraco en cola venezuela\" src=\"https:\/\/i0.wp.com\/www.panfletonegro.com\/v\/wp-content\/uploads\/2014\/03\/cola-atraco.jpg?resize=696%2C418\" width=\"696\" height=\"418\" srcset=\"https:\/\/i0.wp.com\/www.panfletonegro.com\/v\/wp-content\/uploads\/2014\/03\/cola-atraco.jpg?w=1024&amp;ssl=1 1024w, https:\/\/i0.wp.com\/www.panfletonegro.com\/v\/wp-content\/uploads\/2014\/03\/cola-atraco.jpg?resize=300%2C180&amp;ssl=1 300w, https:\/\/i0.wp.com\/www.panfletonegro.com\/v\/wp-content\/uploads\/2014\/03\/cola-atraco.jpg?resize=320%2C192&amp;ssl=1 320w, https:\/\/i0.wp.com\/www.panfletonegro.com\/v\/wp-content\/uploads\/2014\/03\/cola-atraco.jpg?resize=145%2C87&amp;ssl=1 145w, https:\/\/i0.wp.com\/www.panfletonegro.com\/v\/wp-content\/uploads\/2014\/03\/cola-atraco.jpg?resize=495%2C297&amp;ssl=1 495w, https:\/\/i0.wp.com\/www.panfletonegro.com\/v\/wp-content\/uploads\/2014\/03\/cola-atraco.jpg?resize=670%2C402&amp;ssl=1 670w\" sizes=\"auto, (max-width: 696px) 100vw, 696px\" \/><\/a><figcaption id=\"caption-attachment-43700\" class=\"wp-caption-text\">Por H. G\u00e1mez<\/figcaption><\/figure>\n<p>Parecemos estar ciegos como ciudadanos, podemos vernos en la calle, reconocernos diariamente, ser cordiales mientras pensamos en los peores adjetivos calificativos para el vecino que no piensa igual que nosotros, que no es un \u201cchavestia\u201d ni un \u201cescu\u00e1lido\u201d, es un ciudadano como t\u00fa, como yo y como todos los venezolanos, todo eso pasa y nadie parece notar algo: El otro no es el enemigo.<\/p>\n<p>&nbsp;<\/p>\n<p>Cr\u00e9eme, no lo es, esa persona, es simplemente, alguien con ideales y pareceres diferentes a los tuyos, punto. Y s\u00ed, es m\u00e1s f\u00e1cil caminar e ir ech\u00e1ndole la culpa a medio pa\u00eds de todas nuestras desgracias personales y comunales. S\u00ed, lo es. Pero no es lo correcto ni lo cierto. El enemigo es quien no tiene m\u00e1s ideal que el facilismo, el que te apunta con una pistola sin pensarlo dos veces porque \u201c\u00e9l tiene que comer\u201d, el que se aprovecha de tu esfuerzo y el de tu vec<br \/>\nino, el que no te da el vuelto, o el que abusa del poder.<\/p>\n<p>&nbsp;<\/p>\n<p>Vivimos en una cola para ser robados a la que nos incorporamos todos los d\u00edas, en ese miedo incurable est\u00e9s caminando, en bus, metro, moto o carro propio. Tengas la franela que tengas. Seas del color que seas y vivas donde vivas. La delincuencia no te mira a los ojos, te mira la cartera. La delincuencia no te pregunta de qu\u00e9 partido eres, si tienes hijos o si comiste hoy. No le interesa. Entonces \u00bfqui\u00e9n es el enemigo?<\/p>\n<p>&nbsp;<\/p>\n<p>El enemigo es la delincuencia. La delincuencia se combate con ideas, con educaci\u00f3n, con aspiraciones y la realizaci\u00f3n de las mismas, con puestos de trabajo, con oportunidades. La delincuencia se combate con pa\u00eds.<\/p>\n<p>&nbsp;<\/p>\n<p>Salgamos entonces y juntos hagamos pa\u00eds.<\/p>\n<p>&nbsp;<\/p>\n<p>&nbsp;<\/p>\n<p>H. G\u00e1mez (@hklgamez) es el artista.<\/p>\n<p>Yo simplemente puse palabras a tanta verdad.<\/p>\n<p>&nbsp;<\/p>\n<p><i>\u00a0<\/i><\/p>\n<p><i>Arianna Cristina De Sousa @ariadesousa<\/i><\/p>\n","protected":false},"excerpt":{"rendered":"<p>Parecemos estar ciegos como ciudadanos, podemos vernos en la calle, reconocernos diariamente, ser cordiales mientras pensamos en los peores adjetivos calificativos para el vecino que no piensa igual que nosotros, que no es un \u201cchavestia\u201d ni un \u201cescu\u00e1lido\u201d, es un ciudadano como t\u00fa, como yo y como todos los venezolanos, todo eso pasa y nadie [&hellip;]<\/p>\n","protected":false},"author":2862,"featured_media":43700,"comment_status":"open","ping_status":"open","sticky":false,"template":"","format":"standard","meta":{"jetpack_post_was_ever_published":false,"_jetpack_newsletter_access":"","_jetpack_dont_email_post_to_subs":false,"_jetpack_newsletter_tier_id":0,"_jetpack_memberships_contains_paywalled_content":false,"_jetpack_memberships_contains_paid_content":false,"footnotes":"","jetpack_publicize_message":"","jetpack_publicize_feature_enabled":true,"jetpack_social_post_already_shared":false,"jetpack_social_options":{"image_generator_settings":{"template":"highway","default_image_id":0,"font":"","enabled":false},"version":2}},"categories":[1],"tags":[3010,1132,2574],"class_list":{"0":"post-43699","1":"post","2":"type-post","3":"status-publish","4":"format-standard","5":"has-post-thumbnail","7":"category-azares","8":"tag-atraco","9":"tag-colas","10":"tag-escasez"},"jetpack_publicize_connections":[],"jetpack_featured_media_url":"https:\/\/i0.wp.com\/www.panfletonegro.com\/v\/wp-content\/uploads\/2014\/03\/cola-atraco.jpg?fit=1024%2C615&ssl=1","jetpack_shortlink":"https:\/\/wp.me\/pfpCD-bmP","jetpack_sharing_enabled":true,"_links":{"self":[{"href":"https:\/\/www.panfletonegro.com\/v\/wp-json\/wp\/v2\/posts\/43699","targetHints":{"allow":["GET"]}}],"collection":[{"href":"https:\/\/www.panfletonegro.com\/v\/wp-json\/wp\/v2\/posts"}],"about":[{"href":"https:\/\/www.panfletonegro.com\/v\/wp-json\/wp\/v2\/types\/post"}],"author":[{"embeddable":true,"href":"https:\/\/www.panfletonegro.com\/v\/wp-json\/wp\/v2\/users\/2862"}],"replies":[{"embeddable":true,"href":"https:\/\/www.panfletonegro.com\/v\/wp-json\/wp\/v2\/comments?post=43699"}],"version-history":[{"count":0,"href":"https:\/\/www.panfletonegro.com\/v\/wp-json\/wp\/v2\/posts\/43699\/revisions"}],"wp:featuredmedia":[{"embeddable":true,"href":"https:\/\/www.panfletonegro.com\/v\/wp-json\/wp\/v2\/media\/43700"}],"wp:attachment":[{"href":"https:\/\/www.panfletonegro.com\/v\/wp-json\/wp\/v2\/media?parent=43699"}],"wp:term":[{"taxonomy":"category","embeddable":true,"href":"https:\/\/www.panfletonegro.com\/v\/wp-json\/wp\/v2\/categories?post=43699"},{"taxonomy":"post_tag","embeddable":true,"href":"https:\/\/www.panfletonegro.com\/v\/wp-json\/wp\/v2\/tags?post=43699"}],"curies":[{"name":"wp","href":"https:\/\/api.w.org\/{rel}","templated":true}]}}