{"id":43588,"date":"2014-03-02T19:20:41","date_gmt":"2014-03-02T23:50:41","guid":{"rendered":"http:\/\/www.panfletonegro.com\/v\/?p=43588"},"modified":"2014-03-03T03:34:30","modified_gmt":"2014-03-03T08:04:30","slug":"como-venezolano","status":"publish","type":"post","link":"https:\/\/www.panfletonegro.com\/v\/2014\/03\/02\/como-venezolano\/","title":{"rendered":"Como Venezolano"},"content":{"rendered":"<dl class=\"wp-caption foter-photo aligncenter\" id=\"foter-photo-figure\" style=\"width: 600px; color: #888; position: relative; font-size: 11px; font-family: Arial, Helvetica, sans-serif; overflow: hidden; zoom: 1; padding: 4px; border: 1px solid #DDDDDD; border-radius: 3px 3px 3px 3px;\">\n<dt class=\"wp-caption-dt\"><img data-recalc-dims=\"1\" decoding=\"async\" class=\"foter-photo mceItem\" style=\"border: none; padding: 0; display: block; width: 100%;\" title=\"Venezuela\" alt=\"Venezuela\" src=\"https:\/\/i0.wp.com\/www.panfletonegro.com\/v\/wp-content\/uploads\/2014\/03\/venezuela-3.jpg?w=696\" \/><\/dt>\n<dd class=\"wp-caption-dd\" style=\"padding: 0; margin: 0;\"><span style=\"display: block; float: right;\"><a href=\"http:\/\/www.flickr.com\/photos\/rufino_uribe\/97098206\/\" rel=\"nofollow\">ruurmo<\/a> \/ <a href=\"http:\/\/foter.com\/\" rel=\"nofollow\">Foter<\/a> \/ <a href=\"http:\/\/creativecommons.org\/licenses\/by-sa\/2.0\/\" rel=\"nofollow\">CC BY-SA<\/a><\/span><\/dd>\n<\/dl>\n<p>Como Venezolano padre de familia en conocimiento de las leyes y de principios Cristianos rechazo los actos que han venido aconteciendo en el pa\u00eds tanto del sector que manifiesta como del gobierno, no puedo estar de acuerdo con protestas que si bien por un lado dicen ser pacificas por el otro lado terminan en vandalicas al perder el control de sus manifestantes y los m\u00e1s extremistas trancan calles\u00a0y queman lo que se les antoje complicando aun m\u00e1s el normal desenvolvimiento de la vida ciudadana que ya est\u00e1 bastante afectada por la inseguridad y otros males, ni\u00f1os y ancianos sufren por la gran contaminaci\u00f3n que genera la quema de cauchos, adem\u00e1s del clima de tensi\u00f3n que se genera por el mismo descontrol, una manifestaci\u00f3n o protesta pac\u00edfica debe ser bien organizada y orientada a objetivos espec\u00edficos en el tiempo preciso para su desenvolvimiento legal, debe partir de una concentraci\u00f3n y a trav\u00e9s de una marcha llegar hasta el \u00f3rgano o instituci\u00f3n a quien va dirigida la exigencia por escrito, finalmente regresar todos a sus casas en sana paz, solo ese proceder constante e inteligente dar\u00e1 los argumentos necesarios para convencer al pueblo que hoy no esta convencido de que los que procuran el poder de verdad son mejores que los que est\u00e1n y quieren un cambio real y en orden a trav\u00e9s de elecciones donde la diferencia de votos sea tan abrumadora que no pueda manipularse.<\/p>\n<p>Tambi\u00e9n rechazo las acciones que en estos d\u00edas ha tomado el gobierno en contra de estos manifestantes al disparar \u201cplomo y del bueno\u201d como dir\u00eda su comandante intergal\u00e1ctico, ese tipo de municiones son para matar, no para controlar manifestaciones, por lo que es evidente e innegable la violaci\u00f3n de derechos humanos y normativas legales vigentes respecto al control de manifestaciones lo que convierte esa represi\u00f3n del estado en un crimen de lesa humanidad. La gran mayor\u00eda del pueblo venezolano quiere paz y que los problemas se resuelvan por los medios legalmente establecidos, no se puede arreglar un desorden con m\u00e1s desorden porque aunque tomaran el poder, ante situaciones de presi\u00f3n reaccionar\u00edan con m\u00e1s desorden igual que lo hace el gobierno actual, \u00bfentonces en que son diferentes? No es ese el progreso que queremos, hago un llamado a la paz y a lo mejor de nuestra inteligencia para salir de esta situaci\u00f3n que hoy nos oprime solo por una absurda guerra de poder entre el gobierno y el sector econ\u00f3mico privado que sencillamente son incapaces de ponerse de acuerdo para hacer progresar este pa\u00eds, la ambici\u00f3n los ciega de tal manera que no logran ponerse de acuerdo por un pa\u00eds mejor mientras la delincuencia, el narcotr\u00e1fico, la impunidad y otros males, se lleva las vidas de nuestros hijos, todos cabemos en este pa\u00eds solo si todos ponemos de nuestra parte en ser mejores ciudadanos, inteligentes, disciplinados, respetuosos de las leyes y de las personas pero sobretodo Honestos.<\/p>\n","protected":false},"excerpt":{"rendered":"<p>ruurmo \/ Foter \/ CC BY-SA Como Venezolano padre de familia en conocimiento de las leyes y de principios Cristianos rechazo los actos que han venido aconteciendo en el pa\u00eds tanto del sector que manifiesta como del gobierno, no puedo estar de acuerdo con protestas que si bien por un lado dicen ser pacificas por [&hellip;]<\/p>\n","protected":false},"author":2881,"featured_media":43608,"comment_status":"open","ping_status":"open","sticky":false,"template":"","format":"standard","meta":{"jetpack_post_was_ever_published":false,"_jetpack_newsletter_access":"","_jetpack_dont_email_post_to_subs":false,"_jetpack_newsletter_tier_id":0,"_jetpack_memberships_contains_paywalled_content":false,"_jetpack_memberships_contains_paid_content":false,"footnotes":"","jetpack_publicize_message":"","jetpack_publicize_feature_enabled":true,"jetpack_social_post_already_shared":false,"jetpack_social_options":{"image_generator_settings":{"template":"highway","default_image_id":0,"font":"","enabled":false},"version":2}},"categories":[6],"tags":[],"class_list":{"0":"post-43588","1":"post","2":"type-post","3":"status-publish","4":"format-standard","5":"has-post-thumbnail","7":"category-confesionario"},"jetpack_publicize_connections":[],"jetpack_featured_media_url":"https:\/\/i0.wp.com\/www.panfletonegro.com\/v\/wp-content\/uploads\/2014\/03\/venezuela-3.jpg?fit=600%2C450&ssl=1","jetpack_shortlink":"https:\/\/wp.me\/pfpCD-bl2","jetpack_sharing_enabled":true,"_links":{"self":[{"href":"https:\/\/www.panfletonegro.com\/v\/wp-json\/wp\/v2\/posts\/43588","targetHints":{"allow":["GET"]}}],"collection":[{"href":"https:\/\/www.panfletonegro.com\/v\/wp-json\/wp\/v2\/posts"}],"about":[{"href":"https:\/\/www.panfletonegro.com\/v\/wp-json\/wp\/v2\/types\/post"}],"author":[{"embeddable":true,"href":"https:\/\/www.panfletonegro.com\/v\/wp-json\/wp\/v2\/users\/2881"}],"replies":[{"embeddable":true,"href":"https:\/\/www.panfletonegro.com\/v\/wp-json\/wp\/v2\/comments?post=43588"}],"version-history":[{"count":0,"href":"https:\/\/www.panfletonegro.com\/v\/wp-json\/wp\/v2\/posts\/43588\/revisions"}],"wp:featuredmedia":[{"embeddable":true,"href":"https:\/\/www.panfletonegro.com\/v\/wp-json\/wp\/v2\/media\/43608"}],"wp:attachment":[{"href":"https:\/\/www.panfletonegro.com\/v\/wp-json\/wp\/v2\/media?parent=43588"}],"wp:term":[{"taxonomy":"category","embeddable":true,"href":"https:\/\/www.panfletonegro.com\/v\/wp-json\/wp\/v2\/categories?post=43588"},{"taxonomy":"post_tag","embeddable":true,"href":"https:\/\/www.panfletonegro.com\/v\/wp-json\/wp\/v2\/tags?post=43588"}],"curies":[{"name":"wp","href":"https:\/\/api.w.org\/{rel}","templated":true}]}}