{"id":43513,"date":"2014-03-01T20:17:28","date_gmt":"2014-03-02T00:47:28","guid":{"rendered":"http:\/\/www.panfletonegro.com\/v\/?p=43513"},"modified":"2014-11-15T13:52:29","modified_gmt":"2014-11-15T18:22:29","slug":"matrix-vs-hechos","status":"publish","type":"post","link":"https:\/\/www.panfletonegro.com\/v\/2014\/03\/01\/matrix-vs-hechos\/","title":{"rendered":"Venezuela: \u00bfMatrix contra Matrix \u00f3 Matrix contra hechos?"},"content":{"rendered":"<p><span style=\"color: #ffffff\">Estimado(a) lector(a) \u00bfEres t\u00fa una persona con sentido cr\u00edtico y apertura para evaluar con objetividad? Si es as\u00ed, este art\u00edculo es para ti\u2026<\/span><\/p>\n<p><span style=\"color: #ffffff\">Lo que ver\u00e1s a continuaci\u00f3n ser\u00e1 una mirada lo m\u00e1s objetiva posible a algunos hechos que suceden en Venezuela. As\u00ed que te recomiendo que tengas paciencia y leas hasta el final, ya que es imposible comprenderlo todo en pocos caracteres.<\/span><\/p>\n<p><span style=\"color: #ffffff\">Este escrito surge del an\u00e1lisis de dos art\u00edculos en la p\u00e1gina <a href=\"http:\/\/www.panfletonegro.com:\" target=\"_blank\"><span style=\"color: #ffffff\">http:\/\/www.panfletonegro.com<\/span><\/a>\u00a0<\/span><\/p>\n<p><span style=\"color: #ffffff\">1) <span style=\"text-decoration: underline\">Javier Medina: <\/span><strong>La Matrix- Historia relatada por un Ex-chavista<\/strong>. <span style=\"color: #ffffff\"><a href=\"http:\/\/li.co.ve\/u1E\">http:\/\/li.co.ve\/u1E<\/a>\u00a0<\/span>\u00a0<\/span><\/p>\n<p><span style=\"color: #ffffff\">2) <span style=\"text-decoration: underline\">Quantumen<\/span> <strong>\u00bfQui\u00e9n se atreve a hablar de la Matrix?<\/strong>\u00a0<a href=\"http:\/\/li.co.ve\/u8y\">http:\/\/li.co.ve\/u8y<\/a><\/span><\/p>\n<p><span style=\"color: #ffffff\">Un art\u00edculo apoya al gobierno venezolano y el otro es de alguien que decidi\u00f3 dejar de apoyarlo. Si tienes tiempo, recomiendo leerlos en ese orden, primero \u201c1\u201d, luego \u201c2\u201d y por \u00faltimo leer lo que viene a continuaci\u00f3n.<\/span><\/p>\n<p><span style=\"color: #ffffff\">Va mi an\u00e1lisis\u2026<\/span><\/p>\n<p><span style=\"color: #ffffff\">\u00a1Debo reconocerlo en tu art\u00edculo Quantunmen (escrito a favor del gobierno), que tuviste una excelente capacidad de argumentaci\u00f3n, intelectualizaci\u00f3n y hasta creatividad para darle la vuelta a al planteamiento de Javier Medina en su art\u00edculo\u2026<\/span><\/p>\n<p><span style=\"color: #ffffff\">Podr\u00eda entrar en la \u201cMatrix\u201d de quienes defienden al gobierno y estar de acuerdo en muchas cosas. Ch\u00e1vez efectivamente fue un \u00abbug\u00bb en la \u201cMatrix\u201d venezolana tradicional y mundial. Se atrevi\u00f3 a plantear pol\u00edtica, econ\u00f3mica y socialmente las cosas de forma diferente. Se enfrent\u00f3 a grupos de poder a nivel global y hasta fue valiente para revertir contratos con empresas extranjeras, que atentaban contra la soberan\u00eda de los ingresos del pa\u00eds.<\/span><\/p>\n<p><span style=\"color: #ffffff\">Debo reconocer que fue positivo para nuestra econom\u00eda, cambiar esos porcentajes de ganancia desfavorables para los venezolanos. Debo asentar con la cabeza que como l\u00edder tracendi\u00f3 fronteras y fue capaz de criticar lo que nadie se hab\u00eda atrevido a criticar con relaci\u00f3n a la pol\u00edtica global, las invasiones militares, las colonizaciones culturales, el consumismo exacerbado, la explotaci\u00f3n laboral, etc.<\/span><\/p>\n<p><span style=\"color: #ffffff\">Es verdad, Ch\u00e1vez trajo al tapete opin\u00e1tico la b\u00fasqueda de la equidad social y la posibilidad de convertir en \u201cciudadano valioso\u201d, a ese habitante marginado, dentro de un mundo dominado por \u00e9lites de poder.<\/span><\/p>\n<p><span style=\"color: #ffffff\">S\u00f3lo hay unos cuantos hechos objetivos que si fuera usted, considerar\u00eda en el art\u00edculo que escribi\u00f3:<\/span><\/p>\n<p><span style=\"color: #000000\"><span style=\"color: #0000ff\"><strong><span style=\"text-decoration: underline\">PRIMERO:<\/span><\/strong><\/span> <\/span><\/p>\n<p><span style=\"color: #ffffff\">Decirle a Javier Medina un pre\u00e1mbulo que dice: \u00abcon todo respeto\u00bb y luego lanzarle una serie de ep\u00edtetos, (entre los que mencionas infantil y desperdicio humano), podr\u00eda confirmar ese pensamiento que dice: \u201cLa violencia, es el arma de los que saben que no tienen raz\u00f3n\u201d.<\/span><\/p>\n<p><span style=\"color: #ffffff\">De hecho, usted lo insult\u00f3 con una dial\u00e9ctica impecable, pero sigue siendo insulto al fin. Adem\u00e1s, insultar cuando se est\u00e1 en un medio de opini\u00f3n, es falta de caballerosidad y cortes\u00eda.<\/span><\/p>\n<p><span style=\"color: #ffffff\">&#8211; La gente que tiene raz\u00f3n en lo que dice NO necesita insultar a su contraparte\u2026<\/span><\/p>\n<p><span style=\"color: #ffffff\">&#8211; La gente que tiene raz\u00f3n, muestra hechos f\u00e1cticamente comprobables, que convaliden sus argumentos\u2026<\/span><\/p>\n<blockquote>\n<p style=\"text-align: center\"><span style=\"color: #ff0000\">La gente que tiene raz\u00f3n NO emite s\u00f3lo opiniones, las fundamenta. \u201cLas opiniones son como el trasero. todo el mundo tiene uno y jura que el suyo no apesta cuando lo usa\u201d.\u00a0<\/span><\/p>\n<p style=\"text-align: center\"><span style=\"color: #ff0000\">Perd\u00f3n por la met\u00e1fora, pero aplica a sus opiniones, a las m\u00edas y a las de quien sea\u2026 Las opiniones son s\u00f3lo eso: opiniones.<\/span><\/p>\n<\/blockquote>\n<p><span style=\"color: #0000ff\"><strong><span style=\"text-decoration: underline\">SEGUNDO:<\/span><\/strong><\/span><\/p>\n<p><span style=\"color: #ffffff\">Un intelectual que pretende argumentar, debe partir de la idea de tiene que ser objetivo en sus planteamientos y por ello comprende que la objetividad empieza con la observaci\u00f3n de \u201chechos tangibles\u201d. Adem\u00e1s comprende que los hechos que observa, NO son los \u00fanicos v\u00e1lidos, porque el otro tambi\u00e9n ve hechos comprobables desde su \u201cparcela de la realidad\u201d.<\/span><\/p>\n<p><span style=\"color: #ffffff\">Vi muchos vac\u00edos en su art\u00edculo que no tienen un asidero tangible, por tanto esa tambi\u00e9n es su MATRIX (todos tenemos una matrix en la mente por cierto).<\/span><\/p>\n<p><span style=\"color: #ffffff\">Por ejemplo: \u00bfUsted tiene pruebas de que Ch\u00e1vez fue asesinado y no que muri\u00f3 de c\u00e1ncer? \u00bfUsted tiene pruebas de que CNN contrata ex convictos como reporteros? Y si hubiera alg\u00fan ex convicto en sus filas, \u00bftiene usted bases para generalizar a todo un canal de noticias?<\/span><\/p>\n<p><span style=\"color: #ffffff\">Hago este pre\u00e1mbulo, para hablar con congruencia, con caballerosidad (aunque soy una dama), con la objetividad necesaria para poder proseguir\u2026<\/span><\/p>\n<p><span style=\"color: #ffffff\">Yo podr\u00eda estar de acuerdo con usted, que en la cuarta rep\u00fablica (como ustedes la llaman), los planes sociales eran menores y menos impactantes en la calidad de vida del ciudadano m\u00e1s pobre, (aunque debo confesarle que he defendido esto y otras personas argumentan con cifras lo contrario, porque al final es s\u00f3lo una opini\u00f3n). Pero bueno, si\u00e9ntase tranquilo, defiendo esa posici\u00f3n.<\/span><\/p>\n<blockquote>\n<p style=\"text-align: center\"><span style=\"color: #ff0000\">Ahora bien, \u00bfel que haya habido planes sociales que llegan a algunos sectores significa que toda la poblaci\u00f3n de Venezuela vive mejor?\u00a0Con todo respeto, creo que las frases doctrinarias de su art\u00edculo, contrastan con algunos hechos que usted, los lectores y yo vivimos a diario&#8230;<\/span><\/p>\n<\/blockquote>\n<p><span style=\"color: #ffffff\">No le impondr\u00e9 mi opini\u00f3n. Aqu\u00ed NO hay pastillas azules o rojas para tomarse. S\u00f3lo tengo algunas preguntas para usted.<\/span><\/p>\n<p><span style=\"color: #ffffff\">Si me las puede responder con \u201chechos\u201d, \u201ccifras\u201d y argumentos que no sea m\u00e1s palabrer\u00edo doctrinario, producto de su propia \u201cMatrix\u201d, se ganar\u00e1 el respeto intelectual de los afectados por esos hechos y de la gente de esta p\u00e1gina&#8230;<\/span><\/p>\n<p><span style=\"color: #0000ff\"><strong><span style=\"text-decoration: underline\">TERCERO:<\/span><\/strong> <\/span><\/p>\n<p><span style=\"color: #ffffff\">Puede usted explicar:<\/span><\/p>\n<p><span style=\"color: #ffffff\">Si ten\u00edamos un barril de petr\u00f3leo en 12 d\u00f3lares en 1999 cuando Ch\u00e1vez asume la presidencia y hasta ayer 28 de febrero de 2014 se cotiz\u00f3 a 102 d\u00f3lares, con un m\u00e1ximo hist\u00f3rico de 147 d\u00f3lares en 2008, (es decir, que recibimos 10 veces m\u00e1s ingresos de lo previsto),<\/span><\/p>\n<p><span style=\"color: #ffffff\">C\u00f3mo es que hoy tenemos:<\/span><\/p>\n<p><span style=\"color: #ffffff\">a) La peor inflaci\u00f3n de Latinoam\u00e9rica despu\u00e9s de Hait\u00ed.<\/span><\/p>\n<p><span style=\"color: #ffffff\">b) Una devaluaci\u00f3n del d\u00f3lar de 0.564 Bsf (564 bs) en 1998 a m\u00e1s de 150 veces su valor en 2014. (Por cierto no me diga que es mentira y que vale 6.3, porque usted sabe que el \u00fanico acceso a d\u00f3lares que usted y yo tenemos a esa tasa, es a 2500 d\u00f3lares anuales, <span style=\"text-decoration: underline\">s\u00f3lo si viajamos a ciertos destinos<\/span> y adem\u00e1s a una tasa variable de m\u00e1s 11.90. Adem\u00e1s, valga la aclaratoria que si menciono la cifra del d\u00f3lar de la calle me meten presa).<\/span><\/p>\n<p><span style=\"color: #ffffff\">c) Creci\u00f3 la deuda externa, aumentando de 28.455 millones de d\u00f3lares a $95.554 millones de d\u00f3lares (cifra hasta marzo de 2013, ni siquiera actualizada a 2014).<\/span><\/p>\n<blockquote>\n<p style=\"text-align: center\"><span style=\"color: #ff0000\">\u00bfA usted, al total de la poblaci\u00f3n venezolana (no a grupitos) y a m\u00ed, nos alcanza el dinero hoy, m\u00e1s que lo que nos alcanzaba en 1998?<\/span><\/p>\n<\/blockquote>\n<p><span style=\"color: #0000ff\"><strong><span style=\"text-decoration: underline\">CUARTO:<\/span><\/strong> <\/span><\/p>\n<p><span style=\"color: #ffffff\">Expl\u00edque por favor\u2026<\/span><\/p>\n<p><span style=\"color: #ffffff\">a) Si el gobierno tiene m\u00e1s gasto en armamento y m\u00e1quinas de defensa de la soberan\u00eda (alg\u00fan lector que me ayude con las cifras respecto a esto).<\/span><\/p>\n<p><span style=\"color: #ffffff\">B) Si el estado tiene m\u00e1s control sobre la Fuerza armada&#8230; (Ahora es Bolivariana).<\/span><\/p>\n<p><span style=\"color: #ffffff\">C) Si el gobierno constituy\u00f3 una mega Polic\u00eda Nacional Bolivariana (absorbiendo la polic\u00eda metropolitana y algunas otras polic\u00edas municipales y regionales por cierto).<\/span><\/p>\n<p><span style=\"color: #ffffff\">d) Si controla la mayor\u00eda en Gobernaciones y Alcald\u00edas, lo cual implica comandar la mayor\u00eda de las polic\u00edas municipales y estadales, as\u00ed como los otros cuerpos de seguridad\u2026<\/span><\/p>\n<blockquote>\n<p align=\"center\"><span style=\"color: #ff0000\">\u00bfC\u00f3mo es que hemos llegado en 2013 seg\u00fan el observatorio venezolano de violencia a 24.763 muertes por a\u00f1o, m\u00e1s que en cualquiera de las guerras globales?<\/span><\/p>\n<p align=\"center\"><span style=\"color: #ff0000\">Me puede explicar seg\u00fan su Matrix, si vivimos mejor en esta quinta rep\u00fablica\u2026 \u00bfPor qu\u00e9 tenemos casi 3 veces m\u00e1s la cifra de muertos que ten\u00edamos en 1998 seg\u00fan la Unesco? <\/span><\/p>\n<p align=\"center\"><span style=\"color: #ff0000\">\u00bfA usted le parece que eso habla de una gesti\u00f3n efectiva de los planes de seguridad ciudadana en Venezuela?<\/span><\/p>\n<\/blockquote>\n<p><span style=\"color: #000000\"><span style=\"color: #0000ff\"><strong><span style=\"text-decoration: underline\">QUINTO:<\/span><\/strong><\/span> <\/span><\/p>\n<p><span style=\"color: #ffffff\">Demu\u00e9streme con hechos, como es posible que si el gobierno tiene:<\/span><\/p>\n<p><span style=\"color: #ffffff\">a)\u00a0\u00a0\u00a0 El control de la mayor\u00eda de las\u00a0 gobernaciones, alcald\u00edas, diputados de la asamble nacional y concejos municipales\u2026<\/span><\/p>\n<p><span style=\"color: #ffffff\">b)\u00a0\u00a0\u00a0 El comando absoluto de todos los poderes p\u00fablicos, ministerios, instituciones estatales, entes regulatorios\u2026<\/span><\/p>\n<p><span style=\"color: #ffffff\">c)\u00a0\u00a0\u00a0 Una constituci\u00f3n aprobada en 1999, por el mismo presidente Ch\u00e1vez a su medida.<\/span><\/p>\n<p><span style=\"color: #ffffff\">d)\u00a0\u00a0\u00a0 La aprobaci\u00f3n absoluta de TODAS las leyes que desearon (incluso algunas contrapuestas a la constituci\u00f3n, porque fueron rechazadas en el referendum consultivo del 2 de diciembre de 2007)<\/span><\/p>\n<blockquote>\n<p align=\"center\"><span style=\"color: #ff0000\">\u00bfC\u00f3mo es posible que con todos esos controles, todos los problemas que reclaman los venezolanos, siempre el gobierno se exculpe usando como chivos expiatorios: la oposici\u00f3n venezolana, el presidente de los EEUU y \u00a0los supuestos oligarcas del pa\u00eds?\u00a0<\/span><\/p>\n<\/blockquote>\n<p><span style=\"color: #0000ff\"><strong><span style=\"text-decoration: underline\">SEXTO:<\/span><\/strong><\/span><\/p>\n<p><span style=\"color: #ffffff\">\u00bfC\u00f3mo es que los servicios p\u00fablicos como Luz, Agua, telefon\u00eda fija, e internet, presenta constantes fallas y siempre es culpa de alg\u00fan saboteador, el clima o hasta una iguana a la que se culp\u00f3 una vez por un mega apag\u00f3n el\u00e9ctrico nacional?<\/span><\/p>\n<p><span style=\"color: #ffffff\">Con todo respeto, eso suena igual que el adolescente que le reprueban TODAS las materias y culpa a TODOS los profesores de tenerle rabia sin raz\u00f3n.<\/span><\/p>\n<blockquote>\n<p style=\"text-align: center\" align=\"center\"><span style=\"color: #ff0000\">\u00bfDe verdad usted cree que ninguna denuncia de falta de mantenimiento, sea causante de las deficiencias en los servicios b\u00e1sicos de la naci\u00f3n?<\/span><\/p>\n<\/blockquote>\n<p><span style=\"color: #ffffff\">De hecho: Cree usted que Rigoberto Colina (trabajador muerto en la mega explosi\u00f3n de la refiner\u00eda de Amuay) quien coloc\u00f3 en su actualizaci\u00f3n de estado en su tel\u00e9fono, luego de su inspecci\u00f3n: \u201cGas Metano a 24% Gas H2S (sulfuro de hidr\u00f3geno) 4% Nos estamos muriendo\u201d, lo hizo s\u00f3lo porque era un desestabilizador\u2026? <\/span><\/p>\n<p><span style=\"color: #ffffff\">Como usted lo sabe, no le bast\u00f3 informarlo para ser o\u00eddo y la tragedia enlut\u00f3 a un buen n\u00famero de familias.<\/span><\/p>\n<blockquote>\n<p style=\"text-align: center\" align=\"center\"><span style=\"color: #ff0000\">NO creo que todos sean saboteos, pero si fuera cierto y lo fueran, le pregunto \u00bfHa sido efectiva y eficiente la labor de protecci\u00f3n de todos nuestros servicios (incluyendo Amuay) de esos saboteadores? Digo&#8230; porque no es tanto, sino lo seguido las fallas&#8230;<\/span><\/p>\n<\/blockquote>\n<p><span style=\"color: #000000\"><span style=\"color: #0000ff\"><strong><span style=\"text-decoration: underline\">\u00a0S\u00c9PTIMO:<\/span><\/strong><\/span> <\/span><\/p>\n<p><span style=\"color: #ffffff\">Por qu\u00e9 con todos los ingresos petroleros, todas las entradas de dinero por endeudamiento y todo el control que se tiene del Ministerio de Finanzas, El Banco Central de Venezuela y PDVSA, por qu\u00e9 se le deben miles de millones de d\u00f3lares a:<\/span><\/p>\n<p><span style=\"color: #ffffff\"><span style=\"text-decoration: underline\"><strong>Industria Farmac\u00e9utica.<\/strong><\/span> Por eso no se consiguen muchas medicinas necesarias y algunos ex\u00e1menes o tratamientos no pueden hacerse, porque no hay los reactivos importados o los repuestos para los aparatos de medici\u00f3n\u2026<\/span><\/p>\n<p><span style=\"color: #ffffff\"><span style=\"text-decoration: underline\"><strong>Industria alimentaria<\/strong><\/span>. Por eso hay escasez de muchos alimentos b\u00e1sicos, tanto en bienes procesados, como en materias primas para producir alimentos en el pa\u00eds.<\/span><\/p>\n<p><span style=\"color: #ffffff\"><span style=\"text-decoration: underline\"><strong>Industria Automotriz:<\/strong><\/span> Por eso no se consiguen veh\u00edculos y las listas (incluso para veh\u00edculos iran\u00edes y chinos comercializados por el gobierno) son eternas. Ni que mencionar la cantidad de repuestos desaparecidos.<\/span><\/p>\n<p><span style=\"color: #ffffff\"><span style=\"text-decoration: underline\"><strong>Industria Aeron\u00e1utica:<\/strong><\/span> Por eso est\u00e1 suspendida la venta de boletos en todas las aerol\u00edneas extranjeras o en su defecto\u00a0disminuidas\u00a0sus frecuencias de vuelos.<\/span><\/p>\n<blockquote>\n<p style=\"text-align: center\" align=\"center\"><span style=\"color: #ff0000\">\u00bfQu\u00e9 es m\u00e1s l\u00f3gico creer que hay una Guerra econ\u00f3mica como la que ustedes en su \u00abmatrix\u00bb pretenden hacer creer o asumir que \u00a0las empresas nacionales dependen de empresas extranjeras que NO nos despachan todo lo que NO producimos y m\u00e1s\u2026 simplemente porque no quieren seguir arriesg\u00e1ndose a perder m\u00e1s dinero teniendo m\u00e1s deuda pendiente por pagarles en nuestro pa\u00eds?<\/span><\/p>\n<p align=\"center\"><span style=\"color: #ff0000\">\u00bfSe ha cuenta usted que muchos de los productos que no se consiguen en el pa\u00eds, tales como Cemento (Cemex &#8211; Lafarge), Cabillas y alambrones (Sidor), Caf\u00e9 (Fama de Am\u00e9rica), Harina de Maiz y de Trigo (Monaca), Aceite &#8211; Mantequilla (Coposa), etc. pertenecen a empresas que ahora son del estado? <\/span><\/p>\n<p align=\"center\"><span style=\"color: #ff0000\">\u00bfNo es extra\u00f1o que ahora que son empresas \u00abdel soberano\u00bb, es cuando m\u00e1s desabastecimiento hay?<\/span><\/p>\n<p align=\"center\"><span style=\"color: #ff0000\">Y La pregunta m\u00e1s importante. \u00bfA d\u00f3nde se fue todo ese dinero? \u00bfSe don\u00f3 a pa\u00edses extranjeros o qu\u00e9&#8230;?<\/span><\/p>\n<\/blockquote>\n<p><span style=\"color: #ffffff\">Podr\u00eda seguir enumerando preguntas mi estimado(a) defensor del gobierno actual. La lista es larga y seguramente los lectores preguntar\u00e1n cosas m\u00e1s interesantes que yo en los comentarios, pero prefiero dejarlo hasta aqu\u00ed&#8230; \u201cpor ahora\u201d.<\/span><\/p>\n<p><span style=\"color: #ffffff\">No espero una respuesta a mis preguntas, porque cuando he hablado con otras personas afectas a \u201csu Matrix\u201d, la respuesta, no es el argumento, ni la coherencia, congruente con las preguntas. La respuesta com\u00fan es se\u00f1alarme, con una serie de etiquetas sin basamento, entre las que puedo mencionar:<\/span><\/p>\n<p><span style=\"color: #ffffff\"><span style=\"text-decoration: underline\"><strong>\u201cEres una oligarca\u2026\u201d<\/strong><\/span> (No, no lo soy, nac\u00ed en Caricuao y pas\u00e9 mi primaria en una escuela p\u00fablica (hoy bolivariana), estudi\u00e9 en un liceo p\u00fablico el bachillerato e hice la licenciatura en la Universidad Central de Venezuela (p\u00fablica)&#8230; Por cierto mi familia y yo seguimos en Caricuao.<\/span><\/p>\n<p><span style=\"color: #ffffff\"><span style=\"text-decoration: underline\"><strong>\u201cEres una vendida, pagada por las \u00e9lites\u2026\u201d<\/strong><\/span> (No&#8230; soy una trabajadora independiente, que genera ingresos por sus esfuerzo, por sus capacidades, por sus deseo de superarse y por sus escasos esfuerzos que cada vez tienen menos poder de compra en nuestra moneda. Bol\u00edvares devaluados, que a duras penas me sostienen cuando NO tengo trabajo, porque cada vez es menos la oferta).<\/span><\/p>\n<p><span style=\"color: #ffffff\"><span style=\"text-decoration: underline\"><strong>Eres defensora del imperialismo\u2026<\/strong> <\/span>(No, no aplaudo el imperialismo. Ni el militar de EEUU, ni tampoco el de los Chinos que son imperialistas econ\u00f3micos\u2026 \u00a0Por cierto, socios y acreedores de gran parte de la deuda del gobierno Venezolano).<\/span><\/p>\n<p><span style=\"color: #ffffff\">No estoy en una acera distinta a la suya, al menos no en las bases amigo.\u00a0 Yo no nac\u00ed en cuna de oro, como muchos de los que leen esta reflexi\u00f3n&#8230;<\/span><\/p>\n<p><span style=\"color: #ffffff\">Yo tambi\u00e9n creo en la equidad social, creo en la igualdad de oportunidades, creo en la mejora de la calidad de vida del ciudadano, creo en la soberan\u00eda del pa\u00eds ante invasores extranjeros, creo en la construcci\u00f3n de una naci\u00f3n pr\u00f3spera e independiente\u2026 Pero francamente los hechos de este gobierno, se quedan s\u00f3lo en eso una \u00a0\u201cMatrix\u201d doctrinaria que nos tiene sobreviviendo. Por eso, aunque coincidamos en las intenciones, no puedo creer en ellos.<\/span><\/p>\n<p><span style=\"color: #ffffff\">Desde su Matrix, usted buscar\u00e1 todos las cifras posibles para contradecir mis escuetos n\u00fameros\u2026 Es su derecho, aqu\u00ed lo esperar\u00e9.<\/span><\/p>\n<blockquote>\n<p style=\"text-align: center\"><span style=\"color: #ff0000\">Pero \u00bfsabe algo? Como dice la pel\u00edcula&#8230; usted o cualquiera de los que defienden este gobierno, saben que aqu\u00ed est\u00e1 algo que yo s\u00e9, que ustedes saben y que ninguna cifra podr\u00e1 contradecir&#8230; Porque se huele, se siente, se palpa:<\/span><\/p>\n<\/blockquote>\n<p><span style=\"color: #ffffff\">&#8211; Yo s\u00f3lo s\u00e9 que el dinero de mi bolsillo me alcanza menos y que cada vez se me hace m\u00e1s dif\u00edcil pagar mis compromisos, adquirir mis bienes y mejorar mi calidad de vida\u2026 \u00a1Eso no es una matrix, es un hecho!.<\/span><\/p>\n<p><span style=\"color: #ffffff\">&#8211; Yo s\u00f3lo s\u00e9 que me duelen mis amigos y mis paisanos que los han secuestrado, que los han robado, que los han matado y que el cerco de la violencia cada vez lo siento m\u00e1s cerca de m\u00ed y los m\u00edos\u2026 \u00a1Eso NO es una matrix, es un hecho!<\/span><\/p>\n<p><span style=\"color: #ffffff\">&#8211; Yo s\u00f3lo s\u00e9 que NO puedo ir a hospitales p\u00fablicos, porque est\u00e1n en peores situaciones que las que estaban hace 15 a\u00f1os y que en un CDI s\u00f3lo me van a dar una pastilla de Dramamine para que me de sue\u00f1o y se me olvide el padecimiento (lo viv\u00ed). \u00a1Eso NO es una matrix, es un hecho!<\/span><\/p>\n<p><span style=\"color: #ffffff\">Yo s\u00f3lo s\u00e9 que cada a\u00f1o tengo que trabajar el doble, para ganar la mitad de lo que ganaba en a\u00f1os anteriores, porque nadie me paga lo que deber\u00eda ser justo, de acuerdo con la inflaci\u00f3n, la devaluaci\u00f3n y mis capacidades.\u00a0\u00a1Eso NO es una matrix, es un hecho!<\/span><\/p>\n<blockquote>\n<p style=\"text-align: center\"><span style=\"color: #ff0000\">Yo s\u00f3lo s\u00e9 que tengo miedo de poner mi nombre real en este escrito, porque seguramente terminar\u00e9 pudri\u00e9ndome en una c\u00e1rcel, por el delito de: \u201cpensar\u201d\u2026 \u00a1Eso NO es una Matrix, es un hecho!.<\/span><\/p>\n<\/blockquote>\n<p><span style=\"color: #ffffff\">Yo s\u00f3lo s\u00e9 que me cuesta un mundo alquilar un apartamento, porque cada vez la gente tiene un peor miedo de alquilar su vivienda, porque comprarlo es simplemente impagable y porque como no tengo carnet del PSUV, no puedo aspirar a la misi\u00f3n vivienda (aunque se construyan con mis impuestos). \u00a1Eso NO es una matrix, es un hecho!.<\/span><\/p>\n<p><span style=\"color: #ffffff\">S\u00f3lo s\u00e9 que he pensado en irme de Venezuela por miedo a que me maten a mis hijos. Tal vez en su Matrix usted me dir\u00e1, (como alguien me dijo en estos d\u00edas): \u201cVas a ir lamerle las botas al imperio\u201d.<\/span><\/p>\n<p><span style=\"color: #ffffff\">No voy a cuestionar esa frase para no extenderme. S\u00f3lo s\u00e9 que mientras escribo este art\u00edculo hay miles de personas ENTRANDO a USA a vivir legal e ilegalmente, mientras hay un exodo enorme de paisanos nuestros SALIENDO de este pa\u00eds con m\u00e1s tristeza que ilusi\u00f3n&#8230; \u00a1Eso NO es una matrix, es un hecho!.<\/span><\/p>\n<p><span style=\"color: #ffffff\">No me ir\u00eda a vivir all\u00e1, pero las balsas van de CUBA para USA, no al rev\u00e9s.<\/span><\/p>\n<p><span style=\"color: #ffffff\">Si usted todav\u00eda pretende atacarme y decir que vivo en una Matrix, est\u00e1 bien, es su punto de vista\u2026 lo respeto.<\/span><\/p>\n<p><span style=\"color: #ffffff\">Lo que si me queda claro, es que con este gobierno me trataron de sacar de una Matrix, para meterme en otra, en la que francamente con todos los hechos que acabo de exponer, NO VIVO MEJOR y que hay mucha gente que coincide conmigo.<\/span><\/p>\n<p><span style=\"color: #ffffff\">Inicialmente los motivos eran buenos, pero en el inter\u00edn del asunto, s\u00f3lo se quedaron en eso, en una \u201cMatrix\u201d de ideas doctrinarias\u2026 No en hechos contundentes y amplios, que debieron beneficiar a \u201ctodos\u201d los venezolanos&#8230;<\/span><\/p>\n<p><span style=\"color: #ffffff\">Lo vivimos todos los d\u00edas los ciudadanos Venezolanos de a pie y estoy seguro que usted tambi\u00e9n con los suyos\u2026\u00a0\u00a1Eso NO es una matrix, es un hecho!.\u00a0<\/span><\/p>\n<p><span style=\"color: #ffffff\">Saludos<\/span><\/p>\n<p><span style=\"color: #ffffff\">Una mujer que habla \u00abDesafianteMente\u00bb, porque se cans\u00f3 de ser sumisa.<\/span><\/p>\n<p><span style=\"color: #ffff00\">Twitter: @DesafianteMente<\/span><\/p>\n","protected":false},"excerpt":{"rendered":"<p>Estimado(a) lector(a) \u00bfEres t\u00fa una persona con sentido cr\u00edtico y apertura para evaluar con objetividad? Si es as\u00ed, este art\u00edculo es para ti\u2026 Lo que ver\u00e1s a continuaci\u00f3n ser\u00e1 una mirada lo m\u00e1s objetiva posible a algunos hechos que suceden en Venezuela. As\u00ed que te recomiendo que tengas paciencia y leas hasta el final, ya [&hellip;]<\/p>\n","protected":false},"author":2876,"featured_media":43514,"comment_status":"open","ping_status":"open","sticky":false,"template":"","format":"standard","meta":{"jetpack_post_was_ever_published":false,"_jetpack_newsletter_access":"","_jetpack_dont_email_post_to_subs":false,"_jetpack_newsletter_tier_id":0,"_jetpack_memberships_contains_paywalled_content":false,"_jetpack_memberships_contains_paid_content":false,"footnotes":"","jetpack_publicize_message":"","jetpack_publicize_feature_enabled":true,"jetpack_social_post_already_shared":false,"jetpack_social_options":{"image_generator_settings":{"template":"highway","default_image_id":0,"font":"","enabled":false},"version":2}},"categories":[1],"tags":[],"class_list":{"0":"post-43513","1":"post","2":"type-post","3":"status-publish","4":"format-standard","5":"has-post-thumbnail","7":"category-azares"},"jetpack_publicize_connections":[],"jetpack_featured_media_url":"https:\/\/i0.wp.com\/www.panfletonegro.com\/v\/wp-content\/uploads\/2014\/03\/Matrix-venezuela.jpg?fit=1280%2C593&ssl=1","jetpack_shortlink":"https:\/\/wp.me\/pfpCD-bjP","jetpack_sharing_enabled":true,"_links":{"self":[{"href":"https:\/\/www.panfletonegro.com\/v\/wp-json\/wp\/v2\/posts\/43513","targetHints":{"allow":["GET"]}}],"collection":[{"href":"https:\/\/www.panfletonegro.com\/v\/wp-json\/wp\/v2\/posts"}],"about":[{"href":"https:\/\/www.panfletonegro.com\/v\/wp-json\/wp\/v2\/types\/post"}],"author":[{"embeddable":true,"href":"https:\/\/www.panfletonegro.com\/v\/wp-json\/wp\/v2\/users\/2876"}],"replies":[{"embeddable":true,"href":"https:\/\/www.panfletonegro.com\/v\/wp-json\/wp\/v2\/comments?post=43513"}],"version-history":[{"count":0,"href":"https:\/\/www.panfletonegro.com\/v\/wp-json\/wp\/v2\/posts\/43513\/revisions"}],"wp:featuredmedia":[{"embeddable":true,"href":"https:\/\/www.panfletonegro.com\/v\/wp-json\/wp\/v2\/media\/43514"}],"wp:attachment":[{"href":"https:\/\/www.panfletonegro.com\/v\/wp-json\/wp\/v2\/media?parent=43513"}],"wp:term":[{"taxonomy":"category","embeddable":true,"href":"https:\/\/www.panfletonegro.com\/v\/wp-json\/wp\/v2\/categories?post=43513"},{"taxonomy":"post_tag","embeddable":true,"href":"https:\/\/www.panfletonegro.com\/v\/wp-json\/wp\/v2\/tags?post=43513"}],"curies":[{"name":"wp","href":"https:\/\/api.w.org\/{rel}","templated":true}]}}