{"id":43511,"date":"2014-03-01T17:35:10","date_gmt":"2014-03-01T22:05:10","guid":{"rendered":"http:\/\/www.panfletonegro.com\/v\/?p=43511"},"modified":"2014-03-01T17:35:10","modified_gmt":"2014-03-01T22:05:10","slug":"carta-los-estudiantes","status":"publish","type":"post","link":"https:\/\/www.panfletonegro.com\/v\/2014\/03\/01\/carta-los-estudiantes\/","title":{"rendered":"CARTA A LOS ESTUDIANTES."},"content":{"rendered":"<p><span style=\"color: #2f2f2f;font-family: tahoma;font-size: large\">QUERIDO\u00a0ESTUDIANTE:\u00a0<\/span><\/p>\n<p><span style=\"color: #2f2f2f;font-family: tahoma;font-size: large\">En honor al t\u00edtulo que hoy ostentas y que llevas con orgullo (eso pienso) quisiera darte algunas recomendaciones, si me lo permites.<\/span><\/p>\n<p><span style=\"color: #2f2f2f;font-family: tahoma;font-size: large\">Quien te escribe, un humilde servidor, ignorante (de muchas) y conocedor (de poqu\u00edsimas) cosas, quiere referirte algunas l\u00edneas con la intenci\u00f3n de llevarte a alg\u00fan tipo de reflexi\u00f3n personal (esperando que Dios me ayude con ese prop\u00f3sito):<\/span><\/p>\n<p><span style=\"color: #2f2f2f;font-family: tahoma;font-size: large\">Primero que nada, aunque ya no estoy en el sistema educativo formal, considero que cada d\u00eda sigo estudiando&#8230; creo que estudio mas ahora que todo lo que hab\u00eda cre\u00eddo terminar durante mis diecisiete (17) a\u00f1os dentro de la educaci\u00f3n acad\u00e9mica. Estudio cada d\u00eda como vivir sabiamente, tratando aprender a recorrer esta vida sin da\u00f1ar a nadie, sin faltar a la ley, sin dejar mis responsabilidades y un mont\u00f3n de cosas mas; tratando de ense\u00f1arme a m\u00ed mismo como vivir mi vida sin desperdiciar ni uno solo de cada minuto que tengo para ser y hacer lo correcto.<\/span><\/p>\n<p><span style=\"color: #2f2f2f;font-family: tahoma;font-size: large\">La segunda materia que curso actualmente es la de \u00abPadre\u00bb&#8230; ufffff&#8230; valla que materia!!! ninguna de las materias que vi en la UDO-Anzo\u00e1tegui; con Isolina Mill\u00e1n (y su nombre puede dar ideas de su car\u00e1cter) ni con ninguno de los muchos otros exigentes profesores que tuve que enfrentar se puede comparar con esta. Ser padre lo terminar\u00e9 de aprender cuando muera o cuando Cristo venga por SU iglesia. Ser padre no es la t\u00edpica asignatura en la que, luego de un examen, ya comienzas a ver ese tema mas f\u00e1cil. Es realmente todo lo contrario. Es mas, tu tratando de ser padre no aprendes cada d\u00eda algo nuevo para llevar adelante a tus hijos, sino que son ellos quienes mas bien detectan una mas de tus tantas estrategias para tratar con ellos y desarrollan su contraestrategia para actuar ante tu presencia. En fin, es un \u00e1rea en la que, para darte aliento, nadie ha aprobado en el primer intento, nadie ha sacado excelentes notas, nadie le puede explicar a otro y sobre todo no existen buenos ni malos profes&#8230; debes ser autodidacta para esta \u00e1rea, esto se aprende solo, con la practica y sobre todo con las mejores ganas; de lo contrario, te la llevaras a reparaci\u00f3n much\u00edsimas veces.<\/span><\/p>\n<p><span style=\"color: #2f2f2f;font-family: tahoma;font-size: large\">Otra asignatura (y la ultima que quiero citar por ahora) que estoy viendo ahora es la de RESPONSABILIDAD. A diferencia de la anterior, en esta, te consigues muchos maestros que pueden y te dan c\u00e1tedra (te\u00f3rica, solo te\u00f3rica). Siempre tienen un serm\u00f3n a flor de labios. Saben utilizar muy bien los recursos disponibles. Su t\u00e9cnica es muy poco ortodoxa, mas bien es muy pragm\u00e1tica. Se limita a su propia experiencia de vida&#8230; ni estiman que eres un individuo con una personalidad y vida propia. En esta me toco entrar por haber aprendido mal algunas cosas, que me hab\u00edan ense\u00f1ado peor aun, pero que en el camino yo las termin\u00e9 de embarrar! Puedo resumir la responsabilidad en \u00abla lucha\u00bb diaria de hacer lo que debes antes de lo que quieres&#8230; esto incluye decisiones, actos, palabras, pensamientos, etc&#8230; y, honestamente, muchas veces, hago lo incorrecto&#8230; aun sabiendo que eso me hace irresponsable.<\/span><\/p>\n<p><span style=\"color: #2f2f2f;font-family: tahoma;font-size: large\">\u00bfA qu\u00e9 quiero llegar con todo esto?<\/span><\/p>\n<p><span style=\"color: #2f2f2f;font-family: tahoma;font-size: large\">Quiero llegar a decirte que, durante todo mi tiempo escolar (bajo la cuarta rep\u00fablica), creo recordar tiempos muy duros&#8230; recuerdo exactamente que en tercer grado, estudiando en la Adriana Rengel de Sequera (en Los Godos), tuve que perder mas de tres meses de clases, debido a un problema con la infraestructura del colegio&#8230; lo que oblig\u00f3 a recuperar ese tiempo, acudiendo a clases posteriormente los d\u00edas s\u00e1bados.\u00a0<\/span><\/p>\n<p><span style=\"color: #2f2f2f;font-family: tahoma;font-size: large\">Recuerdo que en el primer grado, la maestra Miguelina, mujer muy recia y dura, pero muy buena educadora, por un \u00abexceso de disciplina\u00bb hizo que yo me hiciera (literalmente) pop\u00f3 (caca) encima, por no querer dejarme ir al ba\u00f1o; pensando que eran pretensiones m\u00edas&#8230; caus\u00e1ndome la verg\u00fcenza de tener que mostrarme sucio y maloliente as\u00ed ante todo el sal\u00f3n y parte de la escuela.\u00a0<\/span><\/p>\n<p><span style=\"color: #2f2f2f;font-family: tahoma;font-size: large\">Recuerdo que en el cuarto grado, con la maestra Mabel Santeliz, de las mejores que pudieron pasar por mi vida, se tomaba un tiempo diario en \u00abposici\u00f3n de descanso\u00bb, antes del recreo y que los castigos iban desde un palmetazo en las manos hasta pasar determinado tiempo \u00abarrodillado\u00bb sobre chapas (que nosotros mismos deb\u00edamos llevar) en uno de los rincones del sal\u00f3n.<\/span><\/p>\n<p><span style=\"color: #2f2f2f;font-family: tahoma;font-size: large\">Tambi\u00e9n en el tercer grado le promet\u00eda a la maestra Nohem\u00ed (que aun vive en la Av. Orinoco, Edificios Melany Josefina) un aire acondicionado para su sal\u00f3n, que le entregar\u00eda al hacerme un \u00abprofesional\u00bb. Aun debo esa promesa y, si acaso la cumplo, ya no ser\u00e1 precisamente a ella.<\/span><\/p>\n<p><span style=\"color: #2f2f2f;font-family: tahoma;font-size: large\">Pasando al liceo, recuerdo a Juanita Lozada, adem\u00e1s de profesora de Educaci\u00f3n Familiar y Ciudadana, era abogada, pero carec\u00eda mucho de educaci\u00f3n a pesar de su alta formaci\u00f3n acad\u00e9mica. Esta me hac\u00eda la vida tan dif\u00edcil que mi padre, H\u00e9ctor Gonz\u00e1lez Torres, sabiendo que yo era tremendo, fue un d\u00eda a defenderme de ella, porque not\u00f3 el nivel de ensa\u00f1amiento que tenia conmigo&#8230; y era serio. La tuve que soportar en los pasillos del liceo, hasta salir de bachillerato&#8230; y para colmo recib\u00ed mi t\u00edtulo de sus propias manos. Ah\u00ed tambi\u00e9n tuve que enfrentar a \u00c1ngel Romero, mi profesor de F\u00edsica en cuarto y quinto a\u00f1o. Fue el primero en rasparme una materia en toda mi vida. El primer lapso me qued\u00f3 con 09 (y, en el consejo de profesores, que se hace cada final de lapso, se neg\u00f3 a subirme el punto para llegar a 10). Hoy sostengo, con mucho orgullo, que ese ha sido el mejor de todos los profesores al que he tenido que enfrentar, gracias a Dios me ense\u00f1o mucho. Tanto, que no hizo falta estudiar F\u00edsica I y II en la universidad, pues sus ense\u00f1anzas me fueron suficientes.\u00a0<\/span><\/p>\n<p><span style=\"color: #2f2f2f;font-family: tahoma;font-size: large\">De este tiempo hay muchos otros detalles&#8230; hacia la Profesora Miriam M\u00e9ndez sent\u00eda una cierta atracci\u00f3n que, sin gustarme la Contabilidad, me llevaba a estudiar hasta sacar 20 (a\u00f1os despu\u00e9s me la cruzaba en pasillos de la UDO)&#8230; Jos\u00e9 Navarro, gran profe de Matem\u00e1ticas. Jes\u00fas Hern\u00e1ndez Calder\u00edn, me consigui\u00f3 mi primera y \u00fanica chuleta (en todo mi tiempo de lice\u00edsta) cuando estaba culminado mi examen final de lapso de Qu\u00edmica (y que, sea dicho de paso, no hab\u00eda utilizado). Llam\u00f3 a mi padre a retirar esa prueba con un gran cero \u00ab0\u00bb de portada. Luego un d\u00eda me lo consegu\u00ed en las Coleadas en la manga \u00abVitico Zacar\u00edas\u00bb, volcado de la \u00abpea\u00bb en la plataforma de un cami\u00f3n. Nunca mas volvi\u00f3 a merecerme el mismo respeto.<\/span><\/p>\n<p><span style=\"color: #2f2f2f;font-family: tahoma;font-size: large\">Durante todo ese tiempo, en el Mercedes de P\u00e9rez Freites, viaj\u00e1bamos constantemente a Matur\u00edn los viernes o jueves. Regres\u00e1bamos los lunes, saliendo desde las 5am y me iba de una vez con mi uniforme para llegar directo a clases.<\/span><\/p>\n<p><span style=\"color: #2f2f2f;font-family: tahoma;font-size: large\">Fue muy bello todo ese tiempo.<\/span><\/p>\n<p><span style=\"color: #2f2f2f;font-family: tahoma;font-size: large\">Luego bueno, la UDO (ya en la \u00abquinta\u00bb). La casa mas alta de oriente. As\u00ed la llamamos. All\u00ed aflor\u00f3 desde el \u00a0primer d\u00eda la rebeld\u00eda cong\u00e9nita que hab\u00eda en mi, como en cualquier joven. Ah\u00ed tambi\u00e9n me toc\u00f3 tomar una de las mas delicadas decisiones para un joven de ese tiempo: luchar \u00abpor la justicia\u00bb o estudiar. Eleg\u00ed la segunda. Pude reprimir mis deseos libertarios. Tal vez un poco ego\u00edsta, pero al fin y al cabo fue la decisi\u00f3n que me trajo hasta donde estoy.<\/span><\/p>\n<p><span style=\"color: #2f2f2f;font-family: tahoma;font-size: large\">Pudiera seguir contando an\u00e9cdotas y vivencias que creo, si no les sirven, por lo menos les entretendr\u00edan.<\/span><\/p>\n<p><span style=\"color: #2f2f2f;font-family: tahoma;font-size: large\">Pero el meollo de este mensaje es este: en aquellos tiempos tambi\u00e9n hab\u00edan condiciones dif\u00edciles para estudiar, precarias y muy poco accesibles&#8230; recuerdo, y mi mama Bitza Centeno tambi\u00e9n, que un d\u00eda la llam\u00e9 llorando porque mi comida del d\u00eda fue arepa con mantequilla&#8230; pero muchos nos esforzamos y decidimos ESTUDIAR para salir adelante y ser \u00abalguien\u00bb o algo que pudiera aportarle a este PA\u00cdS.\u00a0<\/span><\/p>\n<p><span style=\"color: #2f2f2f;font-family: tahoma;font-size: large\">En aquellos tiempos, a pesar de los escasos recursos, nos encontramos con gente, como algunos de los mencionados, que no haciendo caso de las condiciones, dieron, no solo lo mejor, sino adem\u00e1s lo m\u00e1ximo de s\u00ed mismos, para depositarse en nosotros y ayudarnos a orientarnos en como hacernos ciudadanos de bien. En ese tiempo tambi\u00e9n se quemaban caucho por falta de pupitres, por carencias de transporte, porque no hab\u00edan aires acondicionados, porque los ba\u00f1os no serv\u00edas, etc&#8230; y, a decir verdad, las luchas ten\u00edan, momentaneamente, buenos frutos&#8230; pero, poco tiempo despu\u00e9s, todo volv\u00eda a su estado anterior; a \u00absu\u00bb normalidad&#8230; y eso me llev\u00f3 a pensar: Si el transporte lo utilizamos los\u00a0estudiantes, \u00bfpor qu\u00e9 los quemamos? Si los pupitres son de los\u00a0estudiantes, \u00bfpor qu\u00e9 los da\u00f1amos? Si los ba\u00f1os no los usan los profes y menos los decanos \u00bfpor qu\u00e9 ni siquiera bajamos las pocetas?&#8230; y muchas otras mas interrogantes surgieron dentro de mi conmocionada mente.\u00a0<\/span><\/p>\n<p><span style=\"color: #2f2f2f;font-family: tahoma;font-size: large\">Recientemente (menos de 1 a\u00f1o) note haciendo pasant\u00edas en PDVSA a un dizque \u00abdirigente estudiantil\u00bb de izquierda, que para cuando entr\u00e9 a la UDO Monagas, estaba, no se, en tercero o cuarto semestre&#8230; luego yo me fui al Puerto, me gradu\u00e9, empec\u00e9 a trabajar, me cas\u00e9, tuve hijos. Ah\u00ed entend\u00ed que fue bueno decidir estudiar antes que \u00abluchar por la justicia\u00bb&#8230;<\/span><\/p>\n<p><span style=\"color: #2f2f2f;font-family: tahoma;font-size: large\">Ahora bien, no estoy desestimando las luchas reivindicativas estudiantiles ni mucho menos&#8230; pero si estoy invitando a trascender a otro tipo de LUCHA&#8230; estoy invitando a romper los paradigmas de las \u00abprotesticas\u00bb aisladas que no les benefician a ustedes (sino a los politiqueros) y mas bien perjudican a los transe\u00fantes&#8230; estoy invitando a desarrollar liderazgo estudiantil verdadero&#8230; les estoy diciendo que, a pesar de las condiciones precarias, si las viven; los que las viven, que eso no les desmerezca de estudiar mas y mas y no conformarse con 5 \u00f3 4.5 para pasar sino que luchen por el 10, que tambi\u00e9n es posible. Los estoy invitando a ser \u00edntegros y que si por sus luchas benignas llegan a lugares de eminencia, entonces no abandonen las aulas, no vendan sus cargos por simples \u00abbequitas\u00bb y no cambien o especulen con los cupos a otros que aun est\u00e1n fuera esperando y deseando entrar a la universidad&#8230; les estoy rogando que estudien para formarse integralmente, no solo para retirar un papel vestidos de negro, sino para cambiar sus vidas y maneras de pensar en acuerdo con sus vocaciones y convicciones&#8230; lamentablemente yo tambi\u00e9n pens\u00e9 que todo terminaba cuando recibiera el papel y lanzara hacia arriba el BIRRETE, pero ahora he entendido que mi carrera apenas est\u00e1 empezando&#8230; que mi familia, la sociedad y todo este pa\u00eds necesita lo mejor de mi.<\/span><\/p>\n<p><span style=\"color: #2f2f2f;font-family: tahoma;font-size: large\">Quieren cambiar? Necsitan ver cambios para mejorar? Cambien a Venezuela, cambien las instituciones, cambien las empresas, cambien colegios, liceos y universidades, cambien las maneras de dirigir, cambien los paradigmas o dogmas, cambien la direcci\u00f3n&#8230; cambien todo lo que puedan cambiar&#8230; pero por Favor h\u00e1ganlo cuando hayan entendido que, al igual que yo, ustedes deben y necesitan cambiarse a si mismos primero. Hoy d\u00eda tienen mejores y mayores medios para lograrlo&#8230; en otro tiempo no se hubiese pensado en cambiar nada con simples gritos y consignas. Ahora es menos probable lograrlo cuando la tecnolog\u00eda est\u00e1 a un paso muy peque\u00f1o de desplazar a la capacidad e inteligencia del hombre.<\/span><\/p>\n<p><span style=\"color: #2f2f2f;font-family: tahoma;font-size: large\">Con todo cari\u00f1o, respeto y comprensi\u00f3n: Un Amigo, H\u00e9ctor Gonz\u00e1lez.<\/span><\/p>\n","protected":false},"excerpt":{"rendered":"<p>QUERIDO\u00a0ESTUDIANTE:\u00a0 En honor al t\u00edtulo que hoy ostentas y que llevas con orgullo (eso pienso) quisiera darte algunas recomendaciones, si me lo permites. Quien te escribe, un humilde servidor, ignorante (de muchas) y conocedor (de poqu\u00edsimas) cosas, quiere referirte algunas l\u00edneas con la intenci\u00f3n de llevarte a alg\u00fan tipo de reflexi\u00f3n personal (esperando que Dios [&hellip;]<\/p>\n","protected":false},"author":2877,"featured_media":0,"comment_status":"open","ping_status":"open","sticky":false,"template":"","format":"standard","meta":{"jetpack_post_was_ever_published":false,"_jetpack_newsletter_access":"","_jetpack_dont_email_post_to_subs":false,"_jetpack_newsletter_tier_id":0,"_jetpack_memberships_contains_paywalled_content":false,"_jetpack_memberships_contains_paid_content":false,"footnotes":"","jetpack_publicize_message":"","jetpack_publicize_feature_enabled":true,"jetpack_social_post_already_shared":false,"jetpack_social_options":{"image_generator_settings":{"template":"highway","default_image_id":0,"font":"","enabled":false},"version":2}},"categories":[1],"tags":[],"class_list":{"0":"post-43511","1":"post","2":"type-post","3":"status-publish","4":"format-standard","6":"category-azares"},"jetpack_publicize_connections":[],"jetpack_featured_media_url":"","jetpack_shortlink":"https:\/\/wp.me\/pfpCD-bjN","jetpack_sharing_enabled":true,"_links":{"self":[{"href":"https:\/\/www.panfletonegro.com\/v\/wp-json\/wp\/v2\/posts\/43511","targetHints":{"allow":["GET"]}}],"collection":[{"href":"https:\/\/www.panfletonegro.com\/v\/wp-json\/wp\/v2\/posts"}],"about":[{"href":"https:\/\/www.panfletonegro.com\/v\/wp-json\/wp\/v2\/types\/post"}],"author":[{"embeddable":true,"href":"https:\/\/www.panfletonegro.com\/v\/wp-json\/wp\/v2\/users\/2877"}],"replies":[{"embeddable":true,"href":"https:\/\/www.panfletonegro.com\/v\/wp-json\/wp\/v2\/comments?post=43511"}],"version-history":[{"count":0,"href":"https:\/\/www.panfletonegro.com\/v\/wp-json\/wp\/v2\/posts\/43511\/revisions"}],"wp:attachment":[{"href":"https:\/\/www.panfletonegro.com\/v\/wp-json\/wp\/v2\/media?parent=43511"}],"wp:term":[{"taxonomy":"category","embeddable":true,"href":"https:\/\/www.panfletonegro.com\/v\/wp-json\/wp\/v2\/categories?post=43511"},{"taxonomy":"post_tag","embeddable":true,"href":"https:\/\/www.panfletonegro.com\/v\/wp-json\/wp\/v2\/tags?post=43511"}],"curies":[{"name":"wp","href":"https:\/\/api.w.org\/{rel}","templated":true}]}}