{"id":43462,"date":"2014-03-01T04:53:02","date_gmt":"2014-03-01T09:23:02","guid":{"rendered":"http:\/\/www.panfletonegro.com\/v\/?p=43462"},"modified":"2014-03-01T04:55:05","modified_gmt":"2014-03-01T09:25:05","slug":"abajo-el-poder-de-los-medios","status":"publish","type":"post","link":"https:\/\/www.panfletonegro.com\/v\/2014\/03\/01\/abajo-el-poder-de-los-medios\/","title":{"rendered":"Abajo el poder de los medios"},"content":{"rendered":"<p><img data-recalc-dims=\"1\" loading=\"lazy\" decoding=\"async\" class=\"alignnone\" alt=\"\" src=\"https:\/\/i0.wp.com\/prodavinci.com\/sistema\/wp-content\/uploads\/2014\/02\/Latinoamerica-Cuesta-empinada-por-Beatriz-de-Majo-640.jpg?resize=640%2C300\" width=\"640\" height=\"300\" \/>\u00abNunca la censura fue tan vulgar\u00bb (Fecha Abril 2002)<br \/>\n\u00abEl periodista Andr\u00e9s Izarra renunci\u00f3 a la gerencia de producci\u00f3n de El Observador, ante la p\u00e9rdida de ecuanimidad de RCTV al plegarse a una aventura pol\u00edtica.\u00bb<br \/>\n\u00abRenunci\u00e9 porque en el canal se impuso una l\u00ednea editorial de arriba que censuraba toda informaci\u00f3n\u00bb<br \/>\n\u00abNo se cubrieron las protestas pac\u00edficas de los chavistas en Fuerte Tiuna, tampoco otros disturbios. La l\u00ednea era transmitir la idea de que todo estaba tranquilo en Caracas. Y no era cierto\u00bb.<\/p>\n<p><a href=\"http:\/\/www.talcualdigital.com\/ediciones\/2002\/04\/24\/p15s1.htm\" target=\"_blank\" rel=\"nofollow\">http:\/\/www.talcualdigital.com\/ediciones\/2002\/04\/24\/p15s1.htm<\/a><\/p>\n<p>Los medios de comunicaci\u00f3n han jugado un papel en contra del Pueblo Venezolano, incluyendo ambos bandos. Al d\u00eda de hoy se comportan igual que en el 2002. No cambiaron nada. Siguen respondiendo al billete que les domina. El gobierno no pudo hacer esa fantas\u00eda de un sistema de TV social, del Pueblo y para el Pueblo. Simplemente pintaron de rojo, lo que siempre se pint\u00f3 de mierda.<\/p>\n<p>El poder de los medios tambi\u00e9n debe llegar a un fin. Si por gracias del destino se consigue un cambio pol\u00edtico, qu\u00e9 va a pasar con los propietarios de los medios actuales, vendidos y censurados al gusto oficial. Qu\u00e9 decisiones debemos tomar como colectivo frente a un grup\u00fasculo de poderosos que le han dado la espalda a la Verdad en los momentos mas claves y decisivos.<\/p>\n<p>Y de este Gobierno, nada mas que decir que son unos farsantes. Una gran Estafa, que empez\u00f3 con las fantas\u00edas de H. Chavez y debe morir con las pesadillas de N. Maduro. No para volver al servicio de los E.Unidos como lo aspira Capriles, MCM y Lopez. Sino finalmente hacer un pa\u00eds nuestro, sin pol\u00edticos corruptos ni grupos econ\u00f3micos que nos manipulan y usan de mercanc\u00eda cuando no de carne de ca\u00f1\u00f3n.<\/p>\n<p>Aspiremos a la verdadera libertad!<\/p>\n","protected":false},"excerpt":{"rendered":"<p>\u00abNunca la censura fue tan vulgar\u00bb (Fecha Abril 2002) \u00abEl periodista Andr\u00e9s Izarra renunci\u00f3 a la gerencia de producci\u00f3n de El Observador, ante la p\u00e9rdida de ecuanimidad de RCTV al plegarse a una aventura pol\u00edtica.\u00bb \u00abRenunci\u00e9 porque en el canal se impuso una l\u00ednea editorial de arriba que censuraba toda informaci\u00f3n\u00bb \u00abNo se cubrieron las [&hellip;]<\/p>\n","protected":false},"author":2661,"featured_media":0,"comment_status":"open","ping_status":"open","sticky":false,"template":"","format":"standard","meta":{"jetpack_post_was_ever_published":false,"_jetpack_newsletter_access":"","_jetpack_dont_email_post_to_subs":false,"_jetpack_newsletter_tier_id":0,"_jetpack_memberships_contains_paywalled_content":false,"_jetpack_memberships_contains_paid_content":false,"footnotes":"","jetpack_publicize_message":"","jetpack_publicize_feature_enabled":true,"jetpack_social_post_already_shared":false,"jetpack_social_options":{"image_generator_settings":{"template":"highway","default_image_id":0,"font":"","enabled":false},"version":2}},"categories":[1],"tags":[],"class_list":{"0":"post-43462","1":"post","2":"type-post","3":"status-publish","4":"format-standard","6":"category-azares"},"jetpack_publicize_connections":[],"jetpack_featured_media_url":"","jetpack_shortlink":"https:\/\/wp.me\/pfpCD-bj0","jetpack_sharing_enabled":true,"_links":{"self":[{"href":"https:\/\/www.panfletonegro.com\/v\/wp-json\/wp\/v2\/posts\/43462","targetHints":{"allow":["GET"]}}],"collection":[{"href":"https:\/\/www.panfletonegro.com\/v\/wp-json\/wp\/v2\/posts"}],"about":[{"href":"https:\/\/www.panfletonegro.com\/v\/wp-json\/wp\/v2\/types\/post"}],"author":[{"embeddable":true,"href":"https:\/\/www.panfletonegro.com\/v\/wp-json\/wp\/v2\/users\/2661"}],"replies":[{"embeddable":true,"href":"https:\/\/www.panfletonegro.com\/v\/wp-json\/wp\/v2\/comments?post=43462"}],"version-history":[{"count":0,"href":"https:\/\/www.panfletonegro.com\/v\/wp-json\/wp\/v2\/posts\/43462\/revisions"}],"wp:attachment":[{"href":"https:\/\/www.panfletonegro.com\/v\/wp-json\/wp\/v2\/media?parent=43462"}],"wp:term":[{"taxonomy":"category","embeddable":true,"href":"https:\/\/www.panfletonegro.com\/v\/wp-json\/wp\/v2\/categories?post=43462"},{"taxonomy":"post_tag","embeddable":true,"href":"https:\/\/www.panfletonegro.com\/v\/wp-json\/wp\/v2\/tags?post=43462"}],"curies":[{"name":"wp","href":"https:\/\/api.w.org\/{rel}","templated":true}]}}