{"id":43221,"date":"2014-02-26T17:28:29","date_gmt":"2014-02-26T21:58:29","guid":{"rendered":"http:\/\/www.panfletonegro.com\/v\/?p=43221"},"modified":"2014-10-15T03:22:01","modified_gmt":"2014-10-15T07:52:01","slug":"proposito-del-presente-proposito-de-la-izquierda","status":"publish","type":"post","link":"https:\/\/www.panfletonegro.com\/v\/2014\/02\/26\/proposito-del-presente-proposito-de-la-izquierda\/","title":{"rendered":"Izquierda: a prop\u00f3sito del presente"},"content":{"rendered":"<p>Yo no soy burguesa ni fascista, mucho menos nazi&#8230;! Creo en muchos ideales, que algunos llamar\u00edan de \u00abizquierda\u00bb. El liberalismo no me convence y s\u00ed creo que el capitalismo es una aberraci\u00f3n para la calidad humana.<\/p>\n<p>Yo no nac\u00ed en cuna de oro, no formo parte de la \u00abclase favorecida\u00bb y definitivamente, no soy del este del este: m\u00e1s bien soy del oeste del oeste (en realidad sur-oeste), Caricuao city.<\/p>\n<p>Por ello, no puedo evitar sentirme inc\u00f3moda cuando muchos generalizan conceptos que NO definen a los que estamos en contra de esta falsa revoluci\u00f3n (s\u00ed, falsa revoluci\u00f3n, respeten mi opini\u00f3n) en la cual Venezuela cay\u00f3 por inocente.<\/p>\n<p>M\u00e1s a\u00fan, mi \u00faltima raz\u00f3n para estar en contra de esta \u00abrevoluci\u00f3n\u00bb es ideol\u00f3gica. En primer lugar, estoy en contra por la descomposici\u00f3n social en la que hemos ca\u00eddo. Ciertamente, ning\u00fan gobierno es del todo responsable por el nacimiento de todos los problemas sociales, los cuales se hacen a\u00fan m\u00e1s complejos con el tiempo y la apat\u00eda (reconozcamos que nosotros mismos tenemos culpa en ello), pero s\u00ed es culpable por omisi\u00f3n al no reconocer que, por ejemplo, en el caso de la violencia, estamos en un nivel infrahumano, donde la vida es algo tan abstracto y lejano que no vale nada. Me molesta pensar que muchas vidas se han perdido por celulares, carros, intolerancia, o peor a\u00fan, por diversi\u00f3n. La vida no pareciera valer ni siquiera para, de verdad, ECHARLE BOLAS con una verdadera y sincera pol\u00edtica p\u00fablica, y no un parapeto como la Ley Desarme o el invento del Ministerio para el \u00abServicio Penitenciario\u00bb que s\u00f3lo se ve el nombre y pinturitas en paredes. (S\u00ed, el problema de las c\u00e1rceles es un \u00abcuero seco\u00bb, lo s\u00e9, pero despu\u00e9s de a\u00f1os no se ve mejor\u00eda, ni siquiera un cambio significativo).<\/p>\n<p>Adem\u00e1s de eso, est\u00e1 el detalle de la escasez, la muerte productiva del pa\u00eds y el chiste que es nuestra econom\u00eda&#8230;<\/p>\n<p>Lo que me lleva preguntarme, \u00bfc\u00f3mo vive todo aqu\u00e9l que \u00abapoya\u00bb o \u00abprefiere\u00bb al r\u00e9gimen? \u00bfEst\u00e1n c\u00f3modos haciendo colas para comprar uno o dos kilos de harina pan o az\u00facar? \u00bfuno o dos litros de aceite? \u00bfver si de milagro lleg\u00f3 la leche o el caf\u00e9 para acompa\u00f1ar las arepas en la ma\u00f1ana o, simplemente, para alimentar a sus hijos&#8230;?<\/p>\n<p>Pregunto: \u00bfesto est\u00e1 bien?<\/p>\n<p>Yo me niego a creer que TODO el pueblo \u00abrevolucionaro\u00bb, ni siquiera una tercera parte este conforme con ello. Nadie puede estar conforme alterando sus vidas para destinar dos a veinte horas en colas a la semana para CAZAR COMIDA (o papel tual\u00e9, \u00a1por Dios!). El pueblo no puede conformarse a comer \u00ablo que se consiga\u00bb. Nosotros NO somos un pa\u00eds pobre, hablando en t\u00e9rminos econ\u00f3micos. Nosotros tenemos de todo para sacar este pa\u00eds adelante y recuperar lo que se destruy\u00f3 (productivamente) en 15 a\u00f1os.<\/p>\n<p>Pero lo que nos falta es voluntad y compromiso&#8230;<\/p>\n<p>Y aqu\u00ed hablo de la corrupci\u00f3n. Para m\u00ed esta falsa revoluci\u00f3n hizo maravillas asentando la creencia y el quehacer de que se trabaja en el pa\u00eds, no para servirle, sino para servirse de \u00e9l.<\/p>\n<p>Estas palabras no est\u00e1n destinadas a aquellos que conocen mis ideas, sino para aquellos que temen \u00abarrecharse\u00bb como es debido por todas las carencias en las que Venezuela ha ca\u00eddo. \u00a1Se\u00f1ores! No se trata de escoger un bando. Se trata de escoger TU futuro y lo que quieres en \u00e9l. El cambio no lo hace un grupito pol\u00edtico. el cambio lo hacemos todos, porque el PODER est\u00e1 en nosotros, NO en el gobierno ni en grupitos pol\u00edticos!<\/p>\n<p>Muchos de ustedes creyeron en esa \u00abrevoluci\u00f3n\u00bb. Muchos de ustedes pusieron en el poder a los que hoy est\u00e1n jugando a gobernar un pa\u00eds. Y si no est\u00e1n conforme (como creo que est\u00e1n) ES SU DERECHO reclamar \u00a1y con m\u00e1s raz\u00f3n a\u00fan! porque muchos de ustedes creyeron o creen en la famosa Revoluci\u00f3n Bolivariana. NO ES CORRECTO sentir temor al discrepar. Si te da la gana criticar, \u00a1HAZLO! Si crees que es necesario, \u00a1no te detengas! \u00bfO c\u00f3mo se pretende lograr los sue\u00f1os sin autocr\u00edtica? Por ello pregunto: \u00bf\u00bbellos\u00bb son los \u00fanicos que pueden lograr tus ideales?<\/p>\n<p>El poder est\u00e1 en el pueblo y, enti\u00e9ndase, EL PUEBLO no es s\u00f3lo ese sector \u00abbolivariano\u00bb que no acepta cr\u00edticas, ni los que se oponen a ellos. En estos d\u00edas no se est\u00e1 en las calles por unas elecciones, se est\u00e1 en las calles para salvar a Venezuela del abismo en el que se encuentra. No temas, no est\u00e1s s\u00f3lo&#8230; Somos el mismo pueblo.<\/p>\n<p>Ejerzamos el poder que reside en nosotros y s\u00f3lo en nosotros. Es tu derecho&#8230;<\/p>\n","protected":false},"excerpt":{"rendered":"<p>Yo no soy burguesa ni fascista, mucho menos nazi&#8230;! Creo en muchos ideales, que algunos llamar\u00edan de \u00abizquierda\u00bb. El liberalismo no me convence y s\u00ed creo que el capitalismo es una aberraci\u00f3n para la calidad humana. Yo no nac\u00ed en cuna de oro, no formo parte de la \u00abclase favorecida\u00bb y definitivamente, no soy del [&hellip;]<\/p>\n","protected":false},"author":2837,"featured_media":43237,"comment_status":"open","ping_status":"open","sticky":false,"template":"","format":"standard","meta":{"jetpack_post_was_ever_published":false,"_jetpack_newsletter_access":"","_jetpack_dont_email_post_to_subs":false,"_jetpack_newsletter_tier_id":0,"_jetpack_memberships_contains_paywalled_content":false,"_jetpack_memberships_contains_paid_content":false,"footnotes":"","jetpack_publicize_message":"","jetpack_publicize_feature_enabled":true,"jetpack_social_post_already_shared":false,"jetpack_social_options":{"image_generator_settings":{"template":"highway","default_image_id":0,"font":"","enabled":false},"version":2}},"categories":[3],"tags":[135,67,171,225,2440,704,261,44],"class_list":{"0":"post-43221","1":"post","2":"type-post","3":"status-publish","4":"format-standard","5":"has-post-thumbnail","7":"category-descontento","8":"tag-chavismo","9":"tag-critica","10":"tag-izquierda","11":"tag-libertad-de-expresion","12":"tag-maduro","13":"tag-pueblo","14":"tag-revolucion","15":"tag-venezuela"},"jetpack_publicize_connections":[],"jetpack_featured_media_url":"https:\/\/i0.wp.com\/www.panfletonegro.com\/v\/wp-content\/uploads\/2014\/02\/image5.jpg?fit=1600%2C1067&ssl=1","jetpack_shortlink":"https:\/\/wp.me\/pfpCD-bf7","jetpack_sharing_enabled":true,"_links":{"self":[{"href":"https:\/\/www.panfletonegro.com\/v\/wp-json\/wp\/v2\/posts\/43221","targetHints":{"allow":["GET"]}}],"collection":[{"href":"https:\/\/www.panfletonegro.com\/v\/wp-json\/wp\/v2\/posts"}],"about":[{"href":"https:\/\/www.panfletonegro.com\/v\/wp-json\/wp\/v2\/types\/post"}],"author":[{"embeddable":true,"href":"https:\/\/www.panfletonegro.com\/v\/wp-json\/wp\/v2\/users\/2837"}],"replies":[{"embeddable":true,"href":"https:\/\/www.panfletonegro.com\/v\/wp-json\/wp\/v2\/comments?post=43221"}],"version-history":[{"count":0,"href":"https:\/\/www.panfletonegro.com\/v\/wp-json\/wp\/v2\/posts\/43221\/revisions"}],"wp:featuredmedia":[{"embeddable":true,"href":"https:\/\/www.panfletonegro.com\/v\/wp-json\/wp\/v2\/media\/43237"}],"wp:attachment":[{"href":"https:\/\/www.panfletonegro.com\/v\/wp-json\/wp\/v2\/media?parent=43221"}],"wp:term":[{"taxonomy":"category","embeddable":true,"href":"https:\/\/www.panfletonegro.com\/v\/wp-json\/wp\/v2\/categories?post=43221"},{"taxonomy":"post_tag","embeddable":true,"href":"https:\/\/www.panfletonegro.com\/v\/wp-json\/wp\/v2\/tags?post=43221"}],"curies":[{"name":"wp","href":"https:\/\/api.w.org\/{rel}","templated":true}]}}