{"id":43212,"date":"2014-02-26T16:06:42","date_gmt":"2014-02-26T20:36:42","guid":{"rendered":"http:\/\/www.panfletonegro.com\/v\/?p=43212"},"modified":"2014-02-26T18:24:19","modified_gmt":"2014-02-26T22:54:19","slug":"feliz-de-ser-ni-ni","status":"publish","type":"post","link":"https:\/\/www.panfletonegro.com\/v\/2014\/02\/26\/feliz-de-ser-ni-ni\/","title":{"rendered":"Feliz de ser Ni-Ni"},"content":{"rendered":"<p><a href=\"https:\/\/i0.wp.com\/www.panfletonegro.com\/v\/wp-content\/uploads\/2014\/02\/Enfrentamiento-Estudiantes-y-Policia.png\"><img data-recalc-dims=\"1\" loading=\"lazy\" decoding=\"async\" data-attachment-id=\"43213\" data-permalink=\"https:\/\/www.panfletonegro.com\/v\/2014\/02\/26\/feliz-de-ser-ni-ni\/enfrentamiento-estudiantes-y-policia\/\" data-orig-file=\"https:\/\/i0.wp.com\/www.panfletonegro.com\/v\/wp-content\/uploads\/2014\/02\/Enfrentamiento-Estudiantes-y-Policia.png?fit=1117%2C1492&amp;ssl=1\" data-orig-size=\"1117,1492\" data-comments-opened=\"1\" data-image-meta=\"{&quot;aperture&quot;:&quot;0&quot;,&quot;credit&quot;:&quot;&quot;,&quot;camera&quot;:&quot;&quot;,&quot;caption&quot;:&quot;&quot;,&quot;created_timestamp&quot;:&quot;0&quot;,&quot;copyright&quot;:&quot;&quot;,&quot;focal_length&quot;:&quot;0&quot;,&quot;iso&quot;:&quot;0&quot;,&quot;shutter_speed&quot;:&quot;0&quot;,&quot;title&quot;:&quot;&quot;}\" data-image-title=\"Enfrentamiento Estudiantes y Policia\" data-image-description=\"\" data-image-caption=\"\" data-large-file=\"https:\/\/i0.wp.com\/www.panfletonegro.com\/v\/wp-content\/uploads\/2014\/02\/Enfrentamiento-Estudiantes-y-Policia.png?fit=696%2C930&amp;ssl=1\" class=\"size-medium wp-image-43213 aligncenter\" alt=\"Enfrentamiento Estudiantes y Policia\" src=\"https:\/\/i0.wp.com\/www.panfletonegro.com\/v\/wp-content\/uploads\/2014\/02\/Enfrentamiento-Estudiantes-y-Policia-224x300.png?resize=224%2C300\" width=\"224\" height=\"300\" srcset=\"https:\/\/i0.wp.com\/www.panfletonegro.com\/v\/wp-content\/uploads\/2014\/02\/Enfrentamiento-Estudiantes-y-Policia.png?resize=224%2C300&amp;ssl=1 224w, https:\/\/i0.wp.com\/www.panfletonegro.com\/v\/wp-content\/uploads\/2014\/02\/Enfrentamiento-Estudiantes-y-Policia.png?resize=766%2C1024&amp;ssl=1 766w, https:\/\/i0.wp.com\/www.panfletonegro.com\/v\/wp-content\/uploads\/2014\/02\/Enfrentamiento-Estudiantes-y-Policia.png?resize=320%2C427&amp;ssl=1 320w, https:\/\/i0.wp.com\/www.panfletonegro.com\/v\/wp-content\/uploads\/2014\/02\/Enfrentamiento-Estudiantes-y-Policia.png?resize=145%2C193&amp;ssl=1 145w, https:\/\/i0.wp.com\/www.panfletonegro.com\/v\/wp-content\/uploads\/2014\/02\/Enfrentamiento-Estudiantes-y-Policia.png?resize=495%2C661&amp;ssl=1 495w, https:\/\/i0.wp.com\/www.panfletonegro.com\/v\/wp-content\/uploads\/2014\/02\/Enfrentamiento-Estudiantes-y-Policia.png?resize=670%2C894&amp;ssl=1 670w, https:\/\/i0.wp.com\/www.panfletonegro.com\/v\/wp-content\/uploads\/2014\/02\/Enfrentamiento-Estudiantes-y-Policia.png?w=1117&amp;ssl=1 1117w\" sizes=\"auto, (max-width: 224px) 100vw, 224px\" \/><\/a><\/p>\n<p>\u00ab\u2026Un breve texto descriptivo resume lo que tuvieron que vivir de 1962 a 1998 los j\u00f3venes estudiantes venezolanos, quienes no solamente llevaron adelante una lucha por sus derechos sino que adem\u00e1s enarbolaron la bandera social\u2026<\/p>\n<p>\u2026El disparen primero y averig\u00fcen despu\u00e9s, ordenado por R\u00f3mulo Betancourt para exterminar a los l\u00edderes revolucionarios, fue aplicado sistem\u00e1ticamente contra los estudiantes por los gobiernos de Ra\u00fal Leoni, Rafael Caldera, Carlos Andr\u00e9s P\u00e9rez, Jaime Lusinchi y Luis Herrera Campins. El aparato represivo del Estado fue desplegado con toda su potencia. Asesinatos, desapariciones, torturas, allanamientos, detenciones ilegales, persecuciones pol\u00edticas, entre otras violaciones a los Derechos Humanos, ocurr\u00edan cada vez que los j\u00f3venes tomaban las calles para protestar contra los atropellos, desaciertos y vicios de la Cuarta Rep\u00fablica\u2026<\/p>\n<p>&nbsp;<\/p>\n<p>\u2026Las calles se consolidaron como el mejor escenario para la lucha y el pueblo le fue perdiendo el miedo al aparato represivo gubernamental, al cual enfrent\u00f3 de lleno en febrero de 1989 en los sucesos del Caracazo (o Sacud\u00f3n), primer estallido popular en Am\u00e9rica Latina contra las recetas neoliberales hambreadoras del Fondo Monetario Internacional\u2026\u00bb<\/p>\n<p><b>\u00a0<\/b>Esos son algunos p\u00e1rrafos del texto introductorio de un documento que encontr\u00e9 por casualidad, titulado: \u201c<b>LA REPRESI\u00d3N ESTUDIANTIL DURANTE EL PUNTOFIJISMO A\u00d1OS 60-70-80-90\u201d <\/b>No lo escrib\u00ed yo. Lo public\u00f3 el Ministerio del Poder Popular para la Comunicaci\u00f3n y la Informaci\u00f3n;<b> <\/b><a href=\"http:\/\/www.minci.gob.ve\/publicaciones@minci.gob.ve\">www.minci.gob.ve\/publicaciones@minci.gob.ve<\/a> (lo pueden buscar, y recomiendo lo hagan para que ojeen los art\u00edculos de prensa).<\/p>\n<p>Luego de verlo s\u00f3lo me resta decir:<b>\u00a0LA HISTORIA ES LA MISMA, LO QUE CAMBIAN SON LOS ACTORES.<\/b><b>\u00a0<\/b><\/p>\n<p><b><\/b><span style=\"line-height: 24px\">A unos les pregunto:<\/span><b style=\"line-height: 24px\">\u00a0<\/b><strong>\u00bfcu\u00e1l es la diferencia entre esos estudiantes muertos y los de ahora? \u00bfEsas vidas valen m\u00e1s por pertenecer a luchas contra la \u201cderecha\u201d? \u00bfPor ir contra la \u201cderecha\u201d la lucha de estos estudiantes era digna y no \u201cguarimbera\u201d? \u00bfEstos estudiantes eran pac\u00edficos, nunca hicieron guarimba?<\/strong> A otros les pregunto:<b> \u00bfEst\u00e1s represiones eran justificadas? \u00bfLas autoridades de ese tiempo (Guardia Nacional, Polic\u00eda Metropolitana, etc.) respetaron el derecho a la protesta? \u00bfCu\u00e1l es la diferencia entre la actuaci\u00f3n de los cuerpos de seguridad de ese momento y los de ahora?<\/b><b>\u00a0<\/b><\/p>\n<p>&nbsp;<\/p>\n<p>A todos les pregunto:<b> \u00bf\u00bf\u00bfHASTA CU\u00c1NDO ESTO??? <\/b>Basta de la doble moral, basta de pensar que mi lucha es la \u00fanica que cuenta, basta de creerse due\u00f1os de la raz\u00f3n por ser pobres, clase media o ricos, basta de \u201ccreer que conocen\u201d c\u00f3mo vive el otro sea pobre o no, basta de generalizar y decir que todos los pobres son buenos o todos los ricos son malos, que los pobres son pobres porque le han robado lo que les pertenece y los ricos son ricos porque han robado lo que tienen, \u00a1no siempre es as\u00ed! Es hora de colocarse de verdad en el lugar del otro para<strong> JUNTOS<\/strong> buscar salidas a los problemas. Y tengamos presente que <strong>SIEMPRE<\/strong> el oprimido y el que paga es el <strong>PUEBLO<\/strong> no importa si el gobierno es de derecha o de izquierda, y que <strong>PUEBLO es todo el que no est\u00e1 en el poder sea de derecha o de izquierda.\u00a0<\/strong><\/p>\n<p>Quiz\u00e1s soy algo ut\u00f3pica (estoy segura de ello) pero feliz de no ser NI de derecha NI de izquierda<\/p>\n<p><b>Antrop. Katherine Garc\u00eda Fern\u00e1ndez<\/b><\/p>\n<p><a href=\"http:\/\/www.panfletonegro.com\/v\/wp-content\/uploads\/2014\/02\/Enfrentamiento-Estudiantes-y-Policia.png\">\u00a0<\/a><\/p>\n","protected":false},"excerpt":{"rendered":"<p>\u00ab\u2026Un breve texto descriptivo resume lo que tuvieron que vivir de 1962 a 1998 los j\u00f3venes estudiantes venezolanos, quienes no solamente llevaron adelante una lucha por sus derechos sino que adem\u00e1s enarbolaron la bandera social\u2026 \u2026El disparen primero y averig\u00fcen despu\u00e9s, ordenado por R\u00f3mulo Betancourt para exterminar a los l\u00edderes revolucionarios, fue aplicado sistem\u00e1ticamente contra [&hellip;]<\/p>\n","protected":false},"author":2836,"featured_media":43213,"comment_status":"open","ping_status":"open","sticky":false,"template":"","format":"standard","meta":{"jetpack_post_was_ever_published":false,"_jetpack_newsletter_access":"","_jetpack_dont_email_post_to_subs":false,"_jetpack_newsletter_tier_id":0,"_jetpack_memberships_contains_paywalled_content":false,"_jetpack_memberships_contains_paid_content":false,"footnotes":"","jetpack_publicize_message":"","jetpack_publicize_feature_enabled":true,"jetpack_social_post_already_shared":false,"jetpack_social_options":{"image_generator_settings":{"template":"highway","default_image_id":0,"font":"","enabled":false},"version":2}},"categories":[1],"tags":[],"class_list":{"0":"post-43212","1":"post","2":"type-post","3":"status-publish","4":"format-standard","5":"has-post-thumbnail","7":"category-azares"},"jetpack_publicize_connections":[],"jetpack_featured_media_url":"https:\/\/i0.wp.com\/www.panfletonegro.com\/v\/wp-content\/uploads\/2014\/02\/Enfrentamiento-Estudiantes-y-Policia.png?fit=1117%2C1492&ssl=1","jetpack_shortlink":"https:\/\/wp.me\/pfpCD-beY","jetpack_sharing_enabled":true,"_links":{"self":[{"href":"https:\/\/www.panfletonegro.com\/v\/wp-json\/wp\/v2\/posts\/43212","targetHints":{"allow":["GET"]}}],"collection":[{"href":"https:\/\/www.panfletonegro.com\/v\/wp-json\/wp\/v2\/posts"}],"about":[{"href":"https:\/\/www.panfletonegro.com\/v\/wp-json\/wp\/v2\/types\/post"}],"author":[{"embeddable":true,"href":"https:\/\/www.panfletonegro.com\/v\/wp-json\/wp\/v2\/users\/2836"}],"replies":[{"embeddable":true,"href":"https:\/\/www.panfletonegro.com\/v\/wp-json\/wp\/v2\/comments?post=43212"}],"version-history":[{"count":0,"href":"https:\/\/www.panfletonegro.com\/v\/wp-json\/wp\/v2\/posts\/43212\/revisions"}],"wp:featuredmedia":[{"embeddable":true,"href":"https:\/\/www.panfletonegro.com\/v\/wp-json\/wp\/v2\/media\/43213"}],"wp:attachment":[{"href":"https:\/\/www.panfletonegro.com\/v\/wp-json\/wp\/v2\/media?parent=43212"}],"wp:term":[{"taxonomy":"category","embeddable":true,"href":"https:\/\/www.panfletonegro.com\/v\/wp-json\/wp\/v2\/categories?post=43212"},{"taxonomy":"post_tag","embeddable":true,"href":"https:\/\/www.panfletonegro.com\/v\/wp-json\/wp\/v2\/tags?post=43212"}],"curies":[{"name":"wp","href":"https:\/\/api.w.org\/{rel}","templated":true}]}}