{"id":43207,"date":"2014-02-26T14:35:53","date_gmt":"2014-02-26T19:05:53","guid":{"rendered":"http:\/\/www.panfletonegro.com\/v\/?p=43207"},"modified":"2014-02-26T14:35:53","modified_gmt":"2014-02-26T19:05:53","slug":"cafe-dividido","status":"publish","type":"post","link":"https:\/\/www.panfletonegro.com\/v\/2014\/02\/26\/cafe-dividido\/","title":{"rendered":"Caf\u00e9 dividido"},"content":{"rendered":"<p><a href=\"https:\/\/i0.wp.com\/www.panfletonegro.com\/v\/wp-content\/uploads\/2014\/02\/Caf%C3%A9-01.jpg\"><img data-recalc-dims=\"1\" loading=\"lazy\" decoding=\"async\" data-attachment-id=\"43208\" data-permalink=\"https:\/\/www.panfletonegro.com\/v\/2014\/02\/26\/cafe-dividido\/cafe-01\/\" data-orig-file=\"https:\/\/i0.wp.com\/www.panfletonegro.com\/v\/wp-content\/uploads\/2014\/02\/Caf%C3%A9-01.jpg?fit=1024%2C645&amp;ssl=1\" data-orig-size=\"1024,645\" data-comments-opened=\"1\" data-image-meta=\"{&quot;aperture&quot;:&quot;0&quot;,&quot;credit&quot;:&quot;&quot;,&quot;camera&quot;:&quot;&quot;,&quot;caption&quot;:&quot;&quot;,&quot;created_timestamp&quot;:&quot;0&quot;,&quot;copyright&quot;:&quot;&quot;,&quot;focal_length&quot;:&quot;0&quot;,&quot;iso&quot;:&quot;0&quot;,&quot;shutter_speed&quot;:&quot;0&quot;,&quot;title&quot;:&quot;&quot;}\" data-image-title=\"Caf\u00e9 01\" data-image-description=\"\" data-image-caption=\"\" data-large-file=\"https:\/\/i0.wp.com\/www.panfletonegro.com\/v\/wp-content\/uploads\/2014\/02\/Caf%C3%A9-01.jpg?fit=696%2C438&amp;ssl=1\" class=\"alignnone size-medium wp-image-43208\" alt=\"Caf\u00e9 01\" src=\"https:\/\/i0.wp.com\/www.panfletonegro.com\/v\/wp-content\/uploads\/2014\/02\/Caf%C3%A9-01-300x188.jpg?resize=300%2C188\" width=\"300\" height=\"188\" srcset=\"https:\/\/i0.wp.com\/www.panfletonegro.com\/v\/wp-content\/uploads\/2014\/02\/Caf%C3%A9-01.jpg?resize=300%2C188&amp;ssl=1 300w, https:\/\/i0.wp.com\/www.panfletonegro.com\/v\/wp-content\/uploads\/2014\/02\/Caf%C3%A9-01.jpg?resize=320%2C201&amp;ssl=1 320w, https:\/\/i0.wp.com\/www.panfletonegro.com\/v\/wp-content\/uploads\/2014\/02\/Caf%C3%A9-01.jpg?resize=145%2C91&amp;ssl=1 145w, https:\/\/i0.wp.com\/www.panfletonegro.com\/v\/wp-content\/uploads\/2014\/02\/Caf%C3%A9-01.jpg?resize=495%2C311&amp;ssl=1 495w, https:\/\/i0.wp.com\/www.panfletonegro.com\/v\/wp-content\/uploads\/2014\/02\/Caf%C3%A9-01.jpg?resize=670%2C422&amp;ssl=1 670w, https:\/\/i0.wp.com\/www.panfletonegro.com\/v\/wp-content\/uploads\/2014\/02\/Caf%C3%A9-01.jpg?w=1024&amp;ssl=1 1024w\" sizes=\"auto, (max-width: 300px) 100vw, 300px\" \/><\/a><\/p>\n<p>Espumoso, como siempre, el caf\u00e9 lleg\u00f3 a mi mesa y me dispuse a tomar el recipiente de vidrio y tapa de acero que conten\u00eda el blanco az\u00facar que endulzar\u00eda mi humeante bebida. Bien dulce, como me gusta. Un sorbo y mis o\u00eddos perciben el aumento en la voz de una mujer en la mesa contigua.<\/p>\n<p>\u2014No vale, eso no puede ser. Yo creo que mientras sigamos en la calle habr\u00e1 una soluci\u00f3n.<\/p>\n<p>\u2014S\u00ed, yo tambi\u00e9n creo que deben seguir en la calle, pero no guarimbeando. Ese no puede ser el camino. Estamos criticando al hombre por violento y vamos a atacarlo con la misma violencia. No creo.<\/p>\n<p>El di\u00e1logo era compuesto por un hombre y una mujer. Ella, de uno 35, m\u00e1ximo 37 a\u00f1os, rasgos finos, piel canela, cabello casta\u00f1o bien peinado, de camisa blanca y <i>jeans<\/i>. Sus lentes correctivos eran de una delgada montura que, al tenerlos puestos, le proporcionaban un aspecto intelectual y realzaban su belleza. \u00c9l, quiz\u00e1 unos 38 o 40 a\u00f1os. Piel oscura y cabello azabache. Llevaba un anillo de graduaci\u00f3n, que por el color de la piedra pude deducir que se trataba de un abogado. En su otro anular un anillo matrimonial. De chaqueta de cuero, zapatos bien lustrados y pantal\u00f3n de mezclilla azul. Su finura y precisi\u00f3n al hablar expon\u00edan su preparaci\u00f3n acad\u00e9mica.<\/p>\n<p>\u2014Mira, apenas son doce d\u00edas de protestas \u2014prosigue ella, con m\u00e1s determinaci\u00f3n que antes\u2014. S\u00e9 que van a decirme s\u00e1dica porque han muerto muchos y eso no vale la pena, pero se debe seguir trancando calles y quemando cauchos.<\/p>\n<p>\u2014No vale, as\u00ed no \u2014se lamenta \u00e9l, interrumpiendo el furor de su amiga\u2014. Est\u00e1s errada. Nosotros somos responsables de tener a ese gobierno all\u00ed. Muchos dejamos de ir a votar cuando debimos. Ahora resulta que estamos enemistados con quienes s\u00ed fueron a votar y decidieron que era ese el pa\u00eds que quer\u00edan.<\/p>\n<p>\u2014Yo vot\u00e9, siempre fui a votar.<\/p>\n<p>\u2014Est\u00e1 bien, no lo digo por ti. Pero f\u00edjate, esta historia se me parece mucho a la de abril del 2002: salimos, dejamos que los pol\u00edticos nos manipularan y ellos la cagaron. \u00bfVamos a seguir creyendo en ellos?<\/p>\n<p>\u2014Bueno, alguien debe tomar la iniciativa. Se necesitan l\u00edderes.<\/p>\n<p>\u2014Capriles dijo que no est\u00e1 de acuerdo con las guarimbas. Yo lo apoyo. \u00bfEn qu\u00e9 beneficia eso? En nada.<\/p>\n<p>\u2014Bueno, pero es muy f\u00e1cil hablar desde tu posici\u00f3n. \u00bfPor qu\u00e9 no vas y armas una propuesta y la presentas al pa\u00eds?<\/p>\n<p>\u2014No vale, as\u00ed tampoco es la cosa. En todo caso, creo que ya hay gente con esta propuesta, solo que no las oyen. Prefieren el peo, el bochinche, buscar los muertos. Mira, esta situaci\u00f3n con la guardia nacional da para denunciar al gobierno por cr\u00edmenes de <i>lesa humanidad<\/i>. Pero nadie sale a hacer una denuncia, porque: primero, no conf\u00edan en los poderes judiciales; segundo, si van a hacer la denuncia les van a decir que ellos tambi\u00e9n delinquen al estar cerrando v\u00edas p\u00fablicas.\u00a0 \u00bfEntonces? La salida no puede ser esa. Ah, pero si agarramos y salimos a marchar, sin armas, sin guarimba, todos los d\u00edas, unidos, presentado denuncias para que el gobierno las solucione, dejando atr\u00e1s el rencor y llamando a los chavistas a pensar que ellos tambi\u00e9n son v\u00edctimas, creo que eso ser\u00eda mejor. Y si, aun as\u00ed, nos reprimen con gas y perdigones, bueno, atacaremos de otra forma, pero ya se habr\u00e1 dado un paso en la direcci\u00f3n correcta.<\/p>\n<p>\u2014Es muy bonito lo que dices. Suena realizable, pero no en este pa\u00eds. Ya los medios no cubren las noticias, no hay vitrinas para la denuncia, Capriles est\u00e1 solo y arrinconado, la \u00faltima palabra la tenemos nosotros y es la protesta. No salimos de un dictador lanz\u00e1ndole flores y alzando pancartas.<\/p>\n<p>\u2014Quemando al pa\u00eds no podemos esperar que renazca uno mejor. Habr\u00e1 m\u00e1s odio y rencor.<\/p>\n<p>La pausa fue necesaria. Yo no hab\u00eda podido dejar de verlos y escucharlos. Los que antes seguramente estaban unidos bajo un mismo ideal, ahora estaban divididos por una cuesti\u00f3n de forma pero no de fondo. Un sorbo al caf\u00e9. Respiran. Siguen.<\/p>\n<p>\u2014Ayer me dio una indignaci\u00f3n ver como la guardia esa le daba con el casco a esa pobre muchacha all\u00e1 en Valencia \u2014continu\u00f3 la mujer\u2014. Eso no se hace.<\/p>\n<p>\u2014S\u00ed \u2014asinti\u00f3 \u00e9l, con rostro de lamento\u2014, fue un acto de salvajismo. Igual que lo de Geraldine.<\/p>\n<p>\u2014La gente se va a arrechar y va a terminar explotando. No es a los ricos a los que est\u00e1n atropellando, esa gente es pueblo y habr\u00e1 muchos que votaron por ellos.<\/p>\n<p>\u2014Eso ya no importa. Olvida el tema pol\u00edtico. El accionar debe ser ciudadano. Civil. T\u00fa, yo, el de all\u00e1 y el de ac\u00e1. Estamos mal como pa\u00eds, pero no vamos a un buen final si seguimos as\u00ed.<\/p>\n<p>\u2014\u00bfTe parece que no hemos avanzado?<\/p>\n<p>\u2014No.<\/p>\n<p>\u2014Me parece incre\u00edble que digas eso cuando ya los medios del mundo entero saben qu\u00e9 est\u00e1 pasando aqu\u00ed.<\/p>\n<p>\u2014Solo vendemos primeras planas. Ya.<\/p>\n<p>\u2014\u00bfA ti no te da miedo salir de tu casa en la noche? Cuando vas al supermercado, \u00bfconsigues todo lo que quieres comprar? \u00bfTe alcanza la plata que ganas?<\/p>\n<p>\u2014Claro que no. Es justamente eso. Ya la gente no habla de eso. Habla de protestas y guarimba, de muertos y heridos, y la raz\u00f3n que \u201cencendi\u00f3\u201d todo esto ya est\u00e1 en segundo plano.<\/p>\n<p>Otro silencio. A m\u00ed me provoc\u00f3 otro caf\u00e9 y se lo hice saber al muchacho que atend\u00eda las mesas del local. Humeante e igual de espumoso que el primero, el \u201ccon leche\u201d lleg\u00f3 a mi mesa para la parte final de aquella conversa.<\/p>\n<p>\u2014Algunos se alegraron cuando en Ucrania sacaron al presidente \u2014continu\u00f3 \u00e9l\u2014. Co\u00f1o, Venezuela no es Ucrania. Es est\u00fapida la comparaci\u00f3n. No hay analog\u00edas. Ese tambi\u00e9n es un problema que tenemos. Compramos historias y modelos extranjeros.<\/p>\n<p>Esta vez ella no respondi\u00f3. Solo cambi\u00f3 el tema, volviendo al suyo. Bebi\u00f3 de la taza. Agarr\u00f3 aire.<\/p>\n<p>\u2014Hay que seguir quemando cauchos \u2014dice ella, cambiando el eje de la conversaci\u00f3n\u2014. Y sobre todo ahora que viene el carnaval. El gobierno est\u00e1 como loco esperando que todo el mundo se vaya pa\u2019 la playa y se olvide esto. \u00a1No! No puede haber distracciones.<\/p>\n<p>\u2014\u00bfT\u00fa has salido a hacer guarimbas, quemar caucho y esas cosas? \u2014Pregunta \u00e9l, con cierto asombro.<\/p>\n<p>\u2014Yo s\u00ed. Nada hago quej\u00e1ndome si no aporto. En las ma\u00f1anas voy, tranco mi calle y me regreso a mi casa.<\/p>\n<p>\u2014\u00bfY si te pasa algo? \u00bfTus chamos? Se quedan sin mam\u00e1 y casi sin pap\u00e1, porque \u00e9l ya casi ni los ve.<\/p>\n<p>\u2014Prefiero eso a dejarlos sin pa\u00eds.<\/p>\n<p>\u2014Creo que est\u00e1s demasiado fanatizada. No puedes pensar as\u00ed. Eres una radical tratando de sacar a radicales del pa\u00eds. As\u00ed no.<\/p>\n<p>\u2014\u00bfY qu\u00e9 quieres? Dejar que estos m\u2026 se coman el pa\u00eds a mordiscos y no hacer nada. T\u00fa tienes una hija, \u00bfqu\u00e9 le vas a decir? \u00bfQue cuando pudiste no hiciste nada por salvarle el pa\u00eds donde ella naci\u00f3?<\/p>\n<p>\u2014No s\u00e9 si exageras. Es probable que tengas raz\u00f3n. Pero en todo caso, hay caminos menos violentos y arriesgados para lograr lo que se quiere. Y hay que separar a los pol\u00edticos del pueblo com\u00fan, que a fin de cuentas sufren lo mismo que t\u00fa y que yo.<\/p>\n<p>\u2014Ellos est\u00e1n cegados. Son fan\u00e1ticos.<\/p>\n<p>\u2014T\u00fa tambi\u00e9n.<\/p>\n<p>Una llamada al celular de ella le dio un final abrupto a la discusi\u00f3n. Ella termin\u00f3 despidi\u00e9ndose con un beso en la mejilla mientras a\u00fan ten\u00eda el celular en la oreja. \u00c9l se qued\u00f3 un rato m\u00e1s, terminando su caf\u00e9 y con la mirada perdida en el horizonte limitado de aquel recinto. Quiz\u00e1 por su mente pasaban los mismos pensamientos que por la m\u00eda: tanta discusi\u00f3n, tanto problema, tanto decir y repetir, dimes y diretes para, al final, quedar en el mismo punto. Un pa\u00eds dividido no se recupera con m\u00e1s divisiones.<\/p>\n","protected":false},"excerpt":{"rendered":"<p>Espumoso, como siempre, el caf\u00e9 lleg\u00f3 a mi mesa y me dispuse a tomar el recipiente de vidrio y tapa de acero que conten\u00eda el blanco az\u00facar que endulzar\u00eda mi humeante bebida. Bien dulce, como me gusta. Un sorbo y mis o\u00eddos perciben el aumento en la voz de una mujer en la mesa contigua. [&hellip;]<\/p>\n","protected":false},"author":2835,"featured_media":43208,"comment_status":"open","ping_status":"open","sticky":false,"template":"","format":"standard","meta":{"jetpack_post_was_ever_published":false,"_jetpack_newsletter_access":"","_jetpack_dont_email_post_to_subs":false,"_jetpack_newsletter_tier_id":0,"_jetpack_memberships_contains_paywalled_content":false,"_jetpack_memberships_contains_paid_content":false,"footnotes":"","jetpack_publicize_message":"","jetpack_publicize_feature_enabled":true,"jetpack_social_post_already_shared":false,"jetpack_social_options":{"image_generator_settings":{"template":"highway","default_image_id":0,"font":"","enabled":false},"version":2}},"categories":[1],"tags":[],"class_list":{"0":"post-43207","1":"post","2":"type-post","3":"status-publish","4":"format-standard","5":"has-post-thumbnail","7":"category-azares"},"jetpack_publicize_connections":[],"jetpack_featured_media_url":"https:\/\/i0.wp.com\/www.panfletonegro.com\/v\/wp-content\/uploads\/2014\/02\/Caf%C3%A9-01.jpg?fit=1024%2C645&ssl=1","jetpack_shortlink":"https:\/\/wp.me\/pfpCD-beT","jetpack_sharing_enabled":true,"_links":{"self":[{"href":"https:\/\/www.panfletonegro.com\/v\/wp-json\/wp\/v2\/posts\/43207","targetHints":{"allow":["GET"]}}],"collection":[{"href":"https:\/\/www.panfletonegro.com\/v\/wp-json\/wp\/v2\/posts"}],"about":[{"href":"https:\/\/www.panfletonegro.com\/v\/wp-json\/wp\/v2\/types\/post"}],"author":[{"embeddable":true,"href":"https:\/\/www.panfletonegro.com\/v\/wp-json\/wp\/v2\/users\/2835"}],"replies":[{"embeddable":true,"href":"https:\/\/www.panfletonegro.com\/v\/wp-json\/wp\/v2\/comments?post=43207"}],"version-history":[{"count":0,"href":"https:\/\/www.panfletonegro.com\/v\/wp-json\/wp\/v2\/posts\/43207\/revisions"}],"wp:featuredmedia":[{"embeddable":true,"href":"https:\/\/www.panfletonegro.com\/v\/wp-json\/wp\/v2\/media\/43208"}],"wp:attachment":[{"href":"https:\/\/www.panfletonegro.com\/v\/wp-json\/wp\/v2\/media?parent=43207"}],"wp:term":[{"taxonomy":"category","embeddable":true,"href":"https:\/\/www.panfletonegro.com\/v\/wp-json\/wp\/v2\/categories?post=43207"},{"taxonomy":"post_tag","embeddable":true,"href":"https:\/\/www.panfletonegro.com\/v\/wp-json\/wp\/v2\/tags?post=43207"}],"curies":[{"name":"wp","href":"https:\/\/api.w.org\/{rel}","templated":true}]}}