{"id":43178,"date":"2014-02-25T22:47:44","date_gmt":"2014-02-26T03:17:44","guid":{"rendered":"http:\/\/www.panfletonegro.com\/v\/?p=43178"},"modified":"2014-02-25T22:47:44","modified_gmt":"2014-02-26T03:17:44","slug":"carta-abierta-todos-mis-compatriotas-reflexiones-y-preguntas-2","status":"publish","type":"post","link":"https:\/\/www.panfletonegro.com\/v\/2014\/02\/25\/carta-abierta-todos-mis-compatriotas-reflexiones-y-preguntas-2\/","title":{"rendered":"CARTA ABIERTA A TODOS MIS COMPATRIOTAS. REFLEXIONES Y PREGUNTAS."},"content":{"rendered":"<div>Estas lineas\u00a0est\u00e1n\u00a0escritas con\u00a0indignaci\u00f3n y sobre todo amor por mi\u00a0pa\u00eds.<\/div>\n<div><\/div>\n<div>No\u00a0comparto\u00a0posiciones partidistas ni tengo aspiraciones\u00a0pol\u00edticas. Estos negros y\u00a0blancos son solo lo que pienso.<b><i>\u00a0Si alguien se ofende, tiene derecho a replica.<\/i><\/b><\/div>\n<div><\/div>\n<div>Creo que la actual situaci\u00f3n nos obliga a detenernos por un instante a reflexionar. No creo que sea el momento de estar pensando en flores, corazoncitos, cupido y esa cuerda de idioteces que se han metido en nuestras mentes gracias al poder de las corporaciones. \u00bfC\u00f3mo se puede celebrar el d\u00eda del\u00a0<b><i>AMOR Y LA AMISTAD<\/i><\/b>\u00a0cuando lo que est\u00e1 en el aire es\u00a0<b><i>ODIO E INTOLERANCIA<\/i><\/b>?<\/div>\n<div><\/div>\n<div>A\u00f1oro los tiempos en los cuales los chamos pod\u00edan jugar en la calle sin mayor peligro que un rasp\u00f3n en la rodilla, cuando las discusiones en una reuni\u00f3n social eran principalmente por el beisbol y por lo general era una joda con cerveza, cuando la mayor preocupaci\u00f3n de un padre al enviar a sus hijos a la escuela era que ensuciara el uniforme o que no le prestara atenci\u00f3n a la maestra. Por desgracia ahora solo son recuerdos de una \u00e9poca de cuando \u00e9ramos felices y no lo sab\u00edamos.\u00a0<b><i>En que MIERDA se est\u00e1 convirtiendo esto<\/i><\/b>.<\/div>\n<div><\/div>\n<div><b><i>El ser humano siempre ha tenido la tendencia a buscar culpables para todo<\/i><\/b>, desde que la B\u00edblica\u00a0<b><i>Eva<\/i><\/b>\u00a0le di\u00f3 la manzana a\u00a0<b><i>Ad\u00e1n<\/i><\/b>\u00a0en adelante.\u00a0<b><i>Todos y cada uno de nosotros tenemos nuestra cuota de responsabilidad en la situaci\u00f3n actual del pa\u00eds<\/i><\/b>, sin embargo unos tienen mucha m\u00e1s carga.<\/div>\n<div><\/div>\n<div>La Oposici\u00f3n culpa al Gobierno y el Gobierno a la Oposici\u00f3n, como es y ser\u00e1 por los siglos de los siglos, pero que tan cierto es esto.\u00a0<b><i>\u00bfEl punto neur\u00e1lgico no estar\u00e1 m\u00e1s bien en que como naci\u00f3n no nos comportamos como tal sino que pensamos en funci\u00f3n del \u201cYO\u201d y no en el \u201cNOSOTROS\u201d?<\/i><\/b><\/div>\n<div><\/div>\n<div>No podemos dejar en manos de una \u201c<b><i>DIRIGENCIA POLITICA<\/i><\/b>\u201d el destino del pa\u00eds. Todos y cada uno de los \u201c<i><b>GOBERNANTES<\/b><\/i>\u201d que han pasado por la silla de Miraflores han demostrado su total incapacidad o despreocupaci\u00f3n a la hora de encaminar el pa\u00eds hacia el progreso, y reitero al pa\u00eds, por que cuando de beneficios propios se trata ah\u00ed si son una eminencia.<\/div>\n<div><\/div>\n<div>\u00bfCu\u00e1ndo ser\u00e1 que tanto los gobernantes como la poblaci\u00f3n en general entiendan que quien est\u00e1 en esa silla no es un todo P<b><i>ODEROSO\u00a0 DUE\u00d1O y SE\u00d1OR DEL PA\u00cdS<\/i><\/b>, por el contrario, es un \u201c<b><i>EMPLEADO del ESTADO<\/i><\/b>\u201d (hay que diferenciar bien los t\u00e9rminos ESTADO y GOBIERNO) cuya funci\u00f3n es administrar de la mejor manera posible los bienes de la naci\u00f3n para garantizar el beneficio de todos y como cualquier empleado si no cumple con su trabajo est\u00e1 sujeto a sanciones?<\/div>\n<div><\/div>\n<div>No es ning\u00fan secreto que la situaci\u00f3n econ\u00f3mica del pa\u00eds se est\u00e1 yendo al carajo. A veces no estoy seguro si es simple estupidez \u00f3 conveniencia (para los que mandan claro), pero las pol\u00edticas que se han y est\u00e1n aplicando han demostrado ser una mierda. Bien lo dijo Haile Selassie I: \u201c<b><i>Un pa\u00eds y una poblaci\u00f3n que sea autosuficiente mediante el desarrollo de la agricultura, podr\u00e1 mirar hacia el futuro con confianza<\/i><\/b>\u201d. \u00bfC\u00f3mo un pa\u00eds como Venezuela con grandes extensiones de tierras f\u00e9rtiles para la agricultura y la ganader\u00eda; 3.726 km de costa, 348.176 km<sup>2<\/sup>\u00a0de Zona econ\u00f3mica exclusiva y grandes r\u00edos con potencial pesquero, tenga la necesidad de IMPORTAR ALIMENTOS?<\/div>\n<div><\/div>\n<div>Las reservas internacionales son pr\u00e1cticamente nulas, debido en gran parte o que casi todo lo que se consume en el pa\u00eds proviene del extranjero o necesita insumos que provienen de otros pa\u00edses y se pagan en d\u00f3lares. El \u00fanico recurso que se exporta en la actualidad es el bendito petr\u00f3leo y sin embargo, la mayor parte nos las pagan con caraotas (que tampoco se ven). Claro que\u00a0<b><i>una econom\u00eda que funcione as\u00ed est\u00e1 destinada al fracaso<\/i><\/b>.<\/div>\n<div><\/div>\n<div><b><i>No estoy en desacuerdo con una integraci\u00f3n regional<\/i><\/b>\u00a0que ayude a las naciones del continente a fortalecerse econ\u00f3micamente ante los cambios globales, sin embargo la cooperaci\u00f3n debe ser equitativa de manera que todos obtengan beneficios, no lo que se pretende o se est\u00e1 haciendo , usar la riqueza petrolera venezolana para consolidar la econom\u00eda de otros pa\u00edses mientras la nuestra se hunde en el abismo. P<b><i>ara poder ayudar a otros primero debemos estar bien nosotros<\/i><\/b>.<\/div>\n<div><\/div>\n<div>Es dif\u00edcil encontrar actualmente una poblaci\u00f3n en el territorio nacional donde se pueda decir que te sientes tranquilo o seguro. Las malas pol\u00edticas aplicadas en materia de seguridad ciudadana desde 1958 en adelante (si todo esto tiene sus ra\u00edces en los inicios de la democracia) se han convertido en un c\u00e1ncer que est\u00e1 matando lentamente a nuestra sociedad y en la \u00faltima d\u00e9cada ha hecho met\u00e1stasis desde las grandes urbes hasta las poblaciones m\u00e1s peque\u00f1as del pa\u00eds.<\/div>\n<div><\/div>\n<div><b><i>El remedio que se ha querido administrar no est\u00e1 m\u00e1s all\u00e1 de un placebo<\/i><\/b>\u00a0que llaman<b><i>PLANES<\/i><\/b>\u00a0que no son m\u00e1s que un amasijo de frases repetitivas que no plantean acciones especificas para llegar a un objetivo. Por falta de legislaci\u00f3n no es. Tenemos leyes hasta para respirar, pero no hay quien las haga cumplir, por lo tanto, muchos se las pasan por el forro. \u00bfC\u00f3mo se justifica que grupos organizados armados totalmente fuera de ley, hagan y deshagan c\u00f3mo y por donde les d\u00e9 la gana? Si por casualidad un delincuente es detenido, sale al d\u00eda siguiente, y si llega a ser trasladado a una c\u00e1rcel, trabaja mejor dentro que fuera, disfrutando de todas las comodidades habidas y por haber, eso s\u00ed, si es un pendejo cualquiera que se rob\u00f3 un pan duro porque ten\u00eda hambre, lo condenan de una vez a pena m\u00e1xima y a ver si dura vivo un d\u00eda en la c\u00e1rcel.<\/div>\n<div><\/div>\n<div>La educaci\u00f3n est\u00e1 cada d\u00eda peor. Es muy cierto que la poblaci\u00f3n del pa\u00eds es mucho mayor ahora que hace 15 a\u00f1os, pero, m\u00e1s all\u00e1 de cambiarle el nombre a escuelas y liceos o crear nuevas universidades sin un pensum de estudios basado en el saber y por el contrario, fundamentado en el pensamiento pol\u00edtico (o pol\u00edtiquero) \u00bfNo ser\u00eda mejor invertir en infraestructura, dotaci\u00f3n y fortalecimiento de las instituciones ya establecidas? Es necesario llegar a comunidades o poblaciones donde en el pasado no exist\u00edan centros educativos, pero no con cuatro paredes adoctr\u00ednantes, si no con casas de estudio cuyo fin sea difundir el conocimiento en todas sus ramas.<\/div>\n<div><\/div>\n<div><b><i>En el pa\u00eds, existe gran talento humano formado en todas las \u00e1reas de las ciencias<\/i><\/b>\u00a0 que adem\u00e1s de poder realizar aportes para el desarrollo de la naci\u00f3n pudieran ser formadores de las generaciones de relevo, sin embargo, no se toman en cuenta o se execran por diferencias en el pensamiento pol\u00edtico. Esto da a parecer que se juega a reprimir el saber en fusi\u00f3n de mantener al pueblo en penumbras. En referencia a esto, se podr\u00edan integrar\u00a0 dos frases, una del filosof\u00f3 griego Epicteto y la otra de las ingles Francis Bacon: \u201c<b><i>S\u00d3LO LOS INSTRUIDOS SON LIBRES<\/i><\/b>\u201d ya que \u201c<b><i>EL CONOCIMIENTO ES PODER<\/i><\/b>\u201d.<\/div>\n<div><\/div>\n<div>La tesis de que hay contenidos que deben ser eliminados de los pensum de estudio (no por ser errados o falsos, si no por estar fuera del dogma) es f\u00e1cilmente rebatible, tal como el florentino Leonardo Da Vinci expres\u00f3: \u201c<b><i>LA ADQUISICI\u00d3N DE CUALQUIER CONOCIMIENTO ES SIEMPRE \u00daTIL AL INTELECTO, QUE SABR\u00c1 DESCARTAR LO MALO Y CONSERVAR LO BUENO<\/i><\/b>\u201d. Si los\u00a0 centros de estudios creados por este gobierno son de tan buena calidad, \u00bfPor qu\u00e9 los hijos y nietos de los gobernantes no estudian en ellos?<\/div>\n<div><\/div>\n<div>Si de salud se trata, el SISTEMA P\u00daBLICO DE SALUD es la guinda de la torta. Hospitales y ambulatorios sin insumos, sin personal y con infraestructura claramente deteriorada es lo que impera en todo el territorio. Si es cierto que se han \u201c<b><i>INAUGURADO<\/i><\/b>\u201d decenas de CDI y Barrio adentro durante los 15 a\u00f1os de revoluci\u00f3n, que tienen como objeto llevar atenci\u00f3n medica a todos los ciudadanos, pero, \u00bfP<b><i>or qu\u00e9 gran parte de ellos han tenido que ser reinaugurados<\/i><\/b>? \u00bfPor qu\u00e9 es raro que cuenten con insumos para atender a los pacientes? El gobierno impulso esta misi\u00f3n en vista de que la asistencia en materia de salud era de dif\u00edcil acceso a la ciudadan\u00eda, los hospitales no daban abasto a los requerimientos y la salud en general estaba monopolizada por el sector privado, la cual hab\u00eda convertido la salud en un negocio, pero, \u00bfPor qu\u00e9 no fortalecer en todo nivel el sistema existente, dotando mejor a los centros hospitalarios, ampliando la cobertura de geogr\u00e1fica del mismo y prestando un servicio de alto nivel y capacidad de respuesta? No creo que la soluci\u00f3n este en inaugurar edificios, m\u00e1s bien en fortalecer el sistema en s\u00ed. Si el sistema de salud p\u00fablica fuera excelente, \u00bfAlguien ir\u00eda a una cl\u00ednica privada? Si el sistema es tan bueno, \u00bfPor qu\u00e9 ning\u00fan gobernante ni sus familiares lo utilizan? \u00bfPor qu\u00e9 los organismos p\u00fablicos siguen dependiendo de la salud privada para la atenci\u00f3n de sus trabajadores?<\/div>\n<div><\/div>\n<div>Es importante destacar que\u00a0<b><i>no comparto la opini\u00f3n de que los m\u00e9dicos cubanos que realizan misi\u00f3n en el pa\u00eds<\/i><\/b>\u00a0sean unos mediocres y par\u00e1sitos, para mi estos profesionales cumplen con su labor dentro de lo que pueden, al igual que los venezolanos que laboran en el sistema de salud p\u00fablica, pero de igual manera pienso que los recursos invertidos en mantener el convenio de cooperaci\u00f3n medica con la mayor de las Antillas pueden ser empleados en fortalecer la formaci\u00f3n de profesionales en el pa\u00eds bas\u00e1ndose en los \u00faltimos adelantos en la materia, adem\u00e1s de llevar las remuneraciones de los m\u00e9dicos nacionales a niveles dignos de la profesi\u00f3n, lo cual motivar\u00eda a los galenos a integrar el sistema p\u00fablico de salud.<\/div>\n<div><\/div>\n<div>Bajo el contexto planteado, \u00bf<b><i>Es entendible que exista descontento en la poblaci\u00f3n de un pa\u00eds que tiene m\u00e1s preguntas que respuestas<\/i><\/b>?<\/div>\n<div><\/div>\n<div>No recuerdo que los Presidentes de la Rep\u00fablica Bolivariana de Venezuela durante la revoluci\u00f3n hayan\u00a0<b><i>admitido sus errores como propios\u00a0<\/i><\/b>y realizaran un llamado a encontrar soluciones entre todos para resarcir los da\u00f1os. Por el contrario, volvemos a la b\u00fasqueda de culpables con el objetivo de tapar los errores cometidos.\u00a0<b><i>No se pueden corregir las fallas si no se admiten primero<\/i><\/b>.<\/div>\n<div><\/div>\n<div><b><i>Los dirigentes de oposici\u00f3n por su parte, exhiben las fallas del gobierno pero aun no les he escuchado plantear una soluci\u00f3n<\/i><\/b>.<\/div>\n<div><\/div>\n<div><b><i>Ya basta de esperar al mes\u00edas<\/i><\/b>. Todos y cada uno de los ciudadanos estamos en el<b><i>derecho y el deber de exigirle al gobierno respuestas<\/i><\/b>\u00a0en materia de sus competencias y este a su vez como empleado que es de la naci\u00f3n est\u00e1 en el deber de dar respuesta oportuna. No debemos esperar que el dirigente tal o cual sea el que se abandere como un\u00a0<b><i>Cid Campeador<\/i><\/b>, pero tampoco podemos esperar a que el gobierno realice los cambios necesarios cuando ni siquiera admiten sus fallos.<\/div>\n<div><\/div>\n<div>Hay que estar claros en que cada ciudadano de esta rep\u00fablica tiene derecho a exigir lo que le parece justo, pero teniendo en cuenta que\u00a0<b><i>los derechos de unos terminan cuando comienzan los de los dem\u00e1s<\/i><\/b>. Debemos reclamar al gobierno soluciones, pero sin caer en el discurso y acciones violentas, que mas all\u00e1 de aportar algo van en detrimento y desconceptualizaci\u00f3n de lo exigido.<\/div>\n<div><\/div>\n<div>Ya basta de que si el\u00a0<b><i>fascismo, comunismo, socialismo, nacionalismo, capitalismo, narcisismo, hipnotismo, conformismo, despotismo,\u00a0 anarquismo, amiguismo, idolatrismo, idealismo, partidismo<\/i><\/b>; si se quiere construir pa\u00eds empecemos por evaluar nuestros errores, admit\u00e1moslos y con esa base fortalezcamos esas debilidades.<\/div>\n<div><\/div>\n<div><b><i>Yo hace tiempo perd\u00ed la capacidad de creer en dirigentes<\/i><\/b>\u00a0de cualquier tendencia. Como dijo Rousseau \u201c<b><i>El gobierno tuvo su origen en el prop\u00f3sito de encontrar una forma de asociaci\u00f3n que defienda y proteja la persona y la propiedad de cada cual con la fuerza com\u00fan de todos<\/i><\/b>\u201d, sin embargo, la historia nos dice que quien se monta en la silla termina<b><i>convirtiendo su prop\u00f3sito en defender y proteger su persona y su propiedad a costillas com\u00fan y de todos<\/i><\/b>.<\/div>\n<div><\/div>\n<div>Lo \u00fanico que puede decirse en que son buenos los pol\u00edticos (a nivel mundial) es seguir los principios recabados por \u00a0<b><i>Joseph Goebbels<\/i><\/b>:<\/div>\n<div><\/div>\n<div><\/div>\n<ul>\n<li><b><i>Principio de simplificaci\u00f3n del enemigo \u00fanico<\/i><\/b>. Adoptar una \u00fanica idea, un \u00fanico s\u00edmbolo.\u00a0<b><i>Individualizar al adversario en un \u00fanico enemigo<\/i><\/b>.<\/li>\n<\/ul>\n<ul>\n<li>\u00a0<b><i>Principio del m\u00e9todo de contagi<\/i><\/b>o. Reunir diversos adversarios en una sola categor\u00eda o individuo. Los adversarios han de constituirse en suma individualizada.<\/li>\n<\/ul>\n<ul>\n<li>\u00a0<b><i>Principio de la transposici\u00f3n<\/i><\/b>. Cargar sobre el adversario los propios errores o defectos, respondiendo el ataque con el ataque. \u00ab<b><i>Si no puedes negar las malas noticias, inventa otras que las distraigan<\/i><\/b>\u00ab.<\/li>\n<\/ul>\n<ul>\n<li><b><i>Principio de la exageraci\u00f3n y desfiguraci\u00f3<\/i><\/b><i><b>n<\/b><\/i>. Convertir cualquier an\u00e9cdota, por peque\u00f1a que sea, en amenaza grave.<\/li>\n<\/ul>\n<ul>\n<li>\u00a0<b><i>Principio de la vulgarizaci\u00f3<\/i><\/b>n. \u00abToda propaganda debe ser popular, adaptando su nivel al menos inteligente de los individuos a los que va dirigida. Cuanto m\u00e1s grande sea la masa a convencer, m\u00e1s peque\u00f1o ha de ser el esfuerzo mental a realizar.\u00a0<b><i>La capacidad receptiva de las masas es limitada y su comprensi\u00f3n escasa; adem\u00e1s, tienen gran facilidad para olvidar<\/i><\/b>\u00ab.<\/li>\n<\/ul>\n<ul>\n<li><i><b>Principio de orquestaci\u00f3n<\/b><\/i>. \u00abLa propaganda debe limitarse a un n\u00famero peque\u00f1o de ideas y repetirlas incansablemente, presentarlas una y otra vez desde diferentes perspectivas, pero siempre convergiendo sobre el mismo concepto. Sin fisuras ni dudas\u00bb. De aqu\u00ed viene tambi\u00e9n la famosa frase:\u00bb<b><i>Si una mentira se repite suficientemente, acaba por convertirse en verdad<\/i><\/b>\u00ab.<\/li>\n<\/ul>\n<ul>\n<li>\u00a0<b><i>Principio de renovaci\u00f3n<\/i><\/b>. Hay que emitir constantemente informaciones y argumentos nuevos a un ritmo tal que, cuando el adversario responda, el p\u00fablico est\u00e1 ya interesado en otra cosa. Las respuestas del adversario nunca han de poder contrarrestar el nivel creciente de acusaciones.<\/li>\n<\/ul>\n<ul>\n<li><b><i>Principio de la verosimilitud<\/i><\/b>. Construir argumentos a partir de fuentes diversas, a trav\u00e9s de los llamados globos sondas o de informaciones fragmentarias.<\/li>\n<\/ul>\n<ul>\n<li><i><b>Principio de la silenciaci\u00f3n<\/b><\/i>. Acallar las cuestiones sobre las que no se tienen argumentos y disimular las noticias que favorecen el adversario, tambi\u00e9n contraprogramando con la ayuda de medios de comunicaci\u00f3n afines.<\/li>\n<\/ul>\n<ul>\n<li><b><i>\u00a0<\/i><\/b><b><i>Principio de la transfusi\u00f3n<\/i><\/b>. Por regla general, la propaganda opera siempre a partir de un sustrato preexistente, ya sea una mitolog\u00eda nacional o un complejo de odios y prejuicios tradicionales.\u00a0<b><i>Se trata de difundir argumentos que puedan arraigar en actitudes primitivas<\/i><\/b>.<\/li>\n<\/ul>\n<ul>\n<li><b><i>Principio de la unanimidad<\/i><\/b>. Llegar a convencer a mucha gente que piensa \u00abcomo todo el mundo\u00bb, creando una falsa impresi\u00f3n de unanimidad.<\/li>\n<\/ul>\n<div>Entonces,\u00a0<b><i>no creo que ni los supuestos l\u00edderes ni los pol\u00edticos en general puedan solucionar algo<\/i><\/b>\u00a0si el ciudadano com\u00fan se mantiene vendado y arreado como ganado.\u00a0<b><i>El que tiene el poder no lo quiere perder y su adversario ambiciona ese poder<\/i><\/b>.<\/div>\n<div><\/div>\n<div>Cambi\u00e9monos como pa\u00eds, como naci\u00f3n, como pueblo, como padres, como hijos y como gente, el \u201cCHIP\u201d de borregos por el de accionarios, contribuyendo con nuestras acciones a que nuestra patria sea lo que debe ser:\u00a0<b><i>UNA TIERRA LIBRE DE PENSAMIENTO, CRITICA PARA RECONOCER LOS ERRORES, HUMILDE Y SABIA PARA PODER RECTIFICAR Y TRABAJADORA PARA SURGIR<\/i><\/b>. No perdamos lo que siempre ha caracterizado al venezolano:\u00a0<b><i>LA VENEZOLANIDAD<\/i><\/b>.<\/div>\n<p>&nbsp;<\/p>\n","protected":false},"excerpt":{"rendered":"<p>Estas lineas\u00a0est\u00e1n\u00a0escritas con\u00a0indignaci\u00f3n y sobre todo amor por mi\u00a0pa\u00eds. No\u00a0comparto\u00a0posiciones partidistas ni tengo aspiraciones\u00a0pol\u00edticas. Estos negros y\u00a0blancos son solo lo que pienso.\u00a0Si alguien se ofende, tiene derecho a replica. Creo que la actual situaci\u00f3n nos obliga a detenernos por un instante a reflexionar. No creo que sea el momento de estar pensando en flores, corazoncitos, [&hellip;]<\/p>\n","protected":false},"author":2824,"featured_media":0,"comment_status":"open","ping_status":"open","sticky":false,"template":"","format":"standard","meta":{"jetpack_post_was_ever_published":false,"_jetpack_newsletter_access":"","_jetpack_dont_email_post_to_subs":false,"_jetpack_newsletter_tier_id":0,"_jetpack_memberships_contains_paywalled_content":false,"_jetpack_memberships_contains_paid_content":false,"footnotes":"","jetpack_publicize_message":"","jetpack_publicize_feature_enabled":true,"jetpack_social_post_already_shared":false,"jetpack_social_options":{"image_generator_settings":{"template":"highway","default_image_id":0,"font":"","enabled":false},"version":2}},"categories":[1],"tags":[],"class_list":{"0":"post-43178","1":"post","2":"type-post","3":"status-publish","4":"format-standard","6":"category-azares"},"jetpack_publicize_connections":[],"jetpack_featured_media_url":"","jetpack_shortlink":"https:\/\/wp.me\/pfpCD-beq","jetpack_sharing_enabled":true,"_links":{"self":[{"href":"https:\/\/www.panfletonegro.com\/v\/wp-json\/wp\/v2\/posts\/43178","targetHints":{"allow":["GET"]}}],"collection":[{"href":"https:\/\/www.panfletonegro.com\/v\/wp-json\/wp\/v2\/posts"}],"about":[{"href":"https:\/\/www.panfletonegro.com\/v\/wp-json\/wp\/v2\/types\/post"}],"author":[{"embeddable":true,"href":"https:\/\/www.panfletonegro.com\/v\/wp-json\/wp\/v2\/users\/2824"}],"replies":[{"embeddable":true,"href":"https:\/\/www.panfletonegro.com\/v\/wp-json\/wp\/v2\/comments?post=43178"}],"version-history":[{"count":0,"href":"https:\/\/www.panfletonegro.com\/v\/wp-json\/wp\/v2\/posts\/43178\/revisions"}],"wp:attachment":[{"href":"https:\/\/www.panfletonegro.com\/v\/wp-json\/wp\/v2\/media?parent=43178"}],"wp:term":[{"taxonomy":"category","embeddable":true,"href":"https:\/\/www.panfletonegro.com\/v\/wp-json\/wp\/v2\/categories?post=43178"},{"taxonomy":"post_tag","embeddable":true,"href":"https:\/\/www.panfletonegro.com\/v\/wp-json\/wp\/v2\/tags?post=43178"}],"curies":[{"name":"wp","href":"https:\/\/api.w.org\/{rel}","templated":true}]}}