{"id":43161,"date":"2014-02-26T04:42:55","date_gmt":"2014-02-26T09:12:55","guid":{"rendered":"http:\/\/www.panfletonegro.com\/v\/?p=43161"},"modified":"2014-02-28T16:42:24","modified_gmt":"2014-02-28T21:12:24","slug":"la-matriz-la-batalla-se-pelea-conectado","status":"publish","type":"post","link":"https:\/\/www.panfletonegro.com\/v\/2014\/02\/26\/la-matriz-la-batalla-se-pelea-conectado\/","title":{"rendered":"La Matriz: la batalla se pelea conectado"},"content":{"rendered":"<p><em>[Este es un escrito en respuesta al excelente art\u00edtulo <a href=\"http:\/\/www.panfletonegro.com\/v\/2014\/02\/25\/la-matrix-historia-relatada-por-un-ex-chavista\/\">publicado aqui<\/a>. L<\/em><em>a \u00fanica utilidad que tienen estas palabras es de enriquecer la idea original, no de buscar<\/em> <em>quien est\u00e1 equivocado y quien no, en verdad todos lo estamos]<\/em><\/p>\n<p><img data-recalc-dims=\"1\" loading=\"lazy\" decoding=\"async\" class=\"alignnone\" alt=\"\" src=\"https:\/\/i0.wp.com\/www.panfletonegro.com\/v\/wp-content\/uploads\/2014\/02\/matrix-chavez1.jpg?resize=696%2C209\" width=\"696\" height=\"209\" \/><\/p>\n<p>&nbsp;<\/p>\n<p>Despu\u00e9s de estar un buen tiempo fuera de Venezuela ganandote la vida, cuando\u00a0 vuelves y te paseas por donde los amigos familiares, garantizado te van a golpear unas r\u00e1fagas de la campa\u00f1as medi\u00e1ticas oficialista y opositoras: un televisor prendido, unas vayas y un familiar\/amigo que te asalta con su mon\u00f3logo.<\/p>\n<p>La Matriz no es solo para los innombrables, es para t\u00f3dos. Si dejas la adicci\u00f3n a ella te das cuenta que ambas ret\u00f3ricas entran en un mismo paquete y te saben a mierda: ya te saliste de la Matriz, est\u00e1s de visita. Donde esta la catira y el bistec?<\/p>\n<p>En el post mencionado se habla de la realidad virtual de los innombrables. Si aquel post fue del ex-innombrablista.\u00a0 Este es el del ex-ciudadano<\/p>\n<p>&nbsp;<\/p>\n<p>HAY QUE SACARLO!<\/p>\n<p>Ese es el paradigma que hay en la mente del opositor desde.. que, 2001? Es una urgencia que se respira. Tus acciones son acordes, m\u00e1s si eres joven. Si te planteas \u00abhay que sacarlo\u00bb no vas a sentarte a pensar que \u00ab[&#8230;] pero con protestas bien pensadas, con prop\u00f3sito y organizaci\u00f3n, el mensaje llegar\u00e1 m\u00e1s lejos [&#8230;]\u00bb<\/p>\n<p>Te paras te contagias del fervor de la marcha y pides un cambio ya, carajo!&#8230;..\u00a0 Pero ya va, como es que llegaste a este estado mental de extremo <strong>animi stercoris<\/strong>? Cual exactamente son tus expectativas?<\/p>\n<p>&nbsp;<\/p>\n<p>PORQUE SI NO EL TE SACA A TI!<\/p>\n<p>Cuando yo estaba estudiando en Venezuela particip\u00e9 en un par de marchas escu\u00e1lidas.<\/p>\n<p>Cuando yo marchaba (yo ignoraba much\u00edsimo mas de lo que ignoro ahora) estaba muy arrecho, por qu\u00e9? porque la ret\u00f3rica del innombrable dec\u00eda directamente que me odiaba y que toda su pol\u00edtica era contra mi. Me dijo simplemente \u00abo tu o yo\u00bb. Por eso yo estaba en ese estado de animi stercoris, \u00abs\u00e1calo a el\u00bb pensaba. Eso me mantuvo en la Matriz.<\/p>\n<p>Pero a lo que quiero llegar es que en un tiempo despu\u00e9s se armaron las guarimbas, a eso no me atrev\u00ed.<\/p>\n<p>&nbsp;<\/p>\n<p>PERO TU NO EMPEZASTE LAS GUARIMBAS<\/p>\n<p>Te diste cuenta del orden?\u00a0 Primero marchas, despu\u00e9s guarimbas.<\/p>\n<p>Yo recibi gas del bueno en una concentraci\u00f3n en que no ten\u00edamos ni 2000 personas y donde no se hab\u00eda lanzado una piedra -es m\u00e1s, el cord\u00f3n de la guardia se movi\u00f3 del distribuidor antes de que nos formaramos, no hab\u00eda a donde tirar nada nisiquiera-<br \/>\nDespu\u00e9s de meses de esas f\u00f3rmulas fue que se armaron las guarimbas: te imponen terror y as\u00ed respondes.<\/p>\n<p>Lo que ha pasado en estas semanas de 2014 es una reactuaci\u00f3n flash de esa din\u00e1mica. Primero llego la marcha y la protesta, despu\u00e9s el terror, despu\u00e9s las guarimbas. O no? Pedir parar las guarimbas equivale a pedir parar la din\u00e1mica y por ende las marchas: estas en estado animi stercoris!, apagar el fuego te va poner flojo y mentalmente termina para ti<br \/>\ntu protesta vas a buscar un descanso.<\/p>\n<p>Y tu no las empezaste! Tu saliste fu\u00e9 a protestar en paz, pero no te dejan.<\/p>\n<p>&nbsp;<\/p>\n<p>POR ESO..<\/p>\n<p>No me parece que las guarimbas es algo que se puede \u00abparar\u00bb para dar lugar a \u00abalgo mejor\u00bb. La situaci\u00f3n se degrad\u00f3 hasta ese punto y el objetivo de las guarimbas no es desconectar a los innombrables de la matriz.. es solamente una reacci\u00f3n.<\/p>\n<p>Mucho m\u00e1s importante, lo que paso hace a\u00f1os tuvo un caracter mucho mas vand\u00e1lico porque fue maquinado por pol\u00edticos (OJO, el estado de degradaci\u00f3n la protesta ya estaba, osea la condici\u00f3n ya estaba) pero lo que pasa hoy fue alrev\u00e9s: los hechos arrastraron a los pol\u00edticos. El que no tiene esto claro no deber\u00eda de armar discusiones.<\/p>\n<p>Como ciudadano que vive fuera de la Matriz ir\u00eda mas bien a mantener la protesta. No a quemar nada, pero no me pondr\u00eda a intentar desconectar a quien se me cruce.. en ese momento -cito- \u00abest\u00e1n tan habituados, dependen tan desesperadamente del sistema que pelear\u00e1n para protegerlo\u00bb.<\/p>\n<p>Si eres un ex-innombrablista, digamos, \u00abindignado\u00bb lo ideal seria que salieras a organizar una protesta pac\u00edfica pidiendo al gobierno que haga una negociaci\u00f3n para que cesen las protestas violentas, basados en el hecho que son su responsabilidad y que no crees en la teor\u00eda de que es un golpe. Es un sue\u00f1o, pero eso traer\u00eda el punto quiebre.<\/p>\n<p>&nbsp;<\/p>\n<p>EN POCAS PALABRAS<\/p>\n<p>El objetivo de quemar un caucho no es convencer al vecino de que se pase a mi bando. Es una reacci\u00f3n. No es una \u00abmala manera\u00bb lo que se hace hoy, es a lo que lleg\u00f3, y si quieres detenerlo detendr\u00edas la protesta original.<\/p>\n<p>No ves que.. en toda la puta trilog\u00eda la batalla se d\u00e1 y ah\u00ed estaba todav\u00eda pr\u00e1cticamente todo el mundo conectado a la Matriz&#8230;?<\/p>\n<p>&nbsp;<\/p>\n<p><em>P.D animi stercori simplemente escribi estiercol mente en google translate, al latin. No es ningun termino serio.<\/em><\/p>\n","protected":false},"excerpt":{"rendered":"<p>[Este es un escrito en respuesta al excelente art\u00edtulo publicado aqui. La \u00fanica utilidad que tienen estas palabras es de enriquecer la idea original, no de buscar quien est\u00e1 equivocado y quien no, en verdad todos lo estamos] &nbsp; Despu\u00e9s de estar un buen tiempo fuera de Venezuela ganandote la vida, cuando\u00a0 vuelves y te [&hellip;]<\/p>\n","protected":false},"author":2706,"featured_media":0,"comment_status":"open","ping_status":"open","sticky":false,"template":"","format":"standard","meta":{"jetpack_post_was_ever_published":false,"_jetpack_newsletter_access":"","_jetpack_dont_email_post_to_subs":false,"_jetpack_newsletter_tier_id":0,"_jetpack_memberships_contains_paywalled_content":false,"_jetpack_memberships_contains_paid_content":false,"footnotes":"","jetpack_publicize_message":"","jetpack_publicize_feature_enabled":true,"jetpack_social_post_already_shared":false,"jetpack_social_options":{"image_generator_settings":{"template":"highway","default_image_id":0,"font":"","enabled":false},"version":2}},"categories":[3],"tags":[946,2196,2942,2975],"class_list":{"0":"post-43161","1":"post","2":"type-post","3":"status-publish","4":"format-standard","6":"category-descontento","7":"tag-emigracion","8":"tag-guarimba","9":"tag-guarimbas","10":"tag-matrix"},"jetpack_publicize_connections":[],"jetpack_featured_media_url":"","jetpack_shortlink":"https:\/\/wp.me\/pfpCD-be9","jetpack_sharing_enabled":true,"_links":{"self":[{"href":"https:\/\/www.panfletonegro.com\/v\/wp-json\/wp\/v2\/posts\/43161","targetHints":{"allow":["GET"]}}],"collection":[{"href":"https:\/\/www.panfletonegro.com\/v\/wp-json\/wp\/v2\/posts"}],"about":[{"href":"https:\/\/www.panfletonegro.com\/v\/wp-json\/wp\/v2\/types\/post"}],"author":[{"embeddable":true,"href":"https:\/\/www.panfletonegro.com\/v\/wp-json\/wp\/v2\/users\/2706"}],"replies":[{"embeddable":true,"href":"https:\/\/www.panfletonegro.com\/v\/wp-json\/wp\/v2\/comments?post=43161"}],"version-history":[{"count":0,"href":"https:\/\/www.panfletonegro.com\/v\/wp-json\/wp\/v2\/posts\/43161\/revisions"}],"wp:attachment":[{"href":"https:\/\/www.panfletonegro.com\/v\/wp-json\/wp\/v2\/media?parent=43161"}],"wp:term":[{"taxonomy":"category","embeddable":true,"href":"https:\/\/www.panfletonegro.com\/v\/wp-json\/wp\/v2\/categories?post=43161"},{"taxonomy":"post_tag","embeddable":true,"href":"https:\/\/www.panfletonegro.com\/v\/wp-json\/wp\/v2\/tags?post=43161"}],"curies":[{"name":"wp","href":"https:\/\/api.w.org\/{rel}","templated":true}]}}