{"id":42961,"date":"2014-02-23T10:21:46","date_gmt":"2014-02-23T14:51:46","guid":{"rendered":"http:\/\/www.panfletonegro.com\/v\/?p=42961"},"modified":"2014-02-23T10:54:36","modified_gmt":"2014-02-23T15:24:36","slug":"llorando-espero-al-hombre-que-yo-quiero","status":"publish","type":"post","link":"https:\/\/www.panfletonegro.com\/v\/2014\/02\/23\/llorando-espero-al-hombre-que-yo-quiero\/","title":{"rendered":"&#8216;LLORANDO&#8217; ESPERO AL HOMBRE QUE YO QUIERO"},"content":{"rendered":"<p><strong><em><a href=\"https:\/\/i0.wp.com\/www.panfletonegro.com\/v\/wp-content\/uploads\/2014\/02\/image1.jpg\"><img data-recalc-dims=\"1\" loading=\"lazy\" decoding=\"async\" data-attachment-id=\"42962\" data-permalink=\"https:\/\/www.panfletonegro.com\/v\/2014\/02\/23\/llorando-espero-al-hombre-que-yo-quiero\/image-6\/\" data-orig-file=\"https:\/\/i0.wp.com\/www.panfletonegro.com\/v\/wp-content\/uploads\/2014\/02\/image1.jpg?fit=762%2C768&amp;ssl=1\" data-orig-size=\"762,768\" data-comments-opened=\"1\" data-image-meta=\"{&quot;aperture&quot;:&quot;0&quot;,&quot;credit&quot;:&quot;&quot;,&quot;camera&quot;:&quot;&quot;,&quot;caption&quot;:&quot;&quot;,&quot;created_timestamp&quot;:&quot;0&quot;,&quot;copyright&quot;:&quot;&quot;,&quot;focal_length&quot;:&quot;0&quot;,&quot;iso&quot;:&quot;0&quot;,&quot;shutter_speed&quot;:&quot;0&quot;,&quot;title&quot;:&quot;&quot;}\" data-image-title=\"image\" data-image-description=\"\" data-image-caption=\"\" data-large-file=\"https:\/\/i0.wp.com\/www.panfletonegro.com\/v\/wp-content\/uploads\/2014\/02\/image1.jpg?fit=696%2C701&amp;ssl=1\" class=\"alignnone size-medium wp-image-42962\" alt=\"image\" src=\"https:\/\/i0.wp.com\/www.panfletonegro.com\/v\/wp-content\/uploads\/2014\/02\/image1-297x300.jpg?resize=297%2C300\" width=\"297\" height=\"300\" srcset=\"https:\/\/i0.wp.com\/www.panfletonegro.com\/v\/wp-content\/uploads\/2014\/02\/image1.jpg?resize=297%2C300&amp;ssl=1 297w, https:\/\/i0.wp.com\/www.panfletonegro.com\/v\/wp-content\/uploads\/2014\/02\/image1.jpg?resize=320%2C322&amp;ssl=1 320w, https:\/\/i0.wp.com\/www.panfletonegro.com\/v\/wp-content\/uploads\/2014\/02\/image1.jpg?resize=75%2C75&amp;ssl=1 75w, https:\/\/i0.wp.com\/www.panfletonegro.com\/v\/wp-content\/uploads\/2014\/02\/image1.jpg?resize=145%2C146&amp;ssl=1 145w, https:\/\/i0.wp.com\/www.panfletonegro.com\/v\/wp-content\/uploads\/2014\/02\/image1.jpg?resize=495%2C498&amp;ssl=1 495w, https:\/\/i0.wp.com\/www.panfletonegro.com\/v\/wp-content\/uploads\/2014\/02\/image1.jpg?resize=670%2C675&amp;ssl=1 670w, https:\/\/i0.wp.com\/www.panfletonegro.com\/v\/wp-content\/uploads\/2014\/02\/image1.jpg?w=762&amp;ssl=1 762w\" sizes=\"auto, (max-width: 297px) 100vw, 297px\" \/><\/a><\/em><\/strong><\/p>\n<blockquote>\n<div>-Estrag\u00f3n: Vamonos.<\/div>\n<div>-Vladimir: No podemos.<\/div>\n<div>-Estrag\u00f3n: \u00bfPor qu\u00e9?<\/div>\n<div>-Vladimir: Esperamos a Godot.<\/div>\n<div>-Estrag\u00f3n: Es cierto.<\/div>\n<div><\/div>\n<div>Extracto de \u00abEsperando a Godot\u00bb de Samuel Beckett.<\/div>\n<\/blockquote>\n<div><\/div>\n<div>\n<div>\n<p>Tengo 40 a\u00f1os, recuerdo la emoci\u00f3n que me invadi\u00f3, la primera vez que fui a votar en unas presidenciales. Vot\u00e9 por Alvarez Paz, porque me pareci\u00f3 el menos malo, pudo haber influ\u00eddo que tuve la oportunidad de conocerlo y me pareci\u00f3 un tipo l\u00f3gico. Gan\u00f3 Caldera. No me gusta perder, me sent\u00ed frustrado.<\/p>\n<p>Mi segunda oportunidad fue a\u00fan m\u00e1s frustrante, la verdad no me ve\u00eda reflejado, ni en Ch\u00e1vez, ni en Salas R\u00f6mer, cuantimenos en Irene S\u00e1ez: un golpista, un oligarca y una ex-reina de belleza -pensaba rasc\u00e1ndome la cabeza. Decid\u00ed votar, a duras penas por el menos malo, el oligarca, no sin antes cuestionarme s\u00ed votar o no votar por Ch\u00e1vez, cuyo discurso me convenc\u00eda, pero sus acciones anteriores lo condenaban, al menos ante mis ojos.<\/p>\n<p>En mi tercera ocasi\u00f3n, las elecciones del 2000, ante la alternativa en contra Ch\u00e1vez: Francisco Arias C\u00e1rdenas, decid\u00ed votar por el menos malo: Claudio Ferm\u00edn. S\u00ed, yo fui una de las seis personas que votamos por \u00e9l.<\/p>\n<p>En mi cuarta ocasi\u00f3n 2006, no pude votar. Ya estaba viviendo en NY y por una argucia burocr\u00e1tica, fui silenciado. De haberlo hecho, hubiese votado por Rosales, de nuevo, considerando que era el menos malo.<\/p>\n<p>En las elecciones del 2012, vote por Capriles. Con un poco m\u00e1s de experiencia y criterio, sab\u00eda que era cuesta arriba, sab\u00eda que ning\u00fan chavista serio se iba a sumar a su propuesta. En mi cabeza algo estaba muy claro: el pr\u00f3ximo l\u00edder unificador del pa\u00eds, va a venir del chavismo. Pero ese l\u00edder a\u00fan no se manifestaba, as\u00ed que vot\u00e9 por el menos malo.<\/p>\n<p>En el 2013 ante Maduro y Capriles, vot\u00e9, de nuevo, por el menos malo.<\/p>\n<p>Me entristece que no llegue el bueno y parafraseando la canci\u00f3n popularizada por Sarita Montiel&#8230; \u00abLlorando espero al hombre que yo quiero\u00bb jam\u00e1s pens\u00e9 que me iba a autodedicar \u00e9sta canci\u00f3n, pero as\u00ed me siento.<\/p>\n<p>Ahora no estamos en elecciones, lo que nos estamos jugando es la Salvaci\u00f3n Nacional. Sin embargo para avanzar debemos tomar una postura. Con eso en mente y en estos d\u00edas de polarizaci\u00f3n, te invito a que te preguntes, \u00bfqui\u00e9nes son los menos malos ahora? No soy fan de la MUD, en lo absoluto, pero, como ha sido una constante en mi historia personal, en esta crisis, voy a decidir estar del lado de los menos malos.<\/p>\n<p>&nbsp;<\/p>\n<\/div>\n<div><\/div>\n<p>&nbsp;<\/p>\n<\/div>\n","protected":false},"excerpt":{"rendered":"<p>-Estrag\u00f3n: Vamonos. -Vladimir: No podemos. -Estrag\u00f3n: \u00bfPor qu\u00e9? -Vladimir: Esperamos a Godot. -Estrag\u00f3n: Es cierto. Extracto de \u00abEsperando a Godot\u00bb de Samuel Beckett. Tengo 40 a\u00f1os, recuerdo la emoci\u00f3n que me invadi\u00f3, la primera vez que fui a votar en unas presidenciales. Vot\u00e9 por Alvarez Paz, porque me pareci\u00f3 el menos malo, pudo haber influ\u00eddo [&hellip;]<\/p>\n","protected":false},"author":2713,"featured_media":42962,"comment_status":"open","ping_status":"open","sticky":false,"template":"","format":"standard","meta":{"jetpack_post_was_ever_published":false,"_jetpack_newsletter_access":"","_jetpack_dont_email_post_to_subs":false,"_jetpack_newsletter_tier_id":0,"_jetpack_memberships_contains_paywalled_content":false,"_jetpack_memberships_contains_paid_content":false,"footnotes":"","jetpack_publicize_message":"","jetpack_publicize_feature_enabled":true,"jetpack_social_post_already_shared":false,"jetpack_social_options":{"image_generator_settings":{"template":"highway","default_image_id":0,"font":"","enabled":false},"version":2}},"categories":[3],"tags":[1756,45,2966,1031,2963,2965,2962,2964,2955,44],"class_list":{"0":"post-42961","1":"post","2":"type-post","3":"status-publish","4":"format-standard","5":"has-post-thumbnail","7":"category-descontento","8":"tag-capriles","9":"tag-chavez","10":"tag-claudio-fermin","11":"tag-crisis","12":"tag-irene-saez","13":"tag-manuel-rosales","14":"tag-salas-romer","15":"tag-sarita-montiel","16":"tag-venezolanos","17":"tag-venezuela"},"jetpack_publicize_connections":[],"jetpack_featured_media_url":"https:\/\/i0.wp.com\/www.panfletonegro.com\/v\/wp-content\/uploads\/2014\/02\/image1.jpg?fit=762%2C768&ssl=1","jetpack_shortlink":"https:\/\/wp.me\/pfpCD-baV","jetpack_sharing_enabled":true,"_links":{"self":[{"href":"https:\/\/www.panfletonegro.com\/v\/wp-json\/wp\/v2\/posts\/42961","targetHints":{"allow":["GET"]}}],"collection":[{"href":"https:\/\/www.panfletonegro.com\/v\/wp-json\/wp\/v2\/posts"}],"about":[{"href":"https:\/\/www.panfletonegro.com\/v\/wp-json\/wp\/v2\/types\/post"}],"author":[{"embeddable":true,"href":"https:\/\/www.panfletonegro.com\/v\/wp-json\/wp\/v2\/users\/2713"}],"replies":[{"embeddable":true,"href":"https:\/\/www.panfletonegro.com\/v\/wp-json\/wp\/v2\/comments?post=42961"}],"version-history":[{"count":0,"href":"https:\/\/www.panfletonegro.com\/v\/wp-json\/wp\/v2\/posts\/42961\/revisions"}],"wp:featuredmedia":[{"embeddable":true,"href":"https:\/\/www.panfletonegro.com\/v\/wp-json\/wp\/v2\/media\/42962"}],"wp:attachment":[{"href":"https:\/\/www.panfletonegro.com\/v\/wp-json\/wp\/v2\/media?parent=42961"}],"wp:term":[{"taxonomy":"category","embeddable":true,"href":"https:\/\/www.panfletonegro.com\/v\/wp-json\/wp\/v2\/categories?post=42961"},{"taxonomy":"post_tag","embeddable":true,"href":"https:\/\/www.panfletonegro.com\/v\/wp-json\/wp\/v2\/tags?post=42961"}],"curies":[{"name":"wp","href":"https:\/\/api.w.org\/{rel}","templated":true}]}}