{"id":42825,"date":"2014-02-21T20:47:42","date_gmt":"2014-02-22T01:17:42","guid":{"rendered":"http:\/\/www.panfletonegro.com\/v\/?p=42825"},"modified":"2014-03-02T05:06:54","modified_gmt":"2014-03-02T09:36:54","slug":"gochos-venezolanos-resteados","status":"publish","type":"post","link":"https:\/\/www.panfletonegro.com\/v\/2014\/02\/21\/gochos-venezolanos-resteados\/","title":{"rendered":"Gochos, venezolanos resteados."},"content":{"rendered":"<p><img data-recalc-dims=\"1\" loading=\"lazy\" decoding=\"async\" class=\"aligncenter\" alt=\"\" src=\"https:\/\/i0.wp.com\/www.panfletonegro.com\/v\/wp-content\/uploads\/2014\/02\/tachi.jpg?resize=599%2C443\" width=\"599\" height=\"443\" \/><\/p>\n<p align=\"justify\">Mi familia materna es de Pregonero Edo. T\u00e1chira y mi familia paterna es de Zea Edo. M\u00e9rida, orgulloso de ser andino hasta la medula y gocho hasta los tu\u00e9tanos, como la tierra en donde nac\u00ed y crec\u00ed.No pertenezco a ning\u00fan partido pol\u00edtico y mi \u00fanico inter\u00e9s en la pol\u00edtica es que beneficie a todos los venezolanos por igual independientemente del partido que sean.<\/p>\n<p align=\"justify\">158 a\u00f1os de fundado tiene nuestro Estado y la pol\u00edtica ha sido pan nuestro de cada d\u00eda, no por casualidad hemos tenido 07 presidentesque han salido de nuestra tierra y gobernado Venezuela! De izquierda, centro y derecha, todos los partidos han tenido que pasar por nuestra regi\u00f3n para probar su temple y nos reconocen como cr\u00edticos por nuestra cultura pol\u00edtica, pero jam\u00e1s hemos permitido que nuestras familias se vean afectadas por diferencias en nuestros ideales. Siempre hemos convivido en paz! hasta este momento\u2026<\/p>\n<p align=\"justify\">Nuestro gentilicio es suficientemente complejo como para que observadores internacionales por m\u00e1s agudos y sabios que puedan ser, no consigan respuesta ante el \u00bfpor qu\u00e9? de nuestro c\u00f3digo de confianza y solidaridad para con nuestros paisanos, solidaridad que hoy manifiesto a los cuatro vientos pidiendo sea seguida por todos los venezolanos y quienes tengan cualquier v\u00ednculo con nuestra Venezuela.<\/p>\n<p align=\"justify\">Por primera vez nuestro estado est\u00e1 siendo v\u00edctima de un ataque desproporcionado e injusto de parte de un gobierno, fuerzas armadas especialesse enfrentan a un pueblo desarmado. La noche del Mi\u00e9rcoles 19 fue probablemente una de las noches m\u00e1s tensas en nuestro pa\u00eds, luego de que el Sr. Nicol\u00e1s Maduro en su cadena de radio y tv, amenazara con militarizar el Edo. T\u00e1chira y enviar a todas las fuerzas armadas sin ning\u00fan otro prop\u00f3sito que dominar a nuestros j\u00f3venes estudiantes y a la familia tachirense, que lo \u00fanico que pide es seguridad, alimentos, empleo, justicia y soluci\u00f3n a una larga lista de problemas que agobia a nuestra comunidad.<\/p>\n<p align=\"justify\">El pueblo del T\u00e1chira se siente particularmente indignado sin distinci\u00f3n de partido pol\u00edtico, est\u00e1 atravesando una grave crisis representada de muchas formas. Su gobernador es un hombre que no naci\u00f3 en nuestra regi\u00f3n a quien claramente no le duele nuestro pueblo. Es bien sabido por los oficialistas queel c\u00edrculo cercano de El Capit\u00e1n son personas abiertamente opositoras y tambi\u00e9n sabemos los opositores que \u00e9l mismo dijo utilizar al chavismo solo para llegar al poder, una persona que maneja un doble discurso es una persona con doble cara y por principio una persona inescrupulosa con doble moral.<\/p>\n<p align=\"justify\">La noche del mi\u00e9rcoles en la ciudad de San Crist\u00f3bal se elimin\u00f3 el servicio de internet, cortaron la luz en distintas zonas, hoy jueves siguen llegando helic\u00f3pteros, aviones, tanquetas, cientos de efectivos militares a reprimir al pueblo tachirense. Medidas que en 15 a\u00f1os no se han tomado para neutralizar a los guerrilleros y narcotraficantes que bastante da\u00f1o han hecho a toda la regi\u00f3n fronteriza, pero que si las toman cuando hablamos de un pueblo arrecho que exige respeto.<\/p>\n<p align=\"justify\">Son muchos los j\u00f3venes inocentes que han muerto en estos \u00faltimos d\u00edas, \u00a1venezolanos todos! Pero la forma de rendirles honor no es ir a acompa\u00f1arlos en la tumba de al lado, nuestro coraz\u00f3n es grande y nuestra mente es h\u00e1bil pero no son lo suficientemente fuertes para resistir el plomo que sale de las armas de los asesinos. Lo que s\u00ed es m\u00e1s fuerte que todo es la verdad, ese sonido inconfundible de los seres humanos llamado \u00a8voz\u00a8 la cual va por encima de cualquier ej\u00e9rcito, prueba de ello las manifestaciones de solidaridad en el mundo entero para con nuestro pueblo que est\u00e1 siendo abusado.<\/p>\n<p align=\"justify\">\u00a1El pueblo esta resteado y no se va a callar! debemos seguir en la calle manifestando pero de forma organizada, dejando de lado la violencia, sabiendo que esto no se solucionara de un d\u00eda para otro y que debemos resistir, replegarnos a nuestras casas cuando es necesario no es rendirnos, calmarnos no es que estemos retrocediendo, igual a este pueblo arrecho ya no lo para nadie. Los venezolanospor encima de todo somos razonables e inteligentes y debemos reconocer que este es un momento para actuar con cautela,m\u00e1s ahora que comprobamos que este r\u00e9gimen busca fulminar nuestro derecho a so\u00f1ar, lo cual es coherente en un gobierno que cree que la guerra es la paz.<\/p>\n<p align=\"justify\">El llamado a la paz de nuestra parte debe ser contundente e inconfundible, calma y fortaleza porque solo el que se cansa pierde, debemos demostrar que somos un pueblo unido y salir a las manifestaciones nacionales cada vez que haya la oportunidad. Esta lucha para algunos lleva 15 a\u00f1os y no es tiempo de aflojar, debemos seguir en la calle defendiendo la verdad, siendo firmes en la defensa de nuestros ideales como dem\u00f3cratas y exigiendo respeto para toda Venezuela.<\/p>\n<p align=\"justify\">Solo as\u00ed recuperaremos nuestra tierra libre, alegre, s\u00f3lida que siempre fue ejemplo para la regi\u00f3n y orgullo para todos los venezolanos sin distinci\u00f3n.<\/p>\n<p align=\"right\">Ing. Luis Miguel Colmenares M\u00e1rquez.<\/p>\n<p align=\"right\">@<a href=\"http:\/\/www.twitter.com\/lmcolmenares\">lmcolmenares&lt; <\/a>\/p&gt;<\/p>\n","protected":false},"excerpt":{"rendered":"<p>Mi familia materna es de Pregonero Edo. T\u00e1chira y mi familia paterna es de Zea Edo. M\u00e9rida, orgulloso de ser andino hasta la medula y gocho hasta los tu\u00e9tanos, como la tierra en donde nac\u00ed y crec\u00ed.No pertenezco a ning\u00fan partido pol\u00edtico y mi \u00fanico inter\u00e9s en la pol\u00edtica es que beneficie a todos los [&hellip;]<\/p>\n","protected":false},"author":2782,"featured_media":42826,"comment_status":"open","ping_status":"open","sticky":false,"template":"","format":"standard","meta":{"jetpack_post_was_ever_published":false,"_jetpack_newsletter_access":"","_jetpack_dont_email_post_to_subs":false,"_jetpack_newsletter_tier_id":0,"_jetpack_memberships_contains_paywalled_content":false,"_jetpack_memberships_contains_paid_content":false,"footnotes":"","jetpack_publicize_message":"","jetpack_publicize_feature_enabled":true,"jetpack_social_post_already_shared":false,"jetpack_social_options":{"image_generator_settings":{"template":"highway","default_image_id":0,"font":"","enabled":false},"version":2}},"categories":[3],"tags":[2919,2984],"class_list":{"0":"post-42825","1":"post","2":"type-post","3":"status-publish","4":"format-standard","5":"has-post-thumbnail","7":"category-descontento","8":"tag-12f","9":"tag-bolas"},"jetpack_publicize_connections":[],"jetpack_featured_media_url":"https:\/\/i0.wp.com\/www.panfletonegro.com\/v\/wp-content\/uploads\/2014\/02\/tachi.jpg?fit=599%2C443&ssl=1","jetpack_shortlink":"https:\/\/wp.me\/pfpCD-b8J","jetpack_sharing_enabled":true,"_links":{"self":[{"href":"https:\/\/www.panfletonegro.com\/v\/wp-json\/wp\/v2\/posts\/42825","targetHints":{"allow":["GET"]}}],"collection":[{"href":"https:\/\/www.panfletonegro.com\/v\/wp-json\/wp\/v2\/posts"}],"about":[{"href":"https:\/\/www.panfletonegro.com\/v\/wp-json\/wp\/v2\/types\/post"}],"author":[{"embeddable":true,"href":"https:\/\/www.panfletonegro.com\/v\/wp-json\/wp\/v2\/users\/2782"}],"replies":[{"embeddable":true,"href":"https:\/\/www.panfletonegro.com\/v\/wp-json\/wp\/v2\/comments?post=42825"}],"version-history":[{"count":0,"href":"https:\/\/www.panfletonegro.com\/v\/wp-json\/wp\/v2\/posts\/42825\/revisions"}],"wp:featuredmedia":[{"embeddable":true,"href":"https:\/\/www.panfletonegro.com\/v\/wp-json\/wp\/v2\/media\/42826"}],"wp:attachment":[{"href":"https:\/\/www.panfletonegro.com\/v\/wp-json\/wp\/v2\/media?parent=42825"}],"wp:term":[{"taxonomy":"category","embeddable":true,"href":"https:\/\/www.panfletonegro.com\/v\/wp-json\/wp\/v2\/categories?post=42825"},{"taxonomy":"post_tag","embeddable":true,"href":"https:\/\/www.panfletonegro.com\/v\/wp-json\/wp\/v2\/tags?post=42825"}],"curies":[{"name":"wp","href":"https:\/\/api.w.org\/{rel}","templated":true}]}}