{"id":42769,"date":"2014-02-21T15:46:00","date_gmt":"2014-02-21T20:16:00","guid":{"rendered":"http:\/\/www.panfletonegro.com\/v\/?p=42769"},"modified":"2014-10-10T17:12:02","modified_gmt":"2014-10-10T21:42:02","slug":"carta-abierta-2","status":"publish","type":"post","link":"https:\/\/www.panfletonegro.com\/v\/2014\/02\/21\/carta-abierta-2\/","title":{"rendered":"Carta abierta a Bassil, Jos\u00e9, Robert y G\u00e9nesis"},"content":{"rendered":"<figure id=\"attachment_42776\" aria-describedby=\"caption-attachment-42776\" style=\"width: 300px\" class=\"wp-caption aligncenter\"><a href=\"https:\/\/i0.wp.com\/www.panfletonegro.com\/v\/wp-content\/uploads\/2014\/02\/final.jpg\"><img data-recalc-dims=\"1\" loading=\"lazy\" decoding=\"async\" data-attachment-id=\"42776\" data-permalink=\"https:\/\/www.panfletonegro.com\/v\/2014\/02\/21\/carta-abierta-2\/final-3\/\" data-orig-file=\"https:\/\/i0.wp.com\/www.panfletonegro.com\/v\/wp-content\/uploads\/2014\/02\/final.jpg?fit=960%2C300&amp;ssl=1\" data-orig-size=\"960,300\" data-comments-opened=\"1\" data-image-meta=\"{&quot;aperture&quot;:&quot;0&quot;,&quot;credit&quot;:&quot;&quot;,&quot;camera&quot;:&quot;&quot;,&quot;caption&quot;:&quot;&quot;,&quot;created_timestamp&quot;:&quot;0&quot;,&quot;copyright&quot;:&quot;&quot;,&quot;focal_length&quot;:&quot;0&quot;,&quot;iso&quot;:&quot;0&quot;,&quot;shutter_speed&quot;:&quot;0&quot;,&quot;title&quot;:&quot;&quot;}\" data-image-title=\"Ca\u00eddos\" data-image-description=\"\" data-image-caption=\"&lt;p&gt;Bassil &amp;#8211; Jos\u00e9 &amp;#8211; Robert &amp;#8211; G\u00e9nesis&lt;\/p&gt;\n\" data-large-file=\"https:\/\/i0.wp.com\/www.panfletonegro.com\/v\/wp-content\/uploads\/2014\/02\/final.jpg?fit=696%2C218&amp;ssl=1\" class=\"size-medium wp-image-42776\" alt=\"Bassil - Jos\u00e9 - Robert - G\u00e9nesis\" src=\"https:\/\/i0.wp.com\/www.panfletonegro.com\/v\/wp-content\/uploads\/2014\/02\/final-300x93.jpg?resize=300%2C93\" width=\"300\" height=\"93\" srcset=\"https:\/\/i0.wp.com\/www.panfletonegro.com\/v\/wp-content\/uploads\/2014\/02\/final.jpg?resize=300%2C93&amp;ssl=1 300w, https:\/\/i0.wp.com\/www.panfletonegro.com\/v\/wp-content\/uploads\/2014\/02\/final.jpg?resize=320%2C100&amp;ssl=1 320w, https:\/\/i0.wp.com\/www.panfletonegro.com\/v\/wp-content\/uploads\/2014\/02\/final.jpg?resize=145%2C45&amp;ssl=1 145w, https:\/\/i0.wp.com\/www.panfletonegro.com\/v\/wp-content\/uploads\/2014\/02\/final.jpg?resize=495%2C154&amp;ssl=1 495w, https:\/\/i0.wp.com\/www.panfletonegro.com\/v\/wp-content\/uploads\/2014\/02\/final.jpg?resize=670%2C209&amp;ssl=1 670w, https:\/\/i0.wp.com\/www.panfletonegro.com\/v\/wp-content\/uploads\/2014\/02\/final.jpg?w=960&amp;ssl=1 960w\" sizes=\"auto, (max-width: 300px) 100vw, 300px\" \/><\/a><figcaption id=\"caption-attachment-42776\" class=\"wp-caption-text\">-Bassil &#8211; Jos\u00e9 &#8211; Robert &#8211; G\u00e9nesis<\/figcaption><\/figure>\n<p>Escribo estas l\u00edneas con un dolor profundo. Real. Siento que he perdido varios hermanos a lo largo de estos \u00faltimos d\u00edas. A amigos, primos, compa\u00f1eros&#8230;<\/p>\n<p>Por todos lados espero o\u00edr sus nombres, las denuncias, las investigaciones, las disculpas con sus familiares, con nosotros&#8230; Pero no veo nada. Veo un Metrob\u00fas apedreado. Veo camionetas incendiadas. Veo lamentos por objetos, por materiales. Veo burlas, amenazas. Y al final, no sigo sin ver nada. Los sigo viendo a ustedes.<\/p>\n<p>Veo sus miradas, sus fotos que ya son historia, y pienso en mi cotidianidad. En lo que escribo aqu\u00ed, en este momento. Pienso en el vaso de agua que tom\u00e9 hace diez minutos. En las noticias que le\u00ed esta ma\u00f1ana, en el tuit que mand\u00e9 anoche, en mil cosas que se me vienen a la mente en este momento. Y son mil cosas que ustedes ya no pueden hacer. No saben c\u00f3mo. Ya no recuerdan c\u00f3mo.<\/p>\n<p>Que diferente ser\u00eda todo si nos trataramos a nosotros mismos y a los otros con respeto. Probablemente no estar\u00edan leyendo esto, o pens\u00e1ndolo mejor, s\u00ed lo estar\u00edan. Seguir\u00edan acompa\u00f1\u00e1ndonos en la lucha, la lucha contra la violencia. La lucha del estudio, del trabajo, de la comprensi\u00f3n por los dem\u00e1s, del respeto. Intento ver hacia esa Venezuela por la que ustedes cayeron pero el ruido de los perdigones, el silencio nefasto de los medios, el olor de las bombas y las l\u00e1grimas que no se si derivan de eso o de ustedes poco a poco van erosionando esa piedra de esperanza que he guardado con mucho tesoro.<\/p>\n<p>Dicen que el tiempo cura todo. Me toca aferrarme a eso porque nada har\u00e1 que pueda verlos y hablar con ustedes, m\u00e1s all\u00e1 de mis pensamientos. Yo no quer\u00eda que les pasara esto, a nadie le deseo esto. Al final veo mi rostro en sus rostros, escucho mi voz en sus voces, mis ojos ven lo que ustedes ven. A todos nos han matado.<\/p>\n<p>Quisiera poder ser m\u00e1s rotundo, m\u00e1s elocuente, m\u00e1s da\u00f1ino en lo interno de aquellos que han visto con normalidad el hecho de que otra persona te quite la vida ejerciendo tus derechos&#8230; Pero no me dan las fuerzas. No soy nadie. Estoy solo, aislado, ignorado. Es la realidad de la sociedad de la muerte, a la que solo pertenecemos los vivos.<\/p>\n<p>Y por aquellos vivos que cerraron sus ojos&#8230;<\/p>\n<p>Me disculpo Bassil.<br \/>\nDisc\u00falpame Robert.<br \/>\nDisc\u00falpame Jos\u00e9.<br \/>\nDisc\u00falpame G\u00e9nesis.<\/p>\n<p>Sus nombres nunca ser\u00e1n olvidados.<\/p>\n","protected":false},"excerpt":{"rendered":"<p>Escribo estas l\u00edneas con un dolor profundo. Real. Siento que he perdido varios hermanos a lo largo de estos \u00faltimos d\u00edas. A amigos, primos, compa\u00f1eros&#8230; Por todos lados espero o\u00edr sus nombres, las denuncias, las investigaciones, las disculpas con sus familiares, con nosotros&#8230; Pero no veo nada. Veo un Metrob\u00fas apedreado. Veo camionetas incendiadas. Veo [&hellip;]<\/p>\n","protected":false},"author":2775,"featured_media":42776,"comment_status":"open","ping_status":"open","sticky":false,"template":"","format":"standard","meta":{"jetpack_post_was_ever_published":false,"_jetpack_newsletter_access":"","_jetpack_dont_email_post_to_subs":false,"_jetpack_newsletter_tier_id":0,"_jetpack_memberships_contains_paywalled_content":false,"_jetpack_memberships_contains_paid_content":false,"footnotes":"","jetpack_publicize_message":"","jetpack_publicize_feature_enabled":true,"jetpack_social_post_already_shared":false,"jetpack_social_options":{"image_generator_settings":{"template":"highway","default_image_id":0,"font":"","enabled":false},"version":2}},"categories":[6],"tags":[],"class_list":{"0":"post-42769","1":"post","2":"type-post","3":"status-publish","4":"format-standard","5":"has-post-thumbnail","7":"category-confesionario"},"jetpack_publicize_connections":[],"jetpack_featured_media_url":"https:\/\/i0.wp.com\/www.panfletonegro.com\/v\/wp-content\/uploads\/2014\/02\/final.jpg?fit=960%2C300&ssl=1","jetpack_shortlink":"https:\/\/wp.me\/pfpCD-b7P","jetpack_sharing_enabled":true,"_links":{"self":[{"href":"https:\/\/www.panfletonegro.com\/v\/wp-json\/wp\/v2\/posts\/42769","targetHints":{"allow":["GET"]}}],"collection":[{"href":"https:\/\/www.panfletonegro.com\/v\/wp-json\/wp\/v2\/posts"}],"about":[{"href":"https:\/\/www.panfletonegro.com\/v\/wp-json\/wp\/v2\/types\/post"}],"author":[{"embeddable":true,"href":"https:\/\/www.panfletonegro.com\/v\/wp-json\/wp\/v2\/users\/2775"}],"replies":[{"embeddable":true,"href":"https:\/\/www.panfletonegro.com\/v\/wp-json\/wp\/v2\/comments?post=42769"}],"version-history":[{"count":0,"href":"https:\/\/www.panfletonegro.com\/v\/wp-json\/wp\/v2\/posts\/42769\/revisions"}],"wp:featuredmedia":[{"embeddable":true,"href":"https:\/\/www.panfletonegro.com\/v\/wp-json\/wp\/v2\/media\/42776"}],"wp:attachment":[{"href":"https:\/\/www.panfletonegro.com\/v\/wp-json\/wp\/v2\/media?parent=42769"}],"wp:term":[{"taxonomy":"category","embeddable":true,"href":"https:\/\/www.panfletonegro.com\/v\/wp-json\/wp\/v2\/categories?post=42769"},{"taxonomy":"post_tag","embeddable":true,"href":"https:\/\/www.panfletonegro.com\/v\/wp-json\/wp\/v2\/tags?post=42769"}],"curies":[{"name":"wp","href":"https:\/\/api.w.org\/{rel}","templated":true}]}}