{"id":42664,"date":"2014-02-20T13:53:21","date_gmt":"2014-02-20T18:23:21","guid":{"rendered":"http:\/\/www.panfletonegro.com\/v\/?p=42664"},"modified":"2014-02-20T14:07:51","modified_gmt":"2014-02-20T18:37:51","slug":"guarimba-lideres-y-contexto","status":"publish","type":"post","link":"https:\/\/www.panfletonegro.com\/v\/2014\/02\/20\/guarimba-lideres-y-contexto\/","title":{"rendered":"Guarimba, l\u00edderes y contexto."},"content":{"rendered":"<p><a href=\"https:\/\/i0.wp.com\/www.panfletonegro.com\/v\/wp-content\/uploads\/2014\/02\/0010681780.jpg\"><img data-recalc-dims=\"1\" loading=\"lazy\" decoding=\"async\" data-attachment-id=\"42671\" data-permalink=\"https:\/\/www.panfletonegro.com\/v\/2014\/02\/20\/guarimba-lideres-y-contexto\/attachment\/0010681780\/\" data-orig-file=\"https:\/\/i0.wp.com\/www.panfletonegro.com\/v\/wp-content\/uploads\/2014\/02\/0010681780.jpg?fit=770%2C433&amp;ssl=1\" data-orig-size=\"770,433\" data-comments-opened=\"1\" data-image-meta=\"{&quot;aperture&quot;:&quot;0&quot;,&quot;credit&quot;:&quot;&quot;,&quot;camera&quot;:&quot;&quot;,&quot;caption&quot;:&quot;&quot;,&quot;created_timestamp&quot;:&quot;0&quot;,&quot;copyright&quot;:&quot;&quot;,&quot;focal_length&quot;:&quot;0&quot;,&quot;iso&quot;:&quot;0&quot;,&quot;shutter_speed&quot;:&quot;0&quot;,&quot;title&quot;:&quot;&quot;}\" data-image-title=\"0010681780\" data-image-description=\"\" data-image-caption=\"\" data-large-file=\"https:\/\/i0.wp.com\/www.panfletonegro.com\/v\/wp-content\/uploads\/2014\/02\/0010681780.jpg?fit=696%2C391&amp;ssl=1\" class=\"size-medium wp-image-42671 aligncenter\" alt=\"0010681780\" src=\"https:\/\/i0.wp.com\/www.panfletonegro.com\/v\/wp-content\/uploads\/2014\/02\/0010681780-300x168.jpg?resize=300%2C168\" width=\"300\" height=\"168\" srcset=\"https:\/\/i0.wp.com\/www.panfletonegro.com\/v\/wp-content\/uploads\/2014\/02\/0010681780.jpg?resize=300%2C168&amp;ssl=1 300w, https:\/\/i0.wp.com\/www.panfletonegro.com\/v\/wp-content\/uploads\/2014\/02\/0010681780.jpg?resize=320%2C179&amp;ssl=1 320w, https:\/\/i0.wp.com\/www.panfletonegro.com\/v\/wp-content\/uploads\/2014\/02\/0010681780.jpg?resize=145%2C81&amp;ssl=1 145w, https:\/\/i0.wp.com\/www.panfletonegro.com\/v\/wp-content\/uploads\/2014\/02\/0010681780.jpg?resize=495%2C278&amp;ssl=1 495w, https:\/\/i0.wp.com\/www.panfletonegro.com\/v\/wp-content\/uploads\/2014\/02\/0010681780.jpg?resize=670%2C376&amp;ssl=1 670w, https:\/\/i0.wp.com\/www.panfletonegro.com\/v\/wp-content\/uploads\/2014\/02\/0010681780.jpg?w=770&amp;ssl=1 770w\" sizes=\"auto, (max-width: 300px) 100vw, 300px\" \/><\/a><\/p>\n<p>&nbsp;<\/p>\n<p>Algo realmente preocupante que ha venido ocurriendo desde que Nicol\u00e1s Maduro gan\u00f3 las elecciones el a\u00f1o pasado (2013) y comenzaron a correr todas estas medidas econ\u00f3micas en el pa\u00eds, es que la gente en la calle rumoraba que aqu\u00ed se iba a formar un peo bastante fuerte, una confrontaci\u00f3n. Yo particularmente no s\u00e9 si es el entorno en el que me encuentro en donde escucho ese tipo de comentarios, pero m\u00e1s de una vez lo o\u00ed de trabajadores en el metro de Caracas, en el autob\u00fas, en la cola del mercado, en sitios bastante populares. Y esto es algo que los chavistas han tenido claro desde ese entonces cuando vieron el desastre en el que tiene sumido Nicol\u00e1s Maduro al pa\u00eds.<\/p>\n<p>Mis amigos chavistas, de base, no pod\u00edan creer c\u00f3mo en diciembre volv\u00eda a ganar las elecciones Carlos Ocariz en el municipio Sucre, Caracas. Alcalde dicho sea de paso, con el que no comulgo para nada. Me parece nefasto, populista, demagogo, personalista pero sin liderazgo real dentro de su partido y su municipio. Haciendo un comentario aparte de la idea de este art\u00edculo, su pendejada con las vallas que pone en las autopistas y carreteras de Sucre me parecen una burla para el municipio. En esas vallas se anuncian obras como construcciones de canchas, gimnasios y ambulatorios pero solo \u00e9l sale en la foto, no la obra; como si su mejor obra fuera \u00e9l mismo. Bananerismo en nuestras caras.<\/p>\n<p>Ahora, los chavistas de base, los que verdaderamente trabajan por el barrio y no est\u00e1n pendientes de robar ni ser protol\u00edderes como aspira a ser la do\u00f1a que preside un Consejo Comunal, me dec\u00edan que a Maduro lo iban a tumbar pronto porque particularmente en Petare, sector donde habitan 2 millones de personas, hab\u00eda ganado un alcalde opositor. Esto demostraba una grave falta de apoyo popular que en sus mejores tiempos Ch\u00e1vez disfrut\u00f3. Me indicaban que a pesar de ser Maduro un absoluto pendejo, era un t\u00edtere controlado por las fuerzas militares y pol\u00edticas de c\u00fapula elitesca pero que no iba a durar mucho tiempo en el cargo. Si no se formaba un peo dentro de tres a\u00f1os, lo iban a sacar con revocatorio.<\/p>\n<p>La cuesti\u00f3n es que el peo se form\u00f3 m\u00e1s r\u00e1pido de lo que se pensaba y por lo que puedo ver, Maduro y el chavismo rezagado carece de verdadero apoyo popular, al menos del que necesita. No s\u00e9 si por desconfianza, descontento o porque simplemente la gente est\u00e1 yendo a trabajar y estudiar; porque ya cayeron en un estado de sedaci\u00f3n y complicidad con la barbarie madurista, con el gobierno malandro.<\/p>\n<p>Aqu\u00ed la gente vive con muchos tipos de miedos y toman cientos de precauciones para conservar su trabajo, su vida, garantizar sustento a su familia y sus bienes. Esta gente pica adelante con el ya indiferente y fuera de lugar comentario \u00abYo lo que s\u00e9, es que si no trabajo no como\u00bb. Por eso es que estas prevenciones no son revolucionarias verdaderamente, no son preocupadas por la situaci\u00f3n del pa\u00eds, son c\u00f3mplices.<\/p>\n<p>&nbsp;<\/p>\n<p><strong>Los colectivos.<\/strong><\/p>\n<p>Algo que suelen hacer los gobiernos socialistas es cambiar la dial\u00e9ctica y el lenguaje para su conveniencia. El significado de las palabras es ajustado para su conveniencia. Lo que nosotros conocemos como mercenarios, paramilitares y\u00a0 guerrilla urbana, ellos lo llaman \u00abcolectivos\u00bb. Aqu\u00ed hay que tener algo claro. Estos mal llamados \u00abcolectivos\u00bb est\u00e1n armados hasta los dientes y el gobierno no hace nada, al contrario, los apoya y los mantiene como grupos de choque en caso del surgimiento de problemas como el actual: protestas y disturbios en las calles. Toda esta situaci\u00f3n con los colectivos nos hace pensar en lo siguiente.<\/p>\n<p>&nbsp;<\/p>\n<p><strong>M\u00e9todo de protesta.<\/strong><\/p>\n<p>Simple, en una protesta no puede haber medias tintas en cuanto a los m\u00e9todos. O somos ultrapac\u00edficos o somos ultraviolentos. Particularmente, preferir\u00eda ser de talante pac\u00edfico porque el gobierno tiene a una guardia que ya no teme asesinar gente disparando por la espalda. Todos los venezolanos conocemos la naturaleza de la Guardia Nacional y los cuerpos de seguridad. Sabemos que son corruptos, que negocian con armas, est\u00e1n metidos de lleno en el narcotr\u00e1fico, est\u00e1n pendientes de la matraca, que secuestran a civiles y humillan al ciudadano hasta en las alcabalas. Enfrentarnos a ellos con palos y piedras no dar\u00e1 resultados. Si vamos a hacer resistencia tiene que ser pac\u00edfica, con sonrisas y flores, no con armas de guerra como las que tienen ellos; porque nada hacemos con trancar una calle estando indefensos si esta gente no tiene miedo de asesinarnos.<\/p>\n<p>&nbsp;<\/p>\n<p>Algo importante tambi\u00e9n y que me parece de maravilla es que gracias a la tecnolog\u00eda y la inmediatez del internet, los hechos acontecidos durante todos estos d\u00edas han sido filmados y difundidos r\u00e1pidamente. Incluso se han creado medios alternativos de comunicaci\u00f3n como es el Zello, se han difundido softwares que ocultan las direcciones IP para evitar hackeos, bloqueos y rastreos de parte de la polic\u00eda, etc. Esto lo tenemos que seguir haciendo para que el mundo conozca de primera mano lo que sucede, puesto que los medios nacionales no dan una digna cobertura de los hechos. No s\u00e9 si porque siempre han vivido del pan y el circo, del entretenimiento enceguecedor de las masas o porque est\u00e1n sometidos a presiones de parte de Conatel. Ambas teor\u00edas conspirativas son valederas.<\/p>\n<p>&nbsp;<\/p>\n<p><strong>Los l\u00edderes.<\/strong><\/p>\n<p>Seamos sinceros: Una persona que llama a una marcha y llena las calles, dice que se mantengan all\u00ed y tiene miles de personas que la obedecen es un l\u00edder. No podemos decir que Leopoldo L\u00f3pez no es el l\u00edder actual de la oposici\u00f3n porque entreg\u00e1ndose al gobierno se martiriz\u00f3, incluso. Si bien no es un modelo fabricado y presentado a los medios como fue Capriles en su momento, sigue siendo un l\u00edder y un conductor de esta campa\u00f1a conocida como La Salida; campa\u00f1a que no se entendi\u00f3 -coincido en mi opini\u00f3n con el pana youtubero, Julio Coco-, pero que ha derivado en todo esto, en una importante movilizaci\u00f3n.<\/p>\n<p>&nbsp;<\/p>\n<p><strong>Todav\u00eda falta camino por recorrer.<\/strong><\/p>\n<p>Comentaba unos p\u00e1rrafos m\u00e1s arriba la poca disposici\u00f3n de ciertos sectores civiles a protestar. Es el caso de los trabajadores y algunos estudiantes. Yo siempre he cre\u00eddo que el venezolano nunca ha tenido una cultura de protesta que involucre una conciencia seria al respecto.\u00a0 Nosotros estamos en pa\u00f1ales en cuanto a protestar se trata. Por eso, a\u00fan a estas alturas -aunque en menos cantidad- se siguen viendo las conocidas capriliebers que se combinan la gorra tricolor con las trenzas de los zapatos, se hacen selfies con los guardias, se pintan la banderita en la mejilla y escriben pancartas donde afirman no tener dinero para operarse las tetas (si es que no lo hicieron ya). Estas capriliebers nunca las ver\u00e1s en el peo porque son sifrinas, son chicas que solo est\u00e1n pendientes de tomarse fotos para el Instagram y ya; para que sus padres digan que su hija les sali\u00f3 arrecha. Mentira. No est\u00e1n acostumbradas a patear calle y por eso lo primero que averiguan al conocer el lugar de una concentraci\u00f3n es si hay un estacionamiento cerca.<\/p>\n<p>Afortunadamente esto se ha estado disipando, eso es bueno para no entorpecer la lucha que se est\u00e1 llevando. Solo est\u00e1n quedando en las calles los verdaderos radicales de la oposici\u00f3n y la gente que de verdad apoya, los que tienen miedo pero se sobreponen a \u00e9l.<\/p>\n<p>Ahora falta el gran reto que tiene la oposici\u00f3n por delante desde hace mucho y es el de incluir a las clases m\u00e1s bajas que la B y la C. Vamos a hablar sin eufemismos: La gente pobre de verdad. Porque los pobres aqu\u00ed est\u00e1n arrechos y pasan bastante trabajo pero se sienten desplazados y excluidos por protestas universitarias donde te encuentras gente de clase media y media alta. Algunos con apellidos europeos, con buena condici\u00f3n socio-econ\u00f3mica. Disculpen si parezco clasista, pero es as\u00ed. Tenemos que insertar a esta gente en la lucha porque tambi\u00e9n se siente decepcionados de este gobierno.<\/p>\n<p>Yo seguir\u00e9 atento a las protestas, esperando que se hagan en resistencia pac\u00edfica. Espero seguir escribiendo mis reflexiones y consideraciones al respecto por aqu\u00ed, aunque s\u00e9 que a la gente no le gusta mucho leer.<\/p>\n","protected":false},"excerpt":{"rendered":"<p>&nbsp; Algo realmente preocupante que ha venido ocurriendo desde que Nicol\u00e1s Maduro gan\u00f3 las elecciones el a\u00f1o pasado (2013) y comenzaron a correr todas estas medidas econ\u00f3micas en el pa\u00eds, es que la gente en la calle rumoraba que aqu\u00ed se iba a formar un peo bastante fuerte, una confrontaci\u00f3n. Yo particularmente no s\u00e9 si [&hellip;]<\/p>\n","protected":false},"author":2691,"featured_media":42671,"comment_status":"open","ping_status":"open","sticky":false,"template":"","format":"standard","meta":{"jetpack_post_was_ever_published":false,"_jetpack_newsletter_access":"","_jetpack_dont_email_post_to_subs":false,"_jetpack_newsletter_tier_id":0,"_jetpack_memberships_contains_paywalled_content":false,"_jetpack_memberships_contains_paid_content":false,"footnotes":"","jetpack_publicize_message":"","jetpack_publicize_feature_enabled":true,"jetpack_social_post_already_shared":false,"jetpack_social_options":{"image_generator_settings":{"template":"highway","default_image_id":0,"font":"","enabled":false},"version":2}},"categories":[1],"tags":[],"class_list":{"0":"post-42664","1":"post","2":"type-post","3":"status-publish","4":"format-standard","5":"has-post-thumbnail","7":"category-azares"},"jetpack_publicize_connections":[],"jetpack_featured_media_url":"https:\/\/i0.wp.com\/www.panfletonegro.com\/v\/wp-content\/uploads\/2014\/02\/0010681780.jpg?fit=770%2C433&ssl=1","jetpack_shortlink":"https:\/\/wp.me\/pfpCD-b68","jetpack_sharing_enabled":true,"_links":{"self":[{"href":"https:\/\/www.panfletonegro.com\/v\/wp-json\/wp\/v2\/posts\/42664","targetHints":{"allow":["GET"]}}],"collection":[{"href":"https:\/\/www.panfletonegro.com\/v\/wp-json\/wp\/v2\/posts"}],"about":[{"href":"https:\/\/www.panfletonegro.com\/v\/wp-json\/wp\/v2\/types\/post"}],"author":[{"embeddable":true,"href":"https:\/\/www.panfletonegro.com\/v\/wp-json\/wp\/v2\/users\/2691"}],"replies":[{"embeddable":true,"href":"https:\/\/www.panfletonegro.com\/v\/wp-json\/wp\/v2\/comments?post=42664"}],"version-history":[{"count":0,"href":"https:\/\/www.panfletonegro.com\/v\/wp-json\/wp\/v2\/posts\/42664\/revisions"}],"wp:featuredmedia":[{"embeddable":true,"href":"https:\/\/www.panfletonegro.com\/v\/wp-json\/wp\/v2\/media\/42671"}],"wp:attachment":[{"href":"https:\/\/www.panfletonegro.com\/v\/wp-json\/wp\/v2\/media?parent=42664"}],"wp:term":[{"taxonomy":"category","embeddable":true,"href":"https:\/\/www.panfletonegro.com\/v\/wp-json\/wp\/v2\/categories?post=42664"},{"taxonomy":"post_tag","embeddable":true,"href":"https:\/\/www.panfletonegro.com\/v\/wp-json\/wp\/v2\/tags?post=42664"}],"curies":[{"name":"wp","href":"https:\/\/api.w.org\/{rel}","templated":true}]}}