{"id":42638,"date":"2014-02-20T00:24:04","date_gmt":"2014-02-20T04:54:04","guid":{"rendered":"http:\/\/www.panfletonegro.com\/v\/?p=42638"},"modified":"2014-10-06T15:40:29","modified_gmt":"2014-10-06T20:10:29","slug":"19f-la-noche-del-horror","status":"publish","type":"post","link":"https:\/\/www.panfletonegro.com\/v\/2014\/02\/20\/19f-la-noche-del-horror\/","title":{"rendered":"19F: La noche del horror"},"content":{"rendered":"<p><a href=\"https:\/\/i0.wp.com\/www.panfletonegro.com\/v\/wp-content\/uploads\/2014\/02\/carretera-petare-santa-lucia.jpg\"><img data-recalc-dims=\"1\" loading=\"lazy\" decoding=\"async\" data-attachment-id=\"42639\" data-permalink=\"https:\/\/www.panfletonegro.com\/v\/2014\/02\/20\/19f-la-noche-del-horror\/carretera-petare-santa-lucia\/\" data-orig-file=\"https:\/\/i0.wp.com\/www.panfletonegro.com\/v\/wp-content\/uploads\/2014\/02\/carretera-petare-santa-lucia.jpg?fit=599%2C381&amp;ssl=1\" data-orig-size=\"599,381\" data-comments-opened=\"1\" data-image-meta=\"{&quot;aperture&quot;:&quot;0&quot;,&quot;credit&quot;:&quot;&quot;,&quot;camera&quot;:&quot;&quot;,&quot;caption&quot;:&quot;&quot;,&quot;created_timestamp&quot;:&quot;0&quot;,&quot;copyright&quot;:&quot;&quot;,&quot;focal_length&quot;:&quot;0&quot;,&quot;iso&quot;:&quot;0&quot;,&quot;shutter_speed&quot;:&quot;0&quot;,&quot;title&quot;:&quot;&quot;}\" data-image-title=\"carretera-petare-santa-lucia\" data-image-description=\"\" data-image-caption=\"\" data-large-file=\"https:\/\/i0.wp.com\/www.panfletonegro.com\/v\/wp-content\/uploads\/2014\/02\/carretera-petare-santa-lucia.jpg?fit=599%2C381&amp;ssl=1\" src=\"https:\/\/i0.wp.com\/www.panfletonegro.com\/v\/wp-content\/uploads\/2014\/02\/carretera-petare-santa-lucia.jpg?resize=599%2C381\" alt=\"carretera-petare-santa-lucia\" width=\"599\" height=\"381\" class=\"aligncenter size-full wp-image-42639\" srcset=\"https:\/\/i0.wp.com\/www.panfletonegro.com\/v\/wp-content\/uploads\/2014\/02\/carretera-petare-santa-lucia.jpg?w=599&amp;ssl=1 599w, https:\/\/i0.wp.com\/www.panfletonegro.com\/v\/wp-content\/uploads\/2014\/02\/carretera-petare-santa-lucia.jpg?resize=300%2C190&amp;ssl=1 300w, https:\/\/i0.wp.com\/www.panfletonegro.com\/v\/wp-content\/uploads\/2014\/02\/carretera-petare-santa-lucia.jpg?resize=320%2C203&amp;ssl=1 320w, https:\/\/i0.wp.com\/www.panfletonegro.com\/v\/wp-content\/uploads\/2014\/02\/carretera-petare-santa-lucia.jpg?resize=145%2C92&amp;ssl=1 145w, https:\/\/i0.wp.com\/www.panfletonegro.com\/v\/wp-content\/uploads\/2014\/02\/carretera-petare-santa-lucia.jpg?resize=495%2C314&amp;ssl=1 495w\" sizes=\"auto, (max-width: 599px) 100vw, 599px\" \/><\/a><\/p>\n<p align=\"justify\">En este punto cada vez importa menos c\u00f3mo empezaron estos sucesos o quien se beneficiar\u00e1 con ellos. El an\u00e1lisis pol\u00edtico qued\u00f3 relegado, tal como, probablemente, era el plan del gobierno. Luego de seis d\u00edas de una represi\u00f3n salvaje, esta noche el Presidente Maduro marc\u00f3 la pauta en cadena: \u00abVamos con todo, ya ver\u00e1n en las pr\u00f3ximas horas\u00bb, anunci\u00f3 en una <a href=\"http:\/\/www.minci.gob.ve\/2014\/02\/maduro-anuncia-medidas-especiales-para-garantizar-la-paz-en-el-tachira\/\">rabiosa y lamentable cadena<\/a>, paralela a la cual se desataba la locura en varias zonas del pa\u00eds.<\/p>\n<p align=\"justify\">En Caracas Chronicles, Audrey Dacosta apunta:<\/p>\n<p align=\"justify\"><em>Tonight, Venezuela is seeing a spasm of violence that\u2019s unlike anything the country has experienced since 1989.<\/em><\/p>\n<p align=\"justify\">Y agrega una certera observaci\u00f3n:<\/p>\n<p align=\"justify\"><em>But of course, this is no war zone: in a war zone you have two sides shooting at each other. Tonight one side is doing all the shooting, the other side is doing all the being shot at.<\/em><\/p>\n<p align=\"justify\">En espa\u00f1ol: \u00abPero, claro, esta no es una zona de guerra: en una zona de guerra hay dos lados dispar\u00e1ndose el uno al otro. Esta noche uno de los lados est\u00e1 haciendo todos los disparos, el otro lado es el que est\u00e1 recibiendo todos los disparos\u00bb.<\/p>\n<p align=\"justify\">Nunca se hab\u00eda visto evidencia tan gr\u00e1fica de utilizaci\u00f3n de armas de fuegos de cuerpos militares contra civiles desarmados como hoy, cuando dos abominables videos, uno grabado en la Avenida Pante\u00f3n y otro grabado en La Candelaria, muestran el momento en que la G.N. dispara a sangre fr\u00eda sobre dos civiles desarmados.<\/p>\n<p align=\"justify\">Despu\u00e9s de mucho decir que El Caracazo era el origen moral de la revoluci\u00f3n, los revolucionarios terminan ejecutando sus mismas pr\u00e1cticas<\/p>\n<p>Sigue leyendo <strong><a href=\"http:\/\/www.caracaschronicles.com\/2014\/02\/19\/19f\/\">19F, en Caracas Chronicles<\/a><\/strong><\/p>\n","protected":false},"excerpt":{"rendered":"<p>En este punto cada vez importa menos c\u00f3mo empezaron estos sucesos o quien se beneficiar\u00e1 con ellos. El an\u00e1lisis pol\u00edtico qued\u00f3 relegado, tal como, probablemente, era el plan del gobierno. Luego de seis d\u00edas de una represi\u00f3n salvaje, esta noche el Presidente Maduro marc\u00f3 la pauta en cadena: \u00abVamos con todo, ya ver\u00e1n en las [&hellip;]<\/p>\n","protected":false},"author":181,"featured_media":42639,"comment_status":"open","ping_status":"open","sticky":false,"template":"","format":"standard","meta":{"jetpack_post_was_ever_published":false,"_jetpack_newsletter_access":"","_jetpack_dont_email_post_to_subs":false,"_jetpack_newsletter_tier_id":0,"_jetpack_memberships_contains_paywalled_content":false,"_jetpack_memberships_contains_paid_content":false,"footnotes":"","jetpack_publicize_message":"","jetpack_publicize_feature_enabled":true,"jetpack_social_post_already_shared":false,"jetpack_social_options":{"image_generator_settings":{"template":"highway","default_image_id":0,"font":"","enabled":false},"version":2}},"categories":[3],"tags":[2919,2949,2950,2952,2951,470],"class_list":{"0":"post-42638","1":"post","2":"type-post","3":"status-publish","4":"format-standard","5":"has-post-thumbnail","7":"category-descontento","8":"tag-12f","9":"tag-19f","10":"tag-caracas-chronicles","11":"tag-ejecuciones","12":"tag-g-n","13":"tag-represion"},"jetpack_publicize_connections":[],"jetpack_featured_media_url":"https:\/\/i0.wp.com\/www.panfletonegro.com\/v\/wp-content\/uploads\/2014\/02\/carretera-petare-santa-lucia.jpg?fit=599%2C381&ssl=1","jetpack_shortlink":"https:\/\/wp.me\/pfpCD-b5I","jetpack_sharing_enabled":true,"_links":{"self":[{"href":"https:\/\/www.panfletonegro.com\/v\/wp-json\/wp\/v2\/posts\/42638","targetHints":{"allow":["GET"]}}],"collection":[{"href":"https:\/\/www.panfletonegro.com\/v\/wp-json\/wp\/v2\/posts"}],"about":[{"href":"https:\/\/www.panfletonegro.com\/v\/wp-json\/wp\/v2\/types\/post"}],"author":[{"embeddable":true,"href":"https:\/\/www.panfletonegro.com\/v\/wp-json\/wp\/v2\/users\/181"}],"replies":[{"embeddable":true,"href":"https:\/\/www.panfletonegro.com\/v\/wp-json\/wp\/v2\/comments?post=42638"}],"version-history":[{"count":0,"href":"https:\/\/www.panfletonegro.com\/v\/wp-json\/wp\/v2\/posts\/42638\/revisions"}],"wp:featuredmedia":[{"embeddable":true,"href":"https:\/\/www.panfletonegro.com\/v\/wp-json\/wp\/v2\/media\/42639"}],"wp:attachment":[{"href":"https:\/\/www.panfletonegro.com\/v\/wp-json\/wp\/v2\/media?parent=42638"}],"wp:term":[{"taxonomy":"category","embeddable":true,"href":"https:\/\/www.panfletonegro.com\/v\/wp-json\/wp\/v2\/categories?post=42638"},{"taxonomy":"post_tag","embeddable":true,"href":"https:\/\/www.panfletonegro.com\/v\/wp-json\/wp\/v2\/tags?post=42638"}],"curies":[{"name":"wp","href":"https:\/\/api.w.org\/{rel}","templated":true}]}}