{"id":42553,"date":"2014-02-18T21:45:34","date_gmt":"2014-02-19T02:15:34","guid":{"rendered":"http:\/\/www.panfletonegro.com\/v\/?p=42553"},"modified":"2014-02-19T04:37:27","modified_gmt":"2014-02-19T09:07:27","slug":"podemos-subestimar-esto","status":"publish","type":"post","link":"https:\/\/www.panfletonegro.com\/v\/2014\/02\/18\/podemos-subestimar-esto\/","title":{"rendered":"\u00bfPodemos subestimar esto?"},"content":{"rendered":"<figure id=\"attachment_42554\" aria-describedby=\"caption-attachment-42554\" style=\"width: 599px\" class=\"wp-caption aligncenter\"><a href=\"https:\/\/i0.wp.com\/www.panfletonegro.com\/v\/wp-content\/uploads\/2014\/02\/chacaito.jpg\"><img data-recalc-dims=\"1\" loading=\"lazy\" decoding=\"async\" data-attachment-id=\"42554\" data-permalink=\"https:\/\/www.panfletonegro.com\/v\/2014\/02\/18\/podemos-subestimar-esto\/chacaito\/\" data-orig-file=\"https:\/\/i0.wp.com\/www.panfletonegro.com\/v\/wp-content\/uploads\/2014\/02\/chacaito.jpg?fit=599%2C486&amp;ssl=1\" data-orig-size=\"599,486\" data-comments-opened=\"1\" data-image-meta=\"{&quot;aperture&quot;:&quot;0&quot;,&quot;credit&quot;:&quot;&quot;,&quot;camera&quot;:&quot;&quot;,&quot;caption&quot;:&quot;&quot;,&quot;created_timestamp&quot;:&quot;0&quot;,&quot;copyright&quot;:&quot;&quot;,&quot;focal_length&quot;:&quot;0&quot;,&quot;iso&quot;:&quot;0&quot;,&quot;shutter_speed&quot;:&quot;0&quot;,&quot;title&quot;:&quot;&quot;}\" data-image-title=\"chacaito\" data-image-description=\"\" data-image-caption=\"&lt;p&gt;foto de @ritasanchezdm, publicada por @eluniversal&lt;\/p&gt;\n\" data-large-file=\"https:\/\/i0.wp.com\/www.panfletonegro.com\/v\/wp-content\/uploads\/2014\/02\/chacaito.jpg?fit=599%2C486&amp;ssl=1\" class=\"size-full wp-image-42554\" alt=\"foto de @ritasanchezdm, publicada por @eluniversal\" src=\"https:\/\/i0.wp.com\/www.panfletonegro.com\/v\/wp-content\/uploads\/2014\/02\/chacaito.jpg?resize=599%2C486\" width=\"599\" height=\"486\" srcset=\"https:\/\/i0.wp.com\/www.panfletonegro.com\/v\/wp-content\/uploads\/2014\/02\/chacaito.jpg?w=599&amp;ssl=1 599w, https:\/\/i0.wp.com\/www.panfletonegro.com\/v\/wp-content\/uploads\/2014\/02\/chacaito.jpg?resize=300%2C243&amp;ssl=1 300w, https:\/\/i0.wp.com\/www.panfletonegro.com\/v\/wp-content\/uploads\/2014\/02\/chacaito.jpg?resize=320%2C259&amp;ssl=1 320w, https:\/\/i0.wp.com\/www.panfletonegro.com\/v\/wp-content\/uploads\/2014\/02\/chacaito.jpg?resize=145%2C117&amp;ssl=1 145w, https:\/\/i0.wp.com\/www.panfletonegro.com\/v\/wp-content\/uploads\/2014\/02\/chacaito.jpg?resize=495%2C401&amp;ssl=1 495w\" sizes=\"auto, (max-width: 599px) 100vw, 599px\" \/><\/a><figcaption id=\"caption-attachment-42554\" class=\"wp-caption-text\">foto de <a href=\"http:\/\/twitter.com\/ritasanchezdm\">@ritasanchezdm<\/a>, publicada por <a href=\"http:\/\/twitter.com\/ElUniversal\/status\/435812148912979968\/photo\/1\">@eluniversal<\/a><\/figcaption><\/figure>\n<p align=\"justify\">Desde el pasado 12 de Febrero, cuando se dio la marcha de los estudiantes en Caracas, que lleg\u00f3 hasta la Fiscal\u00eda a solicitar la <a href=\"http:\/\/www.el-nacional.com\/politica\/Comienza-concentracion-estudiantes-Plaza-Venezuela_0_354564590.html\">liberaci\u00f3n de los estudiantes detenidos<\/a> en T\u00e1chira, Falc\u00f3n y Anzo\u00e1tegui durante las protestas estudiantiles de la semana anterior, comenz\u00f3 una oleada de protestas y represi\u00f3n que a muchos nos retrotrajo lo peor de tiempos anteriores respecto al comportamiento opositor: <a href=\"http:\/\/twitter.com\/davidcostagomez\/status\/435524091001724928\/photo\/1\">Guarimbas<\/a> en el este de Caracas, la Plaza Altamira como basti\u00f3n de las movilizaciones, nefastos <a href=\"http:\/\/www.youtube.com\/watch?v=3Jrp4BhO16A\">fanfarrones miameros<\/a> haciendo videos instructivos, repetici\u00f3n de consignas <a href=\"http:\/\/twitter.com\/search?q=veteya&amp;src=typd\">in\u00fatiles<\/a>, negaci\u00f3n del contrario, etc\u2026 Parec\u00eda que la oposici\u00f3n repet\u00eda incesantemente los mismos errores que durante a\u00f1os nos han llevado al fracaso.<\/p>\n<p align=\"justify\">Del otro lado, el gobierno respond\u00eda con un arrogancia y soberia. \u201c<a href=\"http:\/\/www.eluniversal.com.mx\/el-mundo\/2014\/me-llamaran-39dictador-39-y-no-me-importa-maduro-985894.html\">No me importa que me llamen dictador<\/a>\u201d, proclamaba Maduro d\u00edas antes del 12 de Febrero, cuando amenazaba a los medios de comunicaci\u00f3n con sancionarlos si cubr\u00edan la manifestaci\u00f3n. Adem\u00e1s, se desat\u00f3 una brutal e inhumana represi\u00f3n cuyas v\u00edctimas principales han sido estudiantes muy j\u00f3venes, algunos menores de edad, quienes han estado a la vanguardia de las movilizaciones que se dieron durante los \u00faltimos d\u00edas. Heridos de balas, <a href=\"http:\/\/www.eluniversal.com\/nacional-y-politica\/140216\/familiares-de-detenidos-en-valencia-denunciaron-torturas\">grav\u00edsimas torturas<\/a>, ataques armados por parte de los \u201ccolectivos\u201d (grupos paramilitares al servicio del Estado), quemas de veh\u00edculos, disparos de perdigones a zonas residenciales y allanamientos sin \u00f3rdenes judiciales han sido la respuesta oficial del gobierno a todo este movimiento. Hasta ahora tres j\u00f3venes han perdido la vida, el \u00faltimo de ellos, ayer, <a href=\"http:\/\/www.ultimasnoticias.com.ve\/noticias\/actualidad\/politica\/murio-estudiante-que-habia-sido-arrollado-en-carup.aspx\">un chico de apenas 17 a\u00f1os<\/a>.<\/p>\n<p align=\"justify\">Ahora bien, despu\u00e9s de lo ocurrido hoy es bueno hacer algunas puntualizaciones. La principal es reconocer que muchos, me incluyo sin problemas, hab\u00edamos subestimado este movimiento. Si bien es verdad que se han repetido neciamente algunos errores de pasado y que hay un cierto d\u00e9j\u00e0 vu en el ambiente, no deja de ser verdad que en Venezuela no est\u00e1 reedit\u00e1ndose solo uno de los tantos ciclos de protestas en el este del este que tanto protagoniz\u00f3 un sector de la oposici\u00f3n (ni siquiera toda ella) durante varios a\u00f1os, tambi\u00e9n hay en las calles un leg\u00edtimo descontento y un sentido de urgencia a ra\u00edz de la grave crisis social que atraviesa el pa\u00eds. Apenas ayer, <a href=\"http:\/\/www.twitter.com\/emiduarte\">Emiliana<\/a> le callaba la boca a los esc\u00e9pticos, <a href=\"http:\/\/caracaschronicles.com\/2014\/02\/17\/hey-quico-heres-a-steaming-pile-of-words-for-you-to-eat\/\">mostrando que la protesta no era un asunto exclusivo de sectores de la clase media<\/a>. Los reportes de hoy mostraban <a href=\"http:\/\/twitter.com\/VENSomosTodos\/status\/435836496344408064\/photo\/1\">ciudades del interior<\/a> con masivas y monumentales <a href=\"http:\/\/twitter.com\/ricardograffe\/status\/435825026840137729\/photo\/1\">concentraciones p\u00fablicas<\/a>, particularmente notables por no tratarse de movilizaciones de car\u00e1cter proselitista.<\/p>\n<p align=\"justify\">Es cierto que las protestas siguen teniendo el signo de un ghetto pol\u00edtico, es cierto que <strong>quienes han salido a la calle estos d\u00edas son, en esencia, la base opositora<\/strong>; pero, al mismo tiempo, no debe despacharse esta presencia de forma tan ligera. Hoy en Caracas hubo una manifestaci\u00f3n enorme, convocada, principalmente a trav\u00e9s de las redes sociales. De esto hay que tomar nota. Sobre todo porque muchos de los protestantes est\u00e1n en la calle a\u00fan a pesar del llamado de cierta dirigencia pol\u00edtica de no hacerlo.<\/p>\n<p align=\"justify\">\u00bfQu\u00e9 ha convocado a estas personas? \u00bfQu\u00e9 hay detr\u00e1s de estas manifestaciones, cuya fuerza y constancia no puede ni debe subestimarse? Principalmente, hay un revire a la arrogancia estatal. Un amplio sector de venezolanos que no se cala m\u00e1s carajeo y m\u00e1s desprecio desde el poder. Si el gobierno de Hugo Ch\u00e1vez logr\u00f3 negar la existencia de la mitad del pa\u00eds, si pudieron durante catorce a\u00f1os gobernar como si los dem\u00e1s no existieran, a Maduro la tarea no le ser\u00e1 igual de sencilla. Yo no creo que estemos en los \u00faltimos d\u00edas. Insisto en que negar al chavismo, como fuerza social que representa (a\u00fan en los n\u00fameros de quienes creen que somos mayor\u00eda) a la mitad del pa\u00eds, y como fuerza pol\u00edtica astuta que no es tan f\u00e1cil de vencer como piensan algunos sobrados \u201canalistas\u201d opositores, es una estupidez. Creo que la alternativa al chavismo hay que construirla, pol\u00edtica y socialmente. Aunque a muchos no les guste y la desesperaci\u00f3n los lleve a negar eso, estoy convencido de que es as\u00ed. Pero, al mismo tiempo, creo que la base opositora ya no es la misma y que esa suerte de pasividad frente a los abusos de poder puede que est\u00e9 quedando atr\u00e1s para dar paso a un militante opositor dispuesto, como hemos visto esta semana, a entrompar en las calles, a expresar su descontento y hacerle saber al Estado que existe y que merece respeto y reconocimiento. Creo que si Leopoldo L\u00f3pez hubiera mandado a las personas a <a href=\"http:\/\/www.noticias24.com\/venezuela\/noticia\/163786\/capriles-pide-a-los-opositores-poner-musica-cuando-se-juramente-maduro-que-que-musica-ponen-pongan-salsa\/\">poner salsa en los balcones<\/a>, nadie le hubiera hecho caso. Eso de los \u00abborregos opositores siguiendo a l\u00edderes con agendas ocultas\u00bb, no parece ser lo que est\u00e1 sucediendo en las calles estos d\u00edas.<\/p>\n<p align=\"justify\">Ya <a href=\"http:\/\/www.panfletonegro.com\/v\/2014\/02\/18\/quien-honor-merece-contra-la-amnesia-selectiva\/\">Rub\u00e9n Machaen<\/a> y <a href=\"http:\/\/www.panfletonegro.com\/v\/2014\/02\/18\/leopoldo-white-america-criolla\/\">elreytuqueque<\/a> se expresaron en esta p\u00e1gina sobre el gran hecho pol\u00edtico del d\u00eda de hoy: la entrega de Leopoldo L\u00f3pez a la G.N. y su conducci\u00f3n, ins\u00f3lita por dem\u00e1s, de manos de Diosdado Cabello a su <a href=\"http:\/\/twitter.com\/mingo_1\/status\/435895866604683264\/photo\/1\">presentaci\u00f3n a tribunales<\/a>. No quiero llover sobre mojado respecto a la consideraci\u00f3n central de ambos art\u00edculos, que no es otra que dejar de lado la histeria de buscar en cualquiera que sea el protagonista de la jornada al caudillo salvador, al l\u00edder que nos saque de esto en un santiam\u00e9n. Pero s\u00ed creo importante se\u00f1alar que hoy se prob\u00f3, entre muchas otras cosas, que los opositores no son ya seguidores de una voz \u00fanica, que hay en ellos una indignaci\u00f3n leg\u00edtima y que el papel de sus l\u00edderes pol\u00edticos es el de encausarla, pero no el de creerse due\u00f1os de ese sentimiento, ya que ellos no necesariamente est\u00e1n en disposici\u00f3n de dejarse conducir ciegamente. As\u00ed las cosas, ni Capriles pudo contener a las personas en la calle, y debi\u00f3 reconocer la legitimidad de las protestas; ni el demente de Robert Alonso pudo alebrestar a unos cuantos loquitos de la clase media para que reeditaran las chapucer\u00edas de 2007.<\/p>\n<p align=\"justify\">A quienes pretenden conducir pol\u00edticamente a la oposici\u00f3n les toca leer esto y actuar en consecuencia. Si algo me motiva a escribir estas notas es que estoy, <a href=\"http:\/\/prodavinci.com\/blogs\/en-honor-a-la-verdad-por-leo-felipe-campos\/\">igual que Leo Felipe<\/a>, con la convicci\u00f3n de que estos son tiempos en los que m\u00e1s que hacer afirmaciones tajantes e incontrovertibles, hay que leer lo que ocurre y tener la humildad suficiente de reconocer que este movimiento no es subestimable, es in\u00e9dito y deber\u00edamos verlo con respeto y tratar de entenderlo.<\/p>\n<p align=\"justify\">Sigo creyendo en todo lo que <a href=\"http:\/\/www.panfletonegro.com\/v\/2014\/02\/12\/es-cobardia-pero-si-inteligencia\/\">escrib\u00ed en su momento<\/a>. Pienso que debe reconocerse al chavismo, que debe entenderse que el chavismo no es un accidente de la historia y que su superaci\u00f3n es un proceso complejo y parte de la construcci\u00f3n de una real alternativa pol\u00edtica; creo que hay que hacer trabajo social; que hay que convencer a la base chavista, con un proyecto que los incluya; que debemos dejar de despreciar a quienes apoyan al gobierno; que debemos entender que el liderazgo de Nicol\u00e1s Maduro no tiene el arraigo del de Hugo Ch\u00e1vez, pero que eso no significa que esas personas se sientan representadas en nosotros; que <strong>cada vez que un chavista protesta por algo, decirle \u201cBueno, g\u00fcev\u00f3n, \u00bfqui\u00e9n te mand\u00f3 a votar por esto? J\u00f3dete\u201d, es una estupidez gigantesca. <\/strong>Creo, tambi\u00e9n, que este no es el final, que estas protestas deber\u00e1n cesar para volver a la normalidad, que no se sostienen en el tiempo y que eso no significa, para nada, que las mismas hayan sido una derrota. Haber dejado ver la torpeza represiva del gobierno, exigir el desarme de los colectivos paramilitares, lograr la liberaci\u00f3n de los estudiantes injustamente detenidos y acusados hasta de terrorismo, y hacerle saber al gobierno de Maduro que no tendr\u00e1 al frente a una oposici\u00f3n d\u00f3cil dispuesta a dejarse quitar todos sus derechos con los brazos cruzados est\u00e1 lejos, pero muy lejos de ser una derrota.<\/p>\n<p align=\"justify\">Del mismo modo, sigo apostando a la cordura, a que lo de hoy no desate un \u201cleopoldismo\u201d, de gente irracional so\u00f1ando con que Leopoldo L\u00f3pez es ahora, luego de una semana, el salvador de la Rep\u00fablica. Y sigo apostando, tambi\u00e9n, a que se haga pol\u00edtica de verdad, que entendamos al chavismo de base, con el cual estamos unidos en la misma vida desgraciada y paup\u00e9rrima que nos ha tocado vivir en los \u00faltimos a\u00f1os. Hace d\u00edas, a ra\u00edz del desafortunado guarimbeo en ciertas zonas del este, que dej\u00f3 sin poder trabajar a un grupo de vecinos de esas \u00e1reas, pensaba en el exilio cubano en Miami: Esos hist\u00e9ricos que en cincuenta a\u00f1os no han podido hacerle ni un rasgu\u00f1o a la satrap\u00eda de los Castro. Un grupito de personas que para lo \u00fanico que quedaron fue para hacer de panelistas en El Show de Cristina y para servir de ejemplo estigmatizador de los millones de v\u00edctimas de la dictadura cubana, olvidadas por el mundo entre muchas otras razones porque sus opositores han podido ser reducidos a esa caricatura que vemos en Univisi\u00f3n todos los d\u00edas.<\/p>\n<p align=\"justify\">Bueno, creo que el gran reto de quienes queremos salir de esto es aprender de sus errores, no repetir su ceguera y soberbia, y ser capaces de trascender y construir una verdadera alternativa que derrote el chavismo y lleve a nuestro pa\u00eds a los rieles de la modernidad y la democracia.<\/p>\n","protected":false},"excerpt":{"rendered":"<p>Desde el pasado 12 de Febrero, cuando se dio la marcha de los estudiantes en Caracas, que lleg\u00f3 hasta la Fiscal\u00eda a solicitar la liberaci\u00f3n de los estudiantes detenidos en T\u00e1chira, Falc\u00f3n y Anzo\u00e1tegui durante las protestas estudiantiles de la semana anterior, comenz\u00f3 una oleada de protestas y represi\u00f3n que a muchos nos retrotrajo lo [&hellip;]<\/p>\n","protected":false},"author":181,"featured_media":42554,"comment_status":"open","ping_status":"open","sticky":false,"template":"","format":"standard","meta":{"jetpack_post_was_ever_published":false,"_jetpack_newsletter_access":"","_jetpack_dont_email_post_to_subs":false,"_jetpack_newsletter_tier_id":0,"_jetpack_memberships_contains_paywalled_content":false,"_jetpack_memberships_contains_paid_content":false,"footnotes":"","jetpack_publicize_message":"","jetpack_publicize_feature_enabled":true,"jetpack_social_post_already_shared":false,"jetpack_social_options":{"image_generator_settings":{"template":"highway","default_image_id":0,"font":"","enabled":false},"version":2}},"categories":[3],"tags":[2919,2935,135,2196,2112,1306,2937,2563,701,2936,617],"class_list":{"0":"post-42553","1":"post","2":"type-post","3":"status-publish","4":"format-standard","5":"has-post-thumbnail","7":"category-descontento","8":"tag-12f","9":"tag-alternativa","10":"tag-chavismo","11":"tag-guarimba","12":"tag-henrique-capriles","13":"tag-leopoldo-lopez","14":"tag-liderazgo","15":"tag-marcha","16":"tag-oposicion","17":"tag-propuesta","18":"tag-protesta"},"jetpack_publicize_connections":[],"jetpack_featured_media_url":"https:\/\/i0.wp.com\/www.panfletonegro.com\/v\/wp-content\/uploads\/2014\/02\/chacaito.jpg?fit=599%2C486&ssl=1","jetpack_shortlink":"https:\/\/wp.me\/pfpCD-b4l","jetpack_sharing_enabled":true,"_links":{"self":[{"href":"https:\/\/www.panfletonegro.com\/v\/wp-json\/wp\/v2\/posts\/42553","targetHints":{"allow":["GET"]}}],"collection":[{"href":"https:\/\/www.panfletonegro.com\/v\/wp-json\/wp\/v2\/posts"}],"about":[{"href":"https:\/\/www.panfletonegro.com\/v\/wp-json\/wp\/v2\/types\/post"}],"author":[{"embeddable":true,"href":"https:\/\/www.panfletonegro.com\/v\/wp-json\/wp\/v2\/users\/181"}],"replies":[{"embeddable":true,"href":"https:\/\/www.panfletonegro.com\/v\/wp-json\/wp\/v2\/comments?post=42553"}],"version-history":[{"count":0,"href":"https:\/\/www.panfletonegro.com\/v\/wp-json\/wp\/v2\/posts\/42553\/revisions"}],"wp:featuredmedia":[{"embeddable":true,"href":"https:\/\/www.panfletonegro.com\/v\/wp-json\/wp\/v2\/media\/42554"}],"wp:attachment":[{"href":"https:\/\/www.panfletonegro.com\/v\/wp-json\/wp\/v2\/media?parent=42553"}],"wp:term":[{"taxonomy":"category","embeddable":true,"href":"https:\/\/www.panfletonegro.com\/v\/wp-json\/wp\/v2\/categories?post=42553"},{"taxonomy":"post_tag","embeddable":true,"href":"https:\/\/www.panfletonegro.com\/v\/wp-json\/wp\/v2\/tags?post=42553"}],"curies":[{"name":"wp","href":"https:\/\/api.w.org\/{rel}","templated":true}]}}