{"id":42507,"date":"2014-02-17T19:33:20","date_gmt":"2014-02-18T00:03:20","guid":{"rendered":"http:\/\/www.panfletonegro.com\/v\/?p=42507"},"modified":"2014-06-07T11:47:28","modified_gmt":"2014-06-07T16:17:28","slug":"venezuela-el-fin-de-una-ilusion","status":"publish","type":"post","link":"https:\/\/www.panfletonegro.com\/v\/2014\/02\/17\/venezuela-el-fin-de-una-ilusion\/","title":{"rendered":"Venezuela: el fin de una ilusi\u00f3n"},"content":{"rendered":"<div>\n<div>\n<div>\n<div><img data-recalc-dims=\"1\" loading=\"lazy\" decoding=\"async\" class=\"alignnone\" alt=\"\" src=\"https:\/\/i0.wp.com\/www.lapatilla.com\/site\/wp-content\/uploads\/2012\/09\/ChMuneco2980.jpg?resize=696%2C213\" width=\"696\" height=\"213\" \/><\/div>\n<div>Por:<\/div>\n<p>Carlos Le\u00f3n Moya<\/p><\/div>\n<\/div>\n<\/div>\n<p>Venezuela me entusiasm\u00f3, y mucho. \u00bfQu\u00e9 otra cosa pod\u00eda pasar? \u00bfMe iba a entusiasmar con la aburrida Concertaci\u00f3n chilena y su administraci\u00f3n sin nervio? \u00bfCon los programas sociales brasileros? \u00bfMe iba a emocionar con una Revoluci\u00f3n Cubana que subsist\u00eda de milagro, como ese abuelo que quieres mucho pero que ya no puede caminar? \u00bfC\u00f3mo no emocionarme con Ch\u00e1vez, con su radicalismo, con su incontinencia verbal, con las mareas rojas en las calles, con la organizaci\u00f3n de la gente?<\/p>\n<p>Fui dos veces a Venezuela, primero con ilusi\u00f3n y luego con precauci\u00f3n, y corrobor\u00e9 muchas de las cosas que me emocionaban. Pero tambi\u00e9n vi otras que me generaban grandes sospechas.<br \/>\nHoy veo lo que ocurre en Venezuela y ya no siento entusiasmo. Me da m\u00e1s bien pena y tristeza. Es un autoritarismo chabacano con un l\u00edder limitado que permite la actividad impune de civiles armados. \u00bfO acaso debo considerar saludable que los motorizados anden amedrentando gente, disparando y hasta robando, solo porque tienen un polo con una estrella roja y escuchan Al\u00ed Primera?<br \/>\nUn pa\u00eds con una econom\u00eda insostenible. Un gobierno que tiene todo consigo para demoler a la oposici\u00f3n: el aparato del Estado, el dinero del petr\u00f3leo, las Fuerzas Armadas, la Guardia Nacional Bolivariana, el Poder Judicial, el Poder Electoral, los medios de comunicaci\u00f3n televisivos, y hasta la provisi\u00f3n del servicio de internet. Con todo eso a favor del gobierno, \u00bfcreen que voy a tomar en serio a quienes hablan de una oposici\u00f3n fuerte y oct\u00f3poda? Eso fue el 2002-2003. Estamos en el 2014.<br \/>\nNo hay argumentos v\u00e1lidos para defender al gobierno de Maduro. Para m\u00ed, es el fin de una ilusi\u00f3n.<\/p>\n<p>Pero as\u00ed como he aprendido a valorar algunas cosas (instituciones, reglas claras y otras que antes consideraba una ch\u00e1chara liberal) debo dejar en claro otras.<\/p>\n<p>1. No me sumo, para nada, a los clamores de \u00ablibertad\u00bb para Venezuela. \u00bfPor qu\u00e9? Porque son las mismas personas que reclaman \u00ablibertad\u00bb desde 1999, que a nombre de esa \u00ablibertad\u00bb apoyaron un golpe de Estado el 2002. Son pedidos ideol\u00f3gicos de quienes consideran que todo gobierno de izquierda es una prisi\u00f3n. No guardo simpat\u00eda ni cercan\u00eda con ellos. Lo de Maduro es indefendible y espero no contin\u00fae, pero no tengo simpat\u00eda alguna con estos \u00abliberadores\u00bb.<\/p>\n<p>2. El gobierno de Maduro no es malo por ser \u00abde izquierda\u00bb. Hay en los medios de comunicaci\u00f3n peruanos esa necesidad ontol\u00f3gica de achacar a la existencia misma de la izquierda las razones de este rev\u00e9s: ineficiencia innata y autoritarismo gen\u00e9tico. Son los mismos que atacan cualquier cosa que sea de izquierda, con o sin raz\u00f3n. Pero tampoco voy a ponerme en el plan de \u00abno voy a criticar para no hacerle el juego a\u00bb. Ese argumento es tan penoso que Stalin estar\u00eda riendo en su dacha de solo escucharlo.<\/p>\n<p>3. Tampoco voy a tirar todo al tacho. No me arrepiento de haberme entusiasmado. No niego que Hugo Ch\u00e1vez me simpatiz\u00f3 bastante, aunque s\u00ed minimic\u00e9 su talante autoritario y su p\u00e9sima elecci\u00f3n de tener un coro de aduladores como c\u00edrculo m\u00e1s cercano. No me parece mal que se haya impulsado la organizaci\u00f3n popular de la manera en que se hizo, con los Consejos Comunales, con el mismo PSUV, con los batallones, con las misiones. La gente cambi\u00f3. Se volvi\u00f3 m\u00e1s activa. Particip\u00f3 en pol\u00edtica con fuerza. Muchos sintieron que realmente ten\u00edan derechos, y que al Estado no hab\u00eda que rogarle: hab\u00eda que exigirle (aunque manteniendo esa vieja mentalidad rentista) \u00bfMe parecen mal estas cosas ahora que Maduro lleva al pa\u00eds a un despe\u00f1adero? Para nada. Me parecen rescatables, aunque ciertamente poco viables porque no tenemos una caja chica como aquella. Pero son cosas de Venezuela que defend\u00ed y que seguir\u00e9 defendiendo. El fracaso de este gobierno no me har\u00e1 tirarme al piso, pedir perd\u00f3n, azotar mi espalda y volverme liberal. No.<\/p>\n<p>La primera vez que fui a Venezuela ten\u00eda 21 a\u00f1os. Llegu\u00e9 sin alojamiento y sin un s\u00f3lo d\u00f3lar, pero volv\u00ed entusiasmado. Feliz.<br \/>\nHoy ya tengo 28 y esa ilusi\u00f3n se termin\u00f3. Pero est\u00e1 bien. Hay cosas que uno va aprendiendo a la fuerza.<\/p>\n","protected":false},"excerpt":{"rendered":"<p>Por: Carlos Le\u00f3n Moya Venezuela me entusiasm\u00f3, y mucho. \u00bfQu\u00e9 otra cosa pod\u00eda pasar? \u00bfMe iba a entusiasmar con la aburrida Concertaci\u00f3n chilena y su administraci\u00f3n sin nervio? \u00bfCon los programas sociales brasileros? \u00bfMe iba a emocionar con una Revoluci\u00f3n Cubana que subsist\u00eda de milagro, como ese abuelo que quieres mucho pero que ya no [&hellip;]<\/p>\n","protected":false},"author":1506,"featured_media":0,"comment_status":"open","ping_status":"open","sticky":false,"template":"","format":"standard","meta":{"jetpack_post_was_ever_published":false,"_jetpack_newsletter_access":"","_jetpack_dont_email_post_to_subs":false,"_jetpack_newsletter_tier_id":0,"_jetpack_memberships_contains_paywalled_content":false,"_jetpack_memberships_contains_paid_content":false,"footnotes":"","jetpack_publicize_message":"","jetpack_publicize_feature_enabled":true,"jetpack_social_post_already_shared":false,"jetpack_social_options":{"image_generator_settings":{"template":"highway","default_image_id":0,"font":"","enabled":false},"version":2}},"categories":[1],"tags":[2919,62,45,2934,1320,124,1090,261,384,307,44],"class_list":{"0":"post-42507","1":"post","2":"type-post","3":"status-publish","4":"format-standard","6":"category-azares","7":"tag-12f","8":"tag-caracas","9":"tag-chavez","10":"tag-extranjero","11":"tag-pensamiento","12":"tag-politica","13":"tag-realidad","14":"tag-revolucion","15":"tag-socialismo","16":"tag-sociologia","17":"tag-venezuela"},"jetpack_publicize_connections":[],"jetpack_featured_media_url":"","jetpack_shortlink":"https:\/\/wp.me\/pfpCD-b3B","jetpack_sharing_enabled":true,"_links":{"self":[{"href":"https:\/\/www.panfletonegro.com\/v\/wp-json\/wp\/v2\/posts\/42507","targetHints":{"allow":["GET"]}}],"collection":[{"href":"https:\/\/www.panfletonegro.com\/v\/wp-json\/wp\/v2\/posts"}],"about":[{"href":"https:\/\/www.panfletonegro.com\/v\/wp-json\/wp\/v2\/types\/post"}],"author":[{"embeddable":true,"href":"https:\/\/www.panfletonegro.com\/v\/wp-json\/wp\/v2\/users\/1506"}],"replies":[{"embeddable":true,"href":"https:\/\/www.panfletonegro.com\/v\/wp-json\/wp\/v2\/comments?post=42507"}],"version-history":[{"count":0,"href":"https:\/\/www.panfletonegro.com\/v\/wp-json\/wp\/v2\/posts\/42507\/revisions"}],"wp:attachment":[{"href":"https:\/\/www.panfletonegro.com\/v\/wp-json\/wp\/v2\/media?parent=42507"}],"wp:term":[{"taxonomy":"category","embeddable":true,"href":"https:\/\/www.panfletonegro.com\/v\/wp-json\/wp\/v2\/categories?post=42507"},{"taxonomy":"post_tag","embeddable":true,"href":"https:\/\/www.panfletonegro.com\/v\/wp-json\/wp\/v2\/tags?post=42507"}],"curies":[{"name":"wp","href":"https:\/\/api.w.org\/{rel}","templated":true}]}}