{"id":42480,"date":"2014-02-17T11:50:04","date_gmt":"2014-02-17T16:20:04","guid":{"rendered":"http:\/\/www.panfletonegro.com\/v\/?p=42480"},"modified":"2014-06-07T11:50:54","modified_gmt":"2014-06-07T16:20:54","slug":"folletin-insurrecto","status":"publish","type":"post","link":"https:\/\/www.panfletonegro.com\/v\/2014\/02\/17\/folletin-insurrecto\/","title":{"rendered":"Follet\u00edn Insurrecto"},"content":{"rendered":"<p><strong>1) Protestar pac\u00edficamente es un derecho y un deber ciudadano.<\/strong><\/p>\n<p>los venezolanos tenemos motivos de sobra para ejercerlo:<\/p>\n<p>&#8211; Inseguridad<\/p>\n<p>&#8211; Desabastecimiento<\/p>\n<p>&#8211; Inflaci\u00f3n<\/p>\n<p>&#8211; Corrupci\u00f3n<\/p>\n<p>&#8211; Criminalizaci\u00f3n de la disensi\u00f3n<\/p>\n<p>&#8211; Coerci\u00f3n y monopolizaci\u00f3n de los medios de comunicaci\u00f3n<\/p>\n<p>&#8211; Politizaci\u00f3n de las instituciones del Estado<br \/>\nEstos son algunos de los problemas m\u00e1s graves que enfrenta el pa\u00eds, pero hay otros. Denuncia el m\u00e1s importante con argumentos s\u00f3lidos.<\/p>\n<p>&nbsp;<\/p>\n<p><strong>2) Para que la protesta pac\u00edfica sea efectiva debe estar organizada y tener objetivos claros.<\/strong><\/p>\n<p>&#8211; Bajo ninguna circunstancia puede ser violenta (la constituci\u00f3n venezolana solo garantiza el derecho a la protesta pac\u00edfica, no al vandalismo. Art\u00edculo 68.)<\/p>\n<p>&#8211; Debe tener objetivos claros como:<\/p>\n<ul>\n<li>Exigir que el gobierno establezca el problema de la inseguridad y la violencia como prioridad nacional y convoque a todos los sectores para crear un plan de acci\u00f3n inmediata.<\/li>\n<li>Exigir que el gobierno rectifique sus pol\u00edticas econ\u00f3micas para resolver los problemas de producci\u00f3n y la escasez de alimentos y medicamentos.<\/li>\n<li>Exigir al gobierno el debido proceso de aquellos funcionarios que se han enriquecido de forma il\u00edcita durante el ejercicio de sus cargos.<\/li>\n<li>Exigir al gobierno que garantice la imparcialidad y competencia de organismos del estado sin proselitismo pol\u00edtico.<\/li>\n<li>Exigir al gobierno que respete y garantice el derecho a la protesta pac\u00edfica.<\/li>\n<li>Exigir al gobierno que respete y garantice el derecho a la informaci\u00f3n a trav\u00e9s de los medios de comunicaci\u00f3n.<\/li>\n<li>Rechazar la violencia y las manifestaciones anti democr\u00e1ticas sin importar de d\u00f3nde vengan.<\/li>\n<\/ul>\n<p>&nbsp;<\/p>\n<p><strong>3) Para que la protesta sea efectiva su mensaje debe ser irrefutable y contundente.<\/strong><\/p>\n<p>&#8211; Crear consignas que expongan los verdaderos problemas del pa\u00eds y concentre la atenci\u00f3n en ellos.<\/p>\n<p>&#8211; No utilizar consignas violentas y anti democr\u00e1ticas.<\/p>\n<p>&#8211; No utilizar consignas vac\u00edas y desgastadas.<\/p>\n<p>&#8211; Expresarse con la verdad y la raz\u00f3n, no con el odio ni el resentimiento.<\/p>\n<p>&nbsp;<\/p>\n<p><strong>4) Para que la protesta sea efectiva debe incluir a todos los sectores de la poblaci\u00f3n.<\/strong><\/p>\n<p>&#8211; Las movilizaciones deben organizarse en todo el territorio nacional y en distintos puntos de cada ciudad.<\/p>\n<p>&#8211; Las protestas no pueden concentrarse \u00fanicamente en espacios puntuales identificados como bastiones de oposici\u00f3n.<\/p>\n<p>&#8211; Hay que movilizar con argumentos y propuestas claras a quienes apoyan al gobierno.<\/p>\n<p>&#8211; Hay que movilizar con argumentos y propuestas claras a quienes no se sienten representados.<\/p>\n<p>&nbsp;<\/p>\n<p><strong>5) Protestar no es solo salir a la calle.<\/strong><\/p>\n<p>&#8211; Habla con tus familiares, amigos y conocidos sobre los problemas del pa\u00eds. Prep\u00e1rate y utiliza argumentos s\u00f3lidos, debatir es mucho m\u00e1s que repetir consignas.<\/p>\n<p>&#8211; Utiliza todos los medios disponibles para compartir informaci\u00f3n relevante sobre los problemas m\u00e1s graves del pa\u00eds.<\/p>\n<p>&#8211; Haz que tu voz se convierta en denuncia y referencia confiable.<\/p>\n<p>&#8211; No publiques informaci\u00f3n falsa o que no hayas podido verificar. A veces una b\u00fasqueda en Google es suficiente para identificar contenido falso.<\/p>\n<p>&#8211; No contribuyas a la desinformaci\u00f3n.<\/p>\n<p>&#8211; Se inteligente, eleva el debate.<\/p>\n<p>&nbsp;<\/p>\n<p><strong>6) No esperes que un l\u00edder te diga qu\u00e9 hacer con tu descontento.<\/strong><\/p>\n<p>&#8211; La responsabilidad de protestar no es solo de los estudiantes, los problemas del pa\u00eds afectan a todos sus ciudadanos.<\/p>\n<p>&#8211; En un pa\u00eds en el que la objetividad ha sido aniquilada por el discurso pol\u00edtico es responsabilidad de cada uno de nosotros contribuir a desmontar la propaganda y liberar el debate de dogmatismos ideol\u00f3gicos.<\/p>\n<p>&#8211; Hay que estar a la altura de las circunstancias, twittear y publicar fotos en Facebook no es suficiente, salir a votar no es suficiente.<\/p>\n<p>&#8211; Un ciudadano consciente, capaz de expresar p\u00fablica y articuladamente su disensi\u00f3n es la mayor amenaza para cualquier proyecto totalitario.<\/p>\n<p>&#8211; El verdadero poder se encuentra en la desobediencia civil masiva. Todo gobierno, no importa cu\u00e1n totalitario, violento y desp\u00f3tico, tiene un n\u00famero que fija su l\u00edmite.<\/p>\n<p>&#8211; Investiga, debate, cuestiona. Asume tu cuota de responsabilidad y haz lo correcto, es la \u00fanica salida.<\/p>\n","protected":false},"excerpt":{"rendered":"<p>1) Protestar pac\u00edficamente es un derecho y un deber ciudadano. los venezolanos tenemos motivos de sobra para ejercerlo: &#8211; Inseguridad &#8211; Desabastecimiento &#8211; Inflaci\u00f3n &#8211; Corrupci\u00f3n &#8211; Criminalizaci\u00f3n de la disensi\u00f3n &#8211; Coerci\u00f3n y monopolizaci\u00f3n de los medios de comunicaci\u00f3n &#8211; Politizaci\u00f3n de las instituciones del Estado Estos son algunos de los problemas m\u00e1s graves [&hellip;]<\/p>\n","protected":false},"author":1760,"featured_media":0,"comment_status":"open","ping_status":"open","sticky":false,"template":"","format":"standard","meta":{"jetpack_post_was_ever_published":false,"_jetpack_newsletter_access":"","_jetpack_dont_email_post_to_subs":false,"_jetpack_newsletter_tier_id":0,"_jetpack_memberships_contains_paywalled_content":false,"_jetpack_memberships_contains_paid_content":false,"footnotes":"","jetpack_publicize_message":"","jetpack_publicize_feature_enabled":true,"jetpack_social_post_already_shared":false,"jetpack_social_options":{"image_generator_settings":{"template":"highway","default_image_id":0,"font":"","enabled":false},"version":2}},"categories":[2439],"tags":[2919,1495,603,45,135,67,226,181,555,2440,59,44,136],"class_list":{"0":"post-42480","1":"post","2":"type-post","3":"status-publish","4":"format-standard","6":"category-arte","7":"tag-12f","8":"tag-capriles-radonski","9":"tag-censura","10":"tag-chavez","11":"tag-chavismo","12":"tag-critica","13":"tag-democracia","14":"tag-hugo-chavez","15":"tag-inseguridad","16":"tag-maduro","17":"tag-politica-venezolana","18":"tag-venezuela","19":"tag-violencia"},"jetpack_publicize_connections":[],"jetpack_featured_media_url":"","jetpack_shortlink":"https:\/\/wp.me\/pfpCD-b3a","jetpack_sharing_enabled":true,"_links":{"self":[{"href":"https:\/\/www.panfletonegro.com\/v\/wp-json\/wp\/v2\/posts\/42480","targetHints":{"allow":["GET"]}}],"collection":[{"href":"https:\/\/www.panfletonegro.com\/v\/wp-json\/wp\/v2\/posts"}],"about":[{"href":"https:\/\/www.panfletonegro.com\/v\/wp-json\/wp\/v2\/types\/post"}],"author":[{"embeddable":true,"href":"https:\/\/www.panfletonegro.com\/v\/wp-json\/wp\/v2\/users\/1760"}],"replies":[{"embeddable":true,"href":"https:\/\/www.panfletonegro.com\/v\/wp-json\/wp\/v2\/comments?post=42480"}],"version-history":[{"count":0,"href":"https:\/\/www.panfletonegro.com\/v\/wp-json\/wp\/v2\/posts\/42480\/revisions"}],"wp:attachment":[{"href":"https:\/\/www.panfletonegro.com\/v\/wp-json\/wp\/v2\/media?parent=42480"}],"wp:term":[{"taxonomy":"category","embeddable":true,"href":"https:\/\/www.panfletonegro.com\/v\/wp-json\/wp\/v2\/categories?post=42480"},{"taxonomy":"post_tag","embeddable":true,"href":"https:\/\/www.panfletonegro.com\/v\/wp-json\/wp\/v2\/tags?post=42480"}],"curies":[{"name":"wp","href":"https:\/\/api.w.org\/{rel}","templated":true}]}}