{"id":42395,"date":"2014-02-14T23:40:30","date_gmt":"2014-02-15T04:10:30","guid":{"rendered":"http:\/\/www.panfletonegro.com\/v\/?p=42395"},"modified":"2014-02-17T04:38:12","modified_gmt":"2014-02-17T09:08:12","slug":"el-objetivo-de-las-marchas","status":"publish","type":"post","link":"https:\/\/www.panfletonegro.com\/v\/2014\/02\/14\/el-objetivo-de-las-marchas\/","title":{"rendered":"El objetivo de las marchas"},"content":{"rendered":"<p><a href=\"https:\/\/i0.wp.com\/www.panfletonegro.com\/v\/wp-content\/uploads\/2014\/02\/0010678517.jpeg\"><img data-recalc-dims=\"1\" loading=\"lazy\" decoding=\"async\" data-attachment-id=\"42397\" data-permalink=\"https:\/\/www.panfletonegro.com\/v\/2014\/02\/14\/el-objetivo-de-las-marchas\/attachment\/0010678517\/\" data-orig-file=\"https:\/\/i0.wp.com\/www.panfletonegro.com\/v\/wp-content\/uploads\/2014\/02\/0010678517.jpeg?fit=770%2C433&amp;ssl=1\" data-orig-size=\"770,433\" data-comments-opened=\"1\" data-image-meta=\"{&quot;aperture&quot;:&quot;0&quot;,&quot;credit&quot;:&quot;&quot;,&quot;camera&quot;:&quot;&quot;,&quot;caption&quot;:&quot;&quot;,&quot;created_timestamp&quot;:&quot;0&quot;,&quot;copyright&quot;:&quot;&quot;,&quot;focal_length&quot;:&quot;0&quot;,&quot;iso&quot;:&quot;0&quot;,&quot;shutter_speed&quot;:&quot;0&quot;,&quot;title&quot;:&quot;&quot;}\" data-image-title=\"0010678517\" data-image-description=\"\" data-image-caption=\"\" data-large-file=\"https:\/\/i0.wp.com\/www.panfletonegro.com\/v\/wp-content\/uploads\/2014\/02\/0010678517.jpeg?fit=696%2C391&amp;ssl=1\" class=\"alignleft size-medium wp-image-42397\" alt=\"0010678517\" src=\"https:\/\/i0.wp.com\/www.panfletonegro.com\/v\/wp-content\/uploads\/2014\/02\/0010678517-300x168.jpeg?resize=300%2C168\" width=\"300\" height=\"168\" srcset=\"https:\/\/i0.wp.com\/www.panfletonegro.com\/v\/wp-content\/uploads\/2014\/02\/0010678517.jpeg?resize=300%2C168&amp;ssl=1 300w, https:\/\/i0.wp.com\/www.panfletonegro.com\/v\/wp-content\/uploads\/2014\/02\/0010678517.jpeg?resize=320%2C179&amp;ssl=1 320w, https:\/\/i0.wp.com\/www.panfletonegro.com\/v\/wp-content\/uploads\/2014\/02\/0010678517.jpeg?resize=145%2C81&amp;ssl=1 145w, https:\/\/i0.wp.com\/www.panfletonegro.com\/v\/wp-content\/uploads\/2014\/02\/0010678517.jpeg?resize=495%2C278&amp;ssl=1 495w, https:\/\/i0.wp.com\/www.panfletonegro.com\/v\/wp-content\/uploads\/2014\/02\/0010678517.jpeg?resize=670%2C376&amp;ssl=1 670w, https:\/\/i0.wp.com\/www.panfletonegro.com\/v\/wp-content\/uploads\/2014\/02\/0010678517.jpeg?w=770&amp;ssl=1 770w\" sizes=\"auto, (max-width: 300px) 100vw, 300px\" \/><\/a><\/p>\n<p>&nbsp;<\/p>\n<p>&nbsp;<\/p>\n<p>Lo ocurrido esta semana en\u00a0<span class=\"Apple-style-span\" style=\"font-size: medium\"><\/span><\/p>\n<p>Venezuela es lamentable. Sin embargo, m\u00e1s lamentable de las muertes, es constatar que quince a\u00f1os de oposici\u00f3n al gobierno, no han servido de lecci\u00f3n.<\/p>\n<p><span class=\"Apple-style-span\" style=\"font-size: medium\"><\/span><\/p>\n<p>El opositor medio sigue siendo m\u00e1s pasional que racional, sigue dej\u00e1ndose llevar por las pretensiones pol\u00edticas de unos cuantos. El argumento ahora es no quedarse en casa, que el cambio s\u00f3lo ocurre en la calle. El cambio no ocurre en la calle sin organizaci\u00f3n, sin un ideal com\u00fan.<\/p>\n<p>La improvisaci\u00f3n sirve hasta cierto punto pero es algo que ya no podemos permitirnos.\u00a0Los muertos de 2002 ya nadie los recuerda, as\u00ed como tampoco los de 2007, durante las marchas estudiantiles por el cierre de RCTV. En esas marchas yo tambi\u00e9n estuve y fue la \u00faltima vez que march\u00e9.<\/p>\n<p>En 2007, tras el cierre de RCTV hubo una especie de orgasmo opositor general encabezado supuestamente por nosotros, los estudiantes, que salimos de todos lados del pa\u00eds, de todas las universidades, a protestar pac\u00edficamente en contra de un r\u00e9gimen totalitario que nos quitaba el derecho a la informaci\u00f3n. Dec\u00edan, en los gritos de fuerza, que no \u00e9ramos pol\u00edticos, que \u00e9ramos un movimiento sin otra pretensi\u00f3n que una Venezuela libre y feliz. Dec\u00edan que esto era diferente al 2002 porque los protagonistas no eran los pol\u00edticos sino el pueblo, los estudiantes, los chamos, el futuro, carajo.\u00a0La realidad pronto se demostrar\u00eda otra.<\/p>\n<p>Muchos estudiantes se organizaron para jugar a la guerra contra la polic\u00eda, lanzando piedras, lanzando lo que encontrasen. Yo ca\u00ed preso y cuando el PM me dijo que llamara a alguien que me fuera a buscar a la Guardia Nacional, mis amigos se hicieron los locos, y me dejaron el pelero.<\/p>\n<p>En la GN me humillaron, me golpearon, me escupieron. Al final logr\u00e9 salir pero muchos se quedaron all\u00ed y yo, idealista y libre, envi\u00e9 un cd con fotos a Globovisi\u00f3n, ese canal aguerrido por la informaci\u00f3n veraz. Les envi\u00e9 mi declaraci\u00f3n y los nombres de todos los involucrados en mi detenci\u00f3n. Nunca publicaron nada y muchos amigos que marcharon a\u00fan hoy no me creen que ese d\u00eda desaparecieron a varios detenidos.<\/p>\n<p>Uno de los milicos me dijo una cosa muy interesante: T\u00fa est\u00e1s aqu\u00ed protestando en favor de la libertad de expresi\u00f3n por un canal privado. \u00bfT\u00fa qu\u00e9 crees que est\u00e1 haciendo ahora Granier, el due\u00f1o de RCTV? Est\u00e1 cay\u00e9ndose a palos muy relajado porque esto tambi\u00e9n le conviene, tanto como a Ch\u00e1vez. Ustedes son mu\u00f1equitos. Nosotros tambi\u00e9n.<\/p>\n<p>Despu\u00e9s de eso y a distancia de unos meses, todos los l\u00edderes estudiantiles, se lanzaron a las elecciones por cargos de alcaldes y dem\u00e1s, traicionando el principio de la protesta. En la escuela de Comunicaci\u00f3n Social nos olvidamos r\u00e1pidamente del cierre de RCTV y seguimos viviendo nuestra vida, yendo a los bares, comprando carros, viajando porque la vida es una y uno no se puede amargar toda la vida.<\/p>\n<p>Esta experiencia, que viv\u00ed en primera persona, aprend\u00ed a juzgar el juego pol\u00edtico criollo desde otra perspectiva. Por eso mismo nunca he cre\u00eddo en Capriles ni mucho menos en Mar\u00eda Corina o Leopoldo L\u00f3pez. Ninguno de ellos ha tomado una bala por nosotros y se han encargado de convertir toda desgracia en arma pol\u00edtica, porque de eso se trata. Pero no me molestan tanto porque as\u00ed son los pol\u00edticos de todas partes del mundo. Lo que me jode, lo que me revienta, es nuestra gente, nosotros, los ciudadanos de a pie, los hijos de puta que no tenemos plata para un futuro y nuestras quejas no son por el pan sino porque el nuevo Iphone no ha llegado, los criollos sin memoria que creemos todav\u00eda en esa cantaleta de que toda la culpa la tiene el gobierno y que si salimos mucho a la calle, vamos a lograr algo, llenos de frases hechas tan geniales como est\u00e9riles del tipo \u00ab140 personas hacen m\u00e1s que 140 caracteres\u00bb; lo que me da rabia es que somos hijos de la publicidad y nos manejamos en los mecanismos de la televisi\u00f3n. Basta ver la opini\u00f3n general que tenemos de un escribidor como Leonardo Padr\u00f3n o cu\u00e1ntos seguidores tiene Chataing en Twitter. Si el cambio no ocurre internamente y seguimos ladrando como perritos, nunca ocurrir\u00e1 nada.\u00bfQuieren la revoluci\u00f3n? \u00bfQuieren una Venezuela libre? Empiecen con las acciones concretas y reales. Un amigo propuso abrir un grupo en Facebook y una cuenta en Twitter que concentre esa masa para transformarla en fuerza. Despu\u00e9s de eso, se necesitan encontrar problemas concretos y alternativas para solucionarlos, sin caer en la banalidad de \u00abhay que tumbar al gobierno\u00bb porque eso no va a pasar de la noche a la ma\u00f1ana. Recuerdo una p\u00e1gina de Facebook donde hab\u00edan denunciado con humor un hueco en la autopista y dio tanto de qu\u00e9 hablar, que lo repararon. Esto ser\u00eda un buen ejemplo de c\u00f3mo usar las nuevas tecnolog\u00edas para un cambio dr\u00e1stico. Lo m\u00edo no es facilismo sino raciocinio, ni tampoco son enso\u00f1aciones pues ya ha ocurrido en los pa\u00edses \u00c1rabes y tambi\u00e9n en Italia. Eso s\u00ed: las redes sociales son un medio de la idea, pero la idea hay que tenerla, as\u00ed como cuando se va a la calle. Si el ciudadano empieza unido a combatir la escasez, la violencia y todas nuestras dem\u00e1s taras, si empezamos a dejar de vivir en el capitalismo salvaje de la era de Ch\u00e1vez que a todos tanto nos conviene.<\/p>\n<p>El arma contra el chavismo, aunque les suene extra\u00f1o, es la pr\u00e1ctica real del socialismo.<br \/>\nUna sociedad organizada cuyo objetivo es el bien colectivo, en un pa\u00eds como Venezuela, podr\u00eda prosperar y acabar con todos sus males.<\/p>\n<p>Mientras sigamos divididos por ridiculeces que nos venden los pol\u00edticos, seguir\u00e1 repiti\u00e9ndose 2002, 2007 y 20014, dejando cifras de muertes y quietud, esa maldita quietud.<\/p>\n<p>Giulio Vita<br \/>\n@elreytuqueque<\/p>\n","protected":false},"excerpt":{"rendered":"<p>&nbsp; &nbsp; Lo ocurrido esta semana en\u00a0 Venezuela es lamentable. Sin embargo, m\u00e1s lamentable de las muertes, es constatar que quince a\u00f1os de oposici\u00f3n al gobierno, no han servido de lecci\u00f3n. El opositor medio sigue siendo m\u00e1s pasional que racional, sigue dej\u00e1ndose llevar por las pretensiones pol\u00edticas de unos cuantos. El argumento ahora es no [&hellip;]<\/p>\n","protected":false},"author":1116,"featured_media":42397,"comment_status":"open","ping_status":"open","sticky":false,"template":"","format":"standard","meta":{"jetpack_post_was_ever_published":false,"_jetpack_newsletter_access":"","_jetpack_dont_email_post_to_subs":false,"_jetpack_newsletter_tier_id":0,"_jetpack_memberships_contains_paywalled_content":false,"_jetpack_memberships_contains_paid_content":false,"footnotes":"","jetpack_publicize_message":"","jetpack_publicize_feature_enabled":true,"jetpack_social_post_already_shared":false,"jetpack_social_options":{"image_generator_settings":{"template":"highway","default_image_id":0,"font":"","enabled":false},"version":2}},"categories":[1],"tags":[2919],"class_list":{"0":"post-42395","1":"post","2":"type-post","3":"status-publish","4":"format-standard","5":"has-post-thumbnail","7":"category-azares","8":"tag-12f"},"jetpack_publicize_connections":[],"jetpack_featured_media_url":"https:\/\/i0.wp.com\/www.panfletonegro.com\/v\/wp-content\/uploads\/2014\/02\/0010678517.jpeg?fit=770%2C433&ssl=1","jetpack_shortlink":"https:\/\/wp.me\/pfpCD-b1N","jetpack_sharing_enabled":true,"_links":{"self":[{"href":"https:\/\/www.panfletonegro.com\/v\/wp-json\/wp\/v2\/posts\/42395","targetHints":{"allow":["GET"]}}],"collection":[{"href":"https:\/\/www.panfletonegro.com\/v\/wp-json\/wp\/v2\/posts"}],"about":[{"href":"https:\/\/www.panfletonegro.com\/v\/wp-json\/wp\/v2\/types\/post"}],"author":[{"embeddable":true,"href":"https:\/\/www.panfletonegro.com\/v\/wp-json\/wp\/v2\/users\/1116"}],"replies":[{"embeddable":true,"href":"https:\/\/www.panfletonegro.com\/v\/wp-json\/wp\/v2\/comments?post=42395"}],"version-history":[{"count":0,"href":"https:\/\/www.panfletonegro.com\/v\/wp-json\/wp\/v2\/posts\/42395\/revisions"}],"wp:featuredmedia":[{"embeddable":true,"href":"https:\/\/www.panfletonegro.com\/v\/wp-json\/wp\/v2\/media\/42397"}],"wp:attachment":[{"href":"https:\/\/www.panfletonegro.com\/v\/wp-json\/wp\/v2\/media?parent=42395"}],"wp:term":[{"taxonomy":"category","embeddable":true,"href":"https:\/\/www.panfletonegro.com\/v\/wp-json\/wp\/v2\/categories?post=42395"},{"taxonomy":"post_tag","embeddable":true,"href":"https:\/\/www.panfletonegro.com\/v\/wp-json\/wp\/v2\/tags?post=42395"}],"curies":[{"name":"wp","href":"https:\/\/api.w.org\/{rel}","templated":true}]}}