{"id":41906,"date":"2014-01-13T15:17:54","date_gmt":"2014-01-13T19:47:54","guid":{"rendered":"http:\/\/www.panfletonegro.com\/v\/?p=41906"},"modified":"2014-08-26T07:42:30","modified_gmt":"2014-08-26T12:12:30","slug":"resentimiento","status":"publish","type":"post","link":"https:\/\/www.panfletonegro.com\/v\/2014\/01\/13\/resentimiento\/","title":{"rendered":"Viceministerio del Poder Popular Para el Resentimiento"},"content":{"rendered":"<figure id=\"attachment_41911\" aria-describedby=\"caption-attachment-41911\" style=\"width: 600px\" class=\"wp-caption aligncenter\"><img data-recalc-dims=\"1\" loading=\"lazy\" decoding=\"async\" data-attachment-id=\"41911\" data-permalink=\"https:\/\/www.panfletonegro.com\/v\/2014\/01\/13\/resentimiento\/ministros\/\" data-orig-file=\"https:\/\/i0.wp.com\/www.panfletonegro.com\/v\/wp-content\/uploads\/2014\/01\/ministros.jpg?fit=600%2C400&amp;ssl=1\" data-orig-size=\"600,400\" data-comments-opened=\"1\" data-image-meta=\"{&quot;aperture&quot;:&quot;0&quot;,&quot;credit&quot;:&quot;&quot;,&quot;camera&quot;:&quot;&quot;,&quot;caption&quot;:&quot;&quot;,&quot;created_timestamp&quot;:&quot;0&quot;,&quot;copyright&quot;:&quot;&quot;,&quot;focal_length&quot;:&quot;0&quot;,&quot;iso&quot;:&quot;0&quot;,&quot;shutter_speed&quot;:&quot;0&quot;,&quot;title&quot;:&quot;&quot;}\" data-image-title=\"ministros\" data-image-description=\"\" data-image-caption=\"&lt;p&gt;consejo de ministros&lt;\/p&gt;\n\" data-large-file=\"https:\/\/i0.wp.com\/www.panfletonegro.com\/v\/wp-content\/uploads\/2014\/01\/ministros.jpg?fit=600%2C400&amp;ssl=1\" class=\"size-full wp-image-41911\" alt=\"consejo de ministros\" src=\"https:\/\/i0.wp.com\/www.panfletonegro.com\/v\/wp-content\/uploads\/2014\/01\/ministros.jpg?resize=600%2C400\" width=\"600\" height=\"400\" srcset=\"https:\/\/i0.wp.com\/www.panfletonegro.com\/v\/wp-content\/uploads\/2014\/01\/ministros.jpg?w=600&amp;ssl=1 600w, https:\/\/i0.wp.com\/www.panfletonegro.com\/v\/wp-content\/uploads\/2014\/01\/ministros.jpg?resize=300%2C200&amp;ssl=1 300w, https:\/\/i0.wp.com\/www.panfletonegro.com\/v\/wp-content\/uploads\/2014\/01\/ministros.jpg?resize=320%2C213&amp;ssl=1 320w, https:\/\/i0.wp.com\/www.panfletonegro.com\/v\/wp-content\/uploads\/2014\/01\/ministros.jpg?resize=145%2C96&amp;ssl=1 145w, https:\/\/i0.wp.com\/www.panfletonegro.com\/v\/wp-content\/uploads\/2014\/01\/ministros.jpg?resize=495%2C330&amp;ssl=1 495w\" sizes=\"auto, (max-width: 600px) 100vw, 600px\" \/><figcaption id=\"caption-attachment-41911\" class=\"wp-caption-text\">consejo de ministros<\/figcaption><\/figure>\n<p>Algunas veces, cuando habl\u00e1bamos de las cosas locas que yo har\u00eda si fuese presidente, <a href=\"https:\/\/twitter.com\/pe_rodriguez\">Pedro<\/a>\u00a0me recordaba que \u00e9l hab\u00eda pedido primero el Ministerio del Pollo. Un chiste recurrente que medio funcionaba en otra \u00e9poca porque s\u00f3lo un <a href=\"http:\/\/www.panfletonegro.com\/v\/2013\/11\/15\/debilidad-mental\/\" target=\"_blank\">d\u00e9bil mental delirante<\/a>\u00a0crear\u00eda una cartera ministerial para defender el suministro de pollo, o mandar mensajitos por Facebook (punto 21.5 de <a href=\"http:\/\/www.tsj.gov.ve\/gaceta\/enero\/912014\/912014-3884.pdf\" target=\"_blank\">este decreto<\/a>).<\/p>\n<p>Los problemas no se resuelven creando Viceministerios. Los problemas comienzan a resolverse aceptando y entendiendo la naturaleza del problema. Nicol\u00e1s es incapaz de eso y lo dej\u00f3 <a href=\"http:\/\/www.youtube.com\/watch?v=G0wTY4cTX1U\" target=\"_blank\">bien claro el 8 de Enero<\/a>\u00a0cuando b\u00e1sicamente repiti\u00f3 el mandato de las fuerzas de seguridad, como si lo hubiese descubierto ese d\u00eda. Sin embargo, el tipo ya tiene un a\u00f1o siendo presidente y 9 meses de haber asumido\u00a0<a href=\"http:\/\/www.youtube.com\/watch?v=VP5CRnFJcG8\" target=\"_blank\">el problema de \u00abla inseguridad\u00bb como \u00abalgo personal\u00bb<\/a>. Nicol\u00e1s no acaba de llegar. De hecho,\u00a0tiene al menos 20 a\u00f1os jalando bolas en los c\u00edrculos del poder. Yo pagu\u00e9 su educaci\u00f3n y lo mantengo y quiero que me devuelvan mis reales.<\/p>\n<p>Est\u00e1 claro que el chavismo no podr\u00e1 resolver los grandes problemas de Venezuela. Tienen a\u00f1os esforz\u00e1ndose en demostrar que son estructuralmente incapaces. Las \u00fanicas cosas buenas que ha logrado el chavismo, lo ha hecho tir\u00e1ndole dinero a los problemas, a ver si se arreglan. Pero no todos los problemas se resuelven con dinero. Algunos requieren planificaci\u00f3n y concesiones, palabras prohibidas en el diccionario del socialismo del siglo XXI. <a href=\"http:\/\/daniel-venezuela.blogspot.com\/2014\/01\/maduro-no-va-hacer-nada.html\" target=\"_blank\">Maduro no va a hacer nada<\/a> porque sigue esa l\u00ednea muy chavista de repudiar a los expertos. En Venezuela hay muchos expertos. Gente que sabe c\u00f3mo atacar problemas. Pero los venezolanos tenemos nuestro corazoncito para los incapaces y, consistentemente, preferimos a <a href=\"http:\/\/www.panfletonegro.com\/v\/2009\/02\/17\/los-amateurs\/\" target=\"_blank\">los novatos<\/a>\u00a0y los resentidos.<\/p>\n<p>Si hay algo que caracteriza a todos los dirigentes chavistas es que son unos resentidos y unos fracasados. Gente que tuvo las mismas oportunidades de educaci\u00f3n que sus pares, pero\u00a0no tuvieron el talento, la iniciativa o las ganas de trabajar para progresar. Invariablemente, todos piensan que su fracaso fue culpa de otros. Por eso esa inclinaci\u00f3n hacia la venganza, esa sa\u00f1a, ese <a href=\"http:\/\/misionverdad.com\/?p=3181\" target=\"_blank\">comemierdismo conspiparanoico<\/a>. \u00a0Por eso s\u00f3lo se ocupan de la gente <a href=\"http:\/\/www.soberania.org\/Articulos\/articulo_7069.htm\" target=\"_blank\">cuando est\u00e1n a punto de perder elecciones<\/a>. Como los adecos.<\/p>\n<p>A mi me preocupa que haya tanto resentido suelto. Si fuera presidente, les montar\u00eda un Viceministerio. Mentira, un Ministerio completo, que <a href=\"http:\/\/globovision.com\/articulo\/ministra-reconoce-dificultades-en-hospitales-venezolanos-en-medio-de-quejas-de-medicos\" target=\"_blank\">para hospitales no hay<\/a>, pero para <a href=\"http:\/\/www.el-nacional.com\/economia\/Comenzaran-bonificacion-trabajadores-publicos-noviembre_0_287371315.html\" target=\"_blank\">pagarle bonos a estos mamag\u00fcevos<\/a>, sobran recursos.<\/p>\n<p>Creo que no hubiese sido mala idea dejar trabajar a <a href=\"http:\/\/www.city-journal.org\/2008\/18_4_snd-caracas.html\" target=\"_blank\">William Bratton en 2001<\/a>. Pero Ch\u00e1vez, que era un resentido y un acomplejado de mierda, ech\u00f3 al experto porque no pod\u00eda soportar que alguien supiera m\u00e1s que \u00e9l (y de paso, fuese gringo). En 2001 la violencia era intolerable, pero no era tan loco crear una comisi\u00f3n bipartita que hiciera el intento por comenzar a reconocer el problema. Hoy en d\u00eda eso es imposible. La soluci\u00f3n a la violencia es un premio muy jugoso para dej\u00e1rselo al otro y, de paso (perdona que insista) no hay plata ni para entrenar a polic\u00edas, ni construir prisiones, ni mejorar el sistema judicial. En todo el sistema judicial venezolano, para lo \u00fanico que hay plata es para que Iris Varela le monte <a href=\"http:\/\/www.lapatilla.com\/site\/2011\/12\/08\/la-ministra-varela-se-retrato-con-un-pran-de-margarita-fotos\/\" target=\"_blank\">rumbas a los pranes<\/a>.<\/p>\n<p>Todav\u00eda no nace el primer experto chavista en algo que no sea hablar paja. Para peor de males, parece que los \u00fanicos que gravitan hacia el oficialismo son personas que no son capaces de entender ni siquiera <a href=\"http:\/\/lubrio.blogspot.ch\/2014\/01\/el-nuevo-control-de-cambios-mas-carros.html\" target=\"_blank\">c\u00f3mo funciona el dinero<\/a>\u00a0(<a href=\"http:\/\/www.youtube.com\/watch?v=L5T0lyaS668\" target=\"_blank\">una ayuda\u00edta, Mar\u00eda<\/a>). Los optimistas piensan que las cosas no pueden ir peor, as\u00ed que el problema de la violencia comenzar\u00e1 a arreglarse pronto, m\u00e1gicamente. Yo pienso que hace falta un cambio de actitud y opini\u00f3n por parte de los que tienen el mandato popular de controlar y administrar la violencia \u2013me encantar\u00eda echarle paja la dirigencia opositora, pero el chavismo, con esa ansia de trag\u00e1rselo todo, se ensart\u00f3 solito en esta.<\/p>\n<p>Tampoco ha nacido el primer resentido que reconozca sus errores, as\u00ed que si piensas que el problema de la violencia en Venezuela comenzar\u00e1 a resolverse pronto, te recomiendo que ajustes tus expectativas.\u00a0Mientras haya una mayor\u00eda que premia la ineficacia, \u201clas autoridades no descartan el suicidio\u201d ser\u00e1 la coletilla perenne en las p\u00e1ginas de sucesos.<\/p>\n<p>&nbsp;<\/p>\n","protected":false},"excerpt":{"rendered":"<p>Algunas veces, cuando habl\u00e1bamos de las cosas locas que yo har\u00eda si fuese presidente, Pedro\u00a0me recordaba que \u00e9l hab\u00eda pedido primero el Ministerio del Pollo. Un chiste recurrente que medio funcionaba en otra \u00e9poca porque s\u00f3lo un d\u00e9bil mental delirante\u00a0crear\u00eda una cartera ministerial para defender el suministro de pollo, o mandar mensajitos por Facebook (punto [&hellip;]<\/p>\n","protected":false},"author":1,"featured_media":41907,"comment_status":"open","ping_status":"open","sticky":false,"template":"","format":"standard","meta":{"jetpack_post_was_ever_published":false,"_jetpack_newsletter_access":"","_jetpack_dont_email_post_to_subs":false,"_jetpack_newsletter_tier_id":0,"_jetpack_memberships_contains_paywalled_content":false,"_jetpack_memberships_contains_paid_content":false,"footnotes":"","jetpack_publicize_message":"","jetpack_publicize_feature_enabled":true,"jetpack_social_post_already_shared":false,"jetpack_social_options":{"image_generator_settings":{"template":"highway","default_image_id":0,"font":"","enabled":false},"version":2}},"categories":[3],"tags":[],"class_list":{"0":"post-41906","1":"post","2":"type-post","3":"status-publish","4":"format-standard","5":"has-post-thumbnail","7":"category-descontento"},"jetpack_publicize_connections":[],"jetpack_featured_media_url":"https:\/\/i0.wp.com\/www.panfletonegro.com\/v\/wp-content\/uploads\/2014\/01\/042.jpg?fit=600%2C387&ssl=1","jetpack_shortlink":"https:\/\/wp.me\/pfpCD-aTU","jetpack_sharing_enabled":true,"_links":{"self":[{"href":"https:\/\/www.panfletonegro.com\/v\/wp-json\/wp\/v2\/posts\/41906","targetHints":{"allow":["GET"]}}],"collection":[{"href":"https:\/\/www.panfletonegro.com\/v\/wp-json\/wp\/v2\/posts"}],"about":[{"href":"https:\/\/www.panfletonegro.com\/v\/wp-json\/wp\/v2\/types\/post"}],"author":[{"embeddable":true,"href":"https:\/\/www.panfletonegro.com\/v\/wp-json\/wp\/v2\/users\/1"}],"replies":[{"embeddable":true,"href":"https:\/\/www.panfletonegro.com\/v\/wp-json\/wp\/v2\/comments?post=41906"}],"version-history":[{"count":0,"href":"https:\/\/www.panfletonegro.com\/v\/wp-json\/wp\/v2\/posts\/41906\/revisions"}],"wp:featuredmedia":[{"embeddable":true,"href":"https:\/\/www.panfletonegro.com\/v\/wp-json\/wp\/v2\/media\/41907"}],"wp:attachment":[{"href":"https:\/\/www.panfletonegro.com\/v\/wp-json\/wp\/v2\/media?parent=41906"}],"wp:term":[{"taxonomy":"category","embeddable":true,"href":"https:\/\/www.panfletonegro.com\/v\/wp-json\/wp\/v2\/categories?post=41906"},{"taxonomy":"post_tag","embeddable":true,"href":"https:\/\/www.panfletonegro.com\/v\/wp-json\/wp\/v2\/tags?post=41906"}],"curies":[{"name":"wp","href":"https:\/\/api.w.org\/{rel}","templated":true}]}}