{"id":4105,"date":"2009-08-04T14:51:44","date_gmt":"2009-08-04T19:21:44","guid":{"rendered":"http:\/\/www.panfletonegro.com\/v\/?p=4105"},"modified":"2014-06-07T12:21:13","modified_gmt":"2014-06-07T16:51:13","slug":"4105","status":"publish","type":"post","link":"https:\/\/www.panfletonegro.com\/v\/2009\/08\/04\/4105\/","title":{"rendered":"Cuentos de La Paz y la guerra"},"content":{"rendered":"<p><img data-recalc-dims=\"1\" loading=\"lazy\" decoding=\"async\" data-attachment-id=\"4104\" data-permalink=\"https:\/\/www.panfletonegro.com\/v\/2009\/08\/04\/4105\/pintura-de-yta1\/\" data-orig-file=\"https:\/\/i0.wp.com\/www.panfletonegro.com\/v\/wp-content\/uploads\/2009\/08\/pintura-de-yta1.jpg?fit=500%2C375&amp;ssl=1\" data-orig-size=\"500,375\" data-comments-opened=\"1\" data-image-meta=\"{&quot;aperture&quot;:&quot;0&quot;,&quot;credit&quot;:&quot;&quot;,&quot;camera&quot;:&quot;&quot;,&quot;caption&quot;:&quot;&quot;,&quot;created_timestamp&quot;:&quot;0&quot;,&quot;copyright&quot;:&quot;&quot;,&quot;focal_length&quot;:&quot;0&quot;,&quot;iso&quot;:&quot;0&quot;,&quot;shutter_speed&quot;:&quot;0&quot;,&quot;title&quot;:&quot;&quot;}\" data-image-title=\"pintura-de-yta1\" data-image-description=\"\" data-image-caption=\"\" data-large-file=\"https:\/\/i0.wp.com\/www.panfletonegro.com\/v\/wp-content\/uploads\/2009\/08\/pintura-de-yta1.jpg?fit=500%2C375&amp;ssl=1\" class=\"aligncenter size-full wp-image-4104\" src=\"https:\/\/i0.wp.com\/www.panfletonegro.com\/v\/wp-content\/uploads\/2009\/08\/pintura-de-yta1.jpg?resize=500%2C375\" alt=\"pintura-de-yta1\" width=\"500\" height=\"375\" srcset=\"https:\/\/i0.wp.com\/www.panfletonegro.com\/v\/wp-content\/uploads\/2009\/08\/pintura-de-yta1.jpg?w=500&amp;ssl=1 500w, https:\/\/i0.wp.com\/www.panfletonegro.com\/v\/wp-content\/uploads\/2009\/08\/pintura-de-yta1.jpg?resize=300%2C225&amp;ssl=1 300w\" sizes=\"auto, (max-width: 500px) 100vw, 500px\" \/><\/p>\n<p>El jueves de la semana pasada, fui al parque a pasear a las perras, como todos los jodidos d\u00edas. El parque la Paz es mas bien un sistema integrado de unos 4 parques, a la entrada de uno de ellos veo un gent\u00edo discutiendo y por ello me acerco a ver.<\/p>\n<p>El problema era que <a href=\"http:\/\/opuscrisis.blogspot.com\/2008\/05\/parque-la-paz-obra-de-la-revolucion.html\">el gobierno nos hab\u00eda destruido el parque<\/a> y ahora lo est\u00e1n arreglado una de las partes que arreglo fueron las canchas de futbolito y de voleibol y basket. Hasta ah\u00ed todo bien. El problema era que las hab\u00edan cercado y puesto unos candados inmensos, los chamos de la zona est\u00e1n arrechos debido a que el d\u00eda anterior hab\u00edan visto a ciertas personas que estaban entrenando en esas canchas y\u00a0 no los dejaron entrar, al irse volvieron a poner los candados.<\/p>\n<p>Y eso es lo que le reclamaban al gerente de la obra, este trataba-infructuosamente- de encontrar alg\u00fan argumento que impidieran que los chamos utilizaran la cancha, quer\u00eda ponerles horario, normas, uniformes y quien sabe que mas.<\/p>\n<p>Los chamos a cada segundo perd\u00edan mas la calma (\u00bf?) el gerente de la obra ya harto quiso terminar la discusi\u00f3n y apostrofo de manera definitiva \u00abestas canchas fueron hechas por el gobierno revolucionario, para revolucionarios, no para un grupo an\u00e1rquico\u00bb (sic) hasta mis perras se quedaron estupefactas.<\/p>\n<p>Hubo un silencio de funeraria, y todos sab\u00edan quien iba a ser el occiso.<\/p>\n<p>El pobre hombre salio vivo de vainas, los chamos quer\u00edan ver correr sangre.<\/p>\n<p>Se apareci\u00f3, casi m\u00e1gicamente una comisi\u00f3n de la polic\u00eda del loco Rodr\u00edguez, pa&#8217;poner orden, los chamos no se amilanaron, pero en vista de las pistolas se retiraron, pero antes, le dijeron que iban a romper esas cercas. Los polic\u00edas le dijeron que iban a ir presos, los chamos le pintaron varias palomas.<\/p>\n<p>La cosa hab\u00eda quedado hasta ah\u00ed.<\/p>\n<p>Hoy vi que en las canchas varios huecos en la cerca, y los chamos estaban jugando futbolito, en \u00e9poca de vacaciones comienzan a las 8 am y terminan a las 7 pm.<\/p>\n<p>Todas las personas que van hacer ejercicio o caminar en el parque nos quedamos viendo el partido,. Pero mas que todo fue protegiendo a los muchachos en caso que viniera la polic\u00eda, por lo que o\u00ed, las personas estaban resteadas,\u00a0 hasta deseaban que viniera la polic\u00eda, vi \u00a0hasta un se\u00f1or que se queja del ruido de los juegos de futbol esperando que viniera la polic\u00eda.<\/p>\n<p>No lo sabia pero en una casa que esta en frente de las canchas vive la viceministra de no se cual ministerio, salio de su casa para irse al trabajo y profiri\u00f3 algo que no llegue a o\u00edr, pero las personas la abuchearon, ella se monto en su carro y se fue. Pero el aire de violencia se quedo flotando sobre el parque hasta que me fui.<\/p>\n<p><img data-recalc-dims=\"1\" loading=\"lazy\" decoding=\"async\" data-attachment-id=\"4107\" data-permalink=\"https:\/\/www.panfletonegro.com\/v\/2009\/08\/04\/4105\/pintura-de-yta-ii2\/\" data-orig-file=\"https:\/\/i0.wp.com\/www.panfletonegro.com\/v\/wp-content\/uploads\/2009\/08\/pintura-de-yta-ii2.jpg?fit=375%2C500&amp;ssl=1\" data-orig-size=\"375,500\" data-comments-opened=\"1\" data-image-meta=\"{&quot;aperture&quot;:&quot;0&quot;,&quot;credit&quot;:&quot;&quot;,&quot;camera&quot;:&quot;&quot;,&quot;caption&quot;:&quot;&quot;,&quot;created_timestamp&quot;:&quot;0&quot;,&quot;copyright&quot;:&quot;&quot;,&quot;focal_length&quot;:&quot;0&quot;,&quot;iso&quot;:&quot;0&quot;,&quot;shutter_speed&quot;:&quot;0&quot;,&quot;title&quot;:&quot;&quot;}\" data-image-title=\"pintura-de-yta-ii2\" data-image-description=\"\" data-image-caption=\"\" data-large-file=\"https:\/\/i0.wp.com\/www.panfletonegro.com\/v\/wp-content\/uploads\/2009\/08\/pintura-de-yta-ii2.jpg?fit=375%2C500&amp;ssl=1\" class=\"aligncenter size-full wp-image-4107\" src=\"https:\/\/i0.wp.com\/www.panfletonegro.com\/v\/wp-content\/uploads\/2009\/08\/pintura-de-yta-ii2.jpg?resize=375%2C500\" alt=\"pintura-de-yta-ii2\" width=\"375\" height=\"500\" srcset=\"https:\/\/i0.wp.com\/www.panfletonegro.com\/v\/wp-content\/uploads\/2009\/08\/pintura-de-yta-ii2.jpg?w=375&amp;ssl=1 375w, https:\/\/i0.wp.com\/www.panfletonegro.com\/v\/wp-content\/uploads\/2009\/08\/pintura-de-yta-ii2.jpg?resize=225%2C300&amp;ssl=1 225w\" sizes=\"auto, (max-width: 375px) 100vw, 375px\" \/><\/p>\n<p>II<\/p>\n<p>Este peque\u00f1o cuento cotidiano, es una muestra de la atmosfera de confrontaci\u00f3n en la cual vivimos, las personas parecen que no est\u00e1n dispuestas a \u00a0seguir las leyes o normas segregacionistas creadas por el actual gobierno y est\u00e1n dispuestas a llegar a la violencia f\u00edsica de una manera cada d\u00eda mas r\u00e1pida, y son personas comunes, que por lo regular jam\u00e1s se pensar\u00eda en\u00a0 ver esa postura combativa, contra la irracionalidad de un gobierno malandro.<\/p>\n<p>Esto que paso hoy, me da una muy mala espina sobre el futuro cercano,\u00a0 las personas me da la impresi\u00f3n no piensan seguir cal\u00e1ndose los abusos del gobierno y como no cuentan con los organismos del estado, est\u00e1n dispuestas a defender sus derechos por su propia mano, aun contra los organismos del estado. No se que hubiese sucedido si llega la polic\u00eda en ese momento, pero estoy seguro que por lo menos en este momento varios estar\u00edan heridos, si fueron afortunados, pero esa conducta de \u00abHasta aqu\u00ed\u00bb \u00a0me sorprendi\u00f3 y por supuesto me alarmo, ya que el gobierno esta logrando lo que siempre ha querido; una confrontaci\u00f3n violenta entre los mismos venezolanos. No creo que se llegue a una guerra civil, pero si a algo muy parecido.<\/p>\n<p>Estos hechos no creo que sea algo aislado, creo que es una manera de manejar la impotencia contra un estado poderoso, armado y preparado para enfrentar a ese pueblo cansado, pero indefenso. Pero como siempre digo, hasta un conejo se enfrenta al coyote cuando esta arrinconado.<\/p>\n<p>La olla se siente a punto de estallar<\/p>\n<p><a href=\"http:\/\/tappingyta.blogspot.com\/\"> Las pinturas son de Yta<\/a><\/p>\n","protected":false},"excerpt":{"rendered":"<p>El jueves de la semana pasada, fui al parque a pasear a las perras, como todos los jodidos d\u00edas. El parque la Paz es mas bien un sistema integrado de unos 4 parques, a la entrada de uno de ellos veo un gent\u00edo discutiendo y por ello me acerco a ver. El problema era que [&hellip;]<\/p>\n","protected":false},"author":1033,"featured_media":4102,"comment_status":"open","ping_status":"open","sticky":false,"template":"","format":"standard","meta":{"jetpack_post_was_ever_published":false,"_jetpack_newsletter_access":"","_jetpack_dont_email_post_to_subs":false,"_jetpack_newsletter_tier_id":0,"_jetpack_memberships_contains_paywalled_content":false,"_jetpack_memberships_contains_paid_content":false,"footnotes":"","jetpack_publicize_message":"","jetpack_publicize_feature_enabled":true,"jetpack_social_post_already_shared":false,"jetpack_social_options":{"image_generator_settings":{"template":"highway","default_image_id":0,"font":"","enabled":false},"version":2}},"categories":[1],"tags":[],"class_list":{"0":"post-4105","1":"post","2":"type-post","3":"status-publish","4":"format-standard","5":"has-post-thumbnail","7":"category-azares"},"jetpack_publicize_connections":[],"jetpack_featured_media_url":"https:\/\/i0.wp.com\/www.panfletonegro.com\/v\/wp-content\/uploads\/2009\/08\/pintura-de-yta.jpg?fit=500%2C375&ssl=1","jetpack_shortlink":"https:\/\/wp.me\/sfpCD-4105","jetpack_sharing_enabled":true,"_links":{"self":[{"href":"https:\/\/www.panfletonegro.com\/v\/wp-json\/wp\/v2\/posts\/4105","targetHints":{"allow":["GET"]}}],"collection":[{"href":"https:\/\/www.panfletonegro.com\/v\/wp-json\/wp\/v2\/posts"}],"about":[{"href":"https:\/\/www.panfletonegro.com\/v\/wp-json\/wp\/v2\/types\/post"}],"author":[{"embeddable":true,"href":"https:\/\/www.panfletonegro.com\/v\/wp-json\/wp\/v2\/users\/1033"}],"replies":[{"embeddable":true,"href":"https:\/\/www.panfletonegro.com\/v\/wp-json\/wp\/v2\/comments?post=4105"}],"version-history":[{"count":0,"href":"https:\/\/www.panfletonegro.com\/v\/wp-json\/wp\/v2\/posts\/4105\/revisions"}],"wp:featuredmedia":[{"embeddable":true,"href":"https:\/\/www.panfletonegro.com\/v\/wp-json\/wp\/v2\/media\/4102"}],"wp:attachment":[{"href":"https:\/\/www.panfletonegro.com\/v\/wp-json\/wp\/v2\/media?parent=4105"}],"wp:term":[{"taxonomy":"category","embeddable":true,"href":"https:\/\/www.panfletonegro.com\/v\/wp-json\/wp\/v2\/categories?post=4105"},{"taxonomy":"post_tag","embeddable":true,"href":"https:\/\/www.panfletonegro.com\/v\/wp-json\/wp\/v2\/tags?post=4105"}],"curies":[{"name":"wp","href":"https:\/\/api.w.org\/{rel}","templated":true}]}}