{"id":40194,"date":"2013-10-06T16:09:23","date_gmt":"2013-10-06T20:39:23","guid":{"rendered":"http:\/\/www.panfletonegro.com\/v\/?p=40194"},"modified":"2013-10-06T16:10:50","modified_gmt":"2013-10-06T20:40:50","slug":"el-problema-con-el-omnebonismo","status":"publish","type":"post","link":"https:\/\/www.panfletonegro.com\/v\/2013\/10\/06\/el-problema-con-el-omnebonismo\/","title":{"rendered":"El problema con el Omnebonismo"},"content":{"rendered":"<p><img data-recalc-dims=\"1\" decoding=\"async\" src=\"https:\/\/i0.wp.com\/www.ciudadredonda.org\/admin\/upload\/Image\/matrimonio_familia\/5c04d5d417041385dfec4dea14c53810.jpg?w=696\" alt=\"\" \/><\/p>\n<p>El \u00abOmnebonismo\u00bb es un neologismo que viene del lat\u00edn (del traductor de Google) \u00abomne bonum\u00bb y que significa \u00abtodo lo bueno\u00bb, y que me invent\u00e9 para referirme a la ideolog\u00eda que algunos van definiendo de forma negativa, sobretodo para renegar de la aplicaci\u00f3n pr\u00e1ctica de ese ideario.<\/p>\n<p>\u00abEsto no es verdadero <em>Omnebonismo<\/em>\u00bb es el grito de guerra m\u00e1s escuchado, o le\u00eddo, de parte de sus defensores, cuando se les se\u00f1ala alguna consecuencia de su ideolog\u00eda socio-econ\u00f3mica. Por ejemplo, si alg\u00fan ente ejecutivo, digamos, no s\u00e9, un gobierno nacional aplica <em>normas esenciales<\/em> del Omnebonismo produciendo conductas represivas fascistas, el omnebonista indignado clamar\u00e1 que eso es una \u00abdesviaci\u00f3n\u00bb, no, desviaci\u00f3n no, <em>eso no es Omnebonismo<\/em> porque <em>el Omnebonismo no es fascista<\/em>. Si produce exclusi\u00f3n entonces <em>no es Omnebonismo<\/em> porque <em>el Omnebonismo no es excluyente<\/em>. Si produce desigualdad entonces <em>no es Omnebonismo<\/em> porque <em>el Omnebonismo no es \u00abdesigualitario\u00bb<\/em>. Si produce pobreza entonces <em>no es Omnebonismo<\/em> porque <em>el Omnebonismo no es consustancial con la pobreza<\/em>. Si produce acumulaci\u00f3n de poder entonces <em>no es Omnebonismo<\/em> porque <em>el Omnebonismo no va con la concentraci\u00f3n de poder<\/em>. Etc\u00e9tera, etc\u00e9tera, etc\u00e9tera.<\/p>\n<p>La lista de cosas que \u00abno es\u00bb el Omnebonismo puede ser tan larga como la lista de consecuencias observadas tras su aplicaci\u00f3n. Pero la cuesti\u00f3n de fondo que quiero resaltar es que su definici\u00f3n, aunque sea de forma negativa, casi impide hacerle cualquier cr\u00edtica: El Omnebonismo es la suma de todas las cosas buenas que hay en el mundo, \u00bfc\u00f3mo podr\u00eda alguien estar en contra de algo tan maravilloso?<\/p>\n","protected":false},"excerpt":{"rendered":"<p>El \u00abOmnebonismo\u00bb es un neologismo que viene del lat\u00edn (del traductor de Google) \u00abomne bonum\u00bb y que significa \u00abtodo lo bueno\u00bb, y que me invent\u00e9 para referirme a la ideolog\u00eda que algunos van definiendo de forma negativa, sobretodo para renegar de la aplicaci\u00f3n pr\u00e1ctica de ese ideario. \u00abEsto no es verdadero Omnebonismo\u00bb es el grito [&hellip;]<\/p>\n","protected":false},"author":1494,"featured_media":0,"comment_status":"open","ping_status":"open","sticky":false,"template":"","format":"standard","meta":{"jetpack_post_was_ever_published":false,"_jetpack_newsletter_access":"","_jetpack_dont_email_post_to_subs":false,"_jetpack_newsletter_tier_id":0,"_jetpack_memberships_contains_paywalled_content":false,"_jetpack_memberships_contains_paid_content":false,"footnotes":"","jetpack_publicize_message":"","jetpack_publicize_feature_enabled":true,"jetpack_social_post_already_shared":false,"jetpack_social_options":{"image_generator_settings":{"template":"highway","default_image_id":0,"font":"","enabled":false},"version":2}},"categories":[1],"tags":[],"class_list":{"0":"post-40194","1":"post","2":"type-post","3":"status-publish","4":"format-standard","6":"category-azares"},"jetpack_publicize_connections":[],"jetpack_featured_media_url":"","jetpack_shortlink":"https:\/\/wp.me\/pfpCD-asi","jetpack_sharing_enabled":true,"_links":{"self":[{"href":"https:\/\/www.panfletonegro.com\/v\/wp-json\/wp\/v2\/posts\/40194","targetHints":{"allow":["GET"]}}],"collection":[{"href":"https:\/\/www.panfletonegro.com\/v\/wp-json\/wp\/v2\/posts"}],"about":[{"href":"https:\/\/www.panfletonegro.com\/v\/wp-json\/wp\/v2\/types\/post"}],"author":[{"embeddable":true,"href":"https:\/\/www.panfletonegro.com\/v\/wp-json\/wp\/v2\/users\/1494"}],"replies":[{"embeddable":true,"href":"https:\/\/www.panfletonegro.com\/v\/wp-json\/wp\/v2\/comments?post=40194"}],"version-history":[{"count":0,"href":"https:\/\/www.panfletonegro.com\/v\/wp-json\/wp\/v2\/posts\/40194\/revisions"}],"wp:attachment":[{"href":"https:\/\/www.panfletonegro.com\/v\/wp-json\/wp\/v2\/media?parent=40194"}],"wp:term":[{"taxonomy":"category","embeddable":true,"href":"https:\/\/www.panfletonegro.com\/v\/wp-json\/wp\/v2\/categories?post=40194"},{"taxonomy":"post_tag","embeddable":true,"href":"https:\/\/www.panfletonegro.com\/v\/wp-json\/wp\/v2\/tags?post=40194"}],"curies":[{"name":"wp","href":"https:\/\/api.w.org\/{rel}","templated":true}]}}