{"id":39980,"date":"2013-09-25T10:09:35","date_gmt":"2013-09-25T14:39:35","guid":{"rendered":"http:\/\/www.panfletonegro.com\/v\/?p=39980"},"modified":"2014-06-16T03:10:50","modified_gmt":"2014-06-16T07:40:50","slug":"la-necedad-de-los-necios","status":"publish","type":"post","link":"https:\/\/www.panfletonegro.com\/v\/2013\/09\/25\/la-necedad-de-los-necios\/","title":{"rendered":"La necedad de los necios"},"content":{"rendered":"<p><a href=\"https:\/\/i0.wp.com\/www.panfletonegro.com\/v\/wp-content\/uploads\/2013\/09\/EFF.jpg\"><img data-recalc-dims=\"1\" loading=\"lazy\" decoding=\"async\" data-attachment-id=\"39981\" data-permalink=\"https:\/\/www.panfletonegro.com\/v\/2013\/09\/25\/la-necedad-de-los-necios\/eff\/\" data-orig-file=\"https:\/\/i0.wp.com\/www.panfletonegro.com\/v\/wp-content\/uploads\/2013\/09\/EFF.jpg?fit=668%2C465&amp;ssl=1\" data-orig-size=\"668,465\" data-comments-opened=\"1\" data-image-meta=\"{&quot;aperture&quot;:&quot;0&quot;,&quot;credit&quot;:&quot;&quot;,&quot;camera&quot;:&quot;&quot;,&quot;caption&quot;:&quot;&quot;,&quot;created_timestamp&quot;:&quot;0&quot;,&quot;copyright&quot;:&quot;&quot;,&quot;focal_length&quot;:&quot;0&quot;,&quot;iso&quot;:&quot;0&quot;,&quot;shutter_speed&quot;:&quot;0&quot;,&quot;title&quot;:&quot;&quot;}\" data-image-title=\"EFF\" data-image-description=\"\" data-image-caption=\"\" data-large-file=\"https:\/\/i0.wp.com\/www.panfletonegro.com\/v\/wp-content\/uploads\/2013\/09\/EFF.jpg?fit=668%2C465&amp;ssl=1\" class=\"alignleft size-medium wp-image-39981\" alt=\"EFF\" src=\"https:\/\/i0.wp.com\/www.panfletonegro.com\/v\/wp-content\/uploads\/2013\/09\/EFF-300x208.jpg?resize=300%2C208\" width=\"300\" height=\"208\" srcset=\"https:\/\/i0.wp.com\/www.panfletonegro.com\/v\/wp-content\/uploads\/2013\/09\/EFF.jpg?resize=300%2C208&amp;ssl=1 300w, https:\/\/i0.wp.com\/www.panfletonegro.com\/v\/wp-content\/uploads\/2013\/09\/EFF.jpg?resize=320%2C222&amp;ssl=1 320w, https:\/\/i0.wp.com\/www.panfletonegro.com\/v\/wp-content\/uploads\/2013\/09\/EFF.jpg?resize=145%2C100&amp;ssl=1 145w, https:\/\/i0.wp.com\/www.panfletonegro.com\/v\/wp-content\/uploads\/2013\/09\/EFF.jpg?resize=495%2C344&amp;ssl=1 495w, https:\/\/i0.wp.com\/www.panfletonegro.com\/v\/wp-content\/uploads\/2013\/09\/EFF.jpg?w=668&amp;ssl=1 668w\" sizes=\"auto, (max-width: 300px) 100vw, 300px\" \/><\/a><\/p>\n<blockquote><p>Es mejor vivir solo; no hay amistad con un necio.<\/p><\/blockquote>\n<p>Yo trato de no discutir con necios, pero a veces no aprendo. Con los necios no se puede discutir, no se puede hablar, me lo repito con insistencia, pero nada, muchas veces caigo.<\/p>\n<p>Existen muchos tipos de necios, pero de los necios que quiero hablar hoy son de los fan\u00e1ticos. Los fan\u00e1ticos deportivos son m\u00e1s bien inofensivos (a excepci\u00f3n de los Hooligans y de alg\u00fan que otro atorrante que puede hacer estragos en un estadio), los fan\u00e1ticos pol\u00edticos, de cualquier bando, son a veces insufribles, pero creo que los fan\u00e1ticos peores son los religiosos.<\/p>\n<p>Los fan\u00e1ticos religiosos suelen pertenecer a religiones menores, aunque el Islam no se puede considerar una religi\u00f3n menor pero en ella abundan los fan\u00e1ticos. En este caso me refiero a esos fan\u00e1ticos que pertenecen a religiones protestantes, o sectas no necesariamente protestantes cristianas. En todas estas religiones existe un denominador com\u00fan, todos son due\u00f1os de la verdad y los dem\u00e1s, los que no pertenecen a sus propias religiones, est\u00e1n equivocados. Para los \u00abequivocados\u00bb existen varios ep\u00edtetos, como hereje, ca\u00eddo, \u00abblupeado\u00bb (un t\u00e9rmino usado por los hare krisnas, para referirse a los que \u00abcayeron\u00bb como una piedra sobre el fango, haciendo un sonido como \u00abblup\u00bb), y muchos m\u00e1s.<\/p>\n<p>Lo insufrible de los fan\u00e1ticos religiosos es que intentan convencerte de que su religi\u00f3n, que lo que ellos creen, es verdad, y su insistencia puede colmar hasta a un santo. De hecho, el mismo Buda rechazaba a los necios, dec\u00eda que era preferible estar solo que estar con un necio. Un fan\u00e1tico es un necio a la d\u00e9cima potencia. No basta darle argumentos l\u00f3gicos para explicarle que lo que dice no tiene sentido, su obcecaci\u00f3n es tal que, enceguecido, en su af\u00e1n de evangelizarte, o salvarte, se busca argumentos, as\u00ed sea sofismas, para hacerte saber que t\u00fa est\u00e1s equivocado, y que la verdad, la \u00fanica verdad, es la que \u00e9l cree, y si no crees, est\u00e1s condenado.<\/p>\n<p>Lo que me llama la atenci\u00f3n es que los fan\u00e1ticos religiosos basan su verdad en lo que dicen sus sacerdotes, o pastores, y sus escrituras que consideran sagradas, que son la verdad hecha palabra. No hay manera, bajo ning\u00fan concepto, pensar que algo de lo que dice all\u00ed es falso. No cabe dentro de sus cabezas la m\u00e1s m\u00ednima posibilidad que acepten que quiz\u00e1 esas escrituras fueron modificadas, alteradas, mutiladas, por otras personas, y que adem\u00e1s fueron escritas por otras personas, que en su mismo momento de elaboraci\u00f3n pudieron haber puesto de lo que pensaban, o lo que les conven\u00eda.<\/p>\n<p>No me importa que crean en lo que quieran creer, no me importa si creen que su dios es un extraterrestre, o un sapo, o lo que sea, no me importa si creen que se salvar\u00e1n si saltan de un pie por las calles por una hora; lo que no tolero es que intenten convencer a otros, porque s\u00ed, porque esa es su misi\u00f3n. No, entiendan se\u00f1ores fan\u00e1ticos, sus l\u00edderes necesitan de m\u00e1s fieles, eso les da m\u00e1s cuota de poder, por favor d\u00e9jenos en paz.<\/p>\n","protected":false},"excerpt":{"rendered":"<p>Es mejor vivir solo; no hay amistad con un necio. Yo trato de no discutir con necios, pero a veces no aprendo. Con los necios no se puede discutir, no se puede hablar, me lo repito con insistencia, pero nada, muchas veces caigo. Existen muchos tipos de necios, pero de los necios que quiero hablar [&hellip;]<\/p>\n","protected":false},"author":2044,"featured_media":39981,"comment_status":"open","ping_status":"open","sticky":false,"template":"","format":"standard","meta":{"jetpack_post_was_ever_published":false,"_jetpack_newsletter_access":"","_jetpack_dont_email_post_to_subs":false,"_jetpack_newsletter_tier_id":0,"_jetpack_memberships_contains_paywalled_content":false,"_jetpack_memberships_contains_paid_content":false,"footnotes":"","jetpack_publicize_message":"","jetpack_publicize_feature_enabled":true,"jetpack_social_post_already_shared":false,"jetpack_social_options":{"image_generator_settings":{"template":"highway","default_image_id":0,"font":"","enabled":false},"version":2}},"categories":[213],"tags":[],"class_list":{"0":"post-39980","1":"post","2":"type-post","3":"status-publish","4":"format-standard","5":"has-post-thumbnail","7":"category-destacados"},"jetpack_publicize_connections":[],"jetpack_featured_media_url":"https:\/\/i0.wp.com\/www.panfletonegro.com\/v\/wp-content\/uploads\/2013\/09\/EFF.jpg?fit=668%2C465&ssl=1","jetpack_shortlink":"https:\/\/wp.me\/pfpCD-aoQ","jetpack_sharing_enabled":true,"_links":{"self":[{"href":"https:\/\/www.panfletonegro.com\/v\/wp-json\/wp\/v2\/posts\/39980","targetHints":{"allow":["GET"]}}],"collection":[{"href":"https:\/\/www.panfletonegro.com\/v\/wp-json\/wp\/v2\/posts"}],"about":[{"href":"https:\/\/www.panfletonegro.com\/v\/wp-json\/wp\/v2\/types\/post"}],"author":[{"embeddable":true,"href":"https:\/\/www.panfletonegro.com\/v\/wp-json\/wp\/v2\/users\/2044"}],"replies":[{"embeddable":true,"href":"https:\/\/www.panfletonegro.com\/v\/wp-json\/wp\/v2\/comments?post=39980"}],"version-history":[{"count":0,"href":"https:\/\/www.panfletonegro.com\/v\/wp-json\/wp\/v2\/posts\/39980\/revisions"}],"wp:featuredmedia":[{"embeddable":true,"href":"https:\/\/www.panfletonegro.com\/v\/wp-json\/wp\/v2\/media\/39981"}],"wp:attachment":[{"href":"https:\/\/www.panfletonegro.com\/v\/wp-json\/wp\/v2\/media?parent=39980"}],"wp:term":[{"taxonomy":"category","embeddable":true,"href":"https:\/\/www.panfletonegro.com\/v\/wp-json\/wp\/v2\/categories?post=39980"},{"taxonomy":"post_tag","embeddable":true,"href":"https:\/\/www.panfletonegro.com\/v\/wp-json\/wp\/v2\/tags?post=39980"}],"curies":[{"name":"wp","href":"https:\/\/api.w.org\/{rel}","templated":true}]}}