{"id":39672,"date":"2013-08-27T22:15:26","date_gmt":"2013-08-28T02:45:26","guid":{"rendered":"http:\/\/www.panfletonegro.com\/v\/?p=39672"},"modified":"2013-08-27T22:32:45","modified_gmt":"2013-08-28T03:02:45","slug":"lealtades-que-matan-o-los-venezolanos-no-queremos-saber","status":"publish","type":"post","link":"https:\/\/www.panfletonegro.com\/v\/2013\/08\/27\/lealtades-que-matan-o-los-venezolanos-no-queremos-saber\/","title":{"rendered":"Lealtades que matan (o los venezolanos no queremos saber)"},"content":{"rendered":"<p><a href=\"https:\/\/i0.wp.com\/www.panfletonegro.com\/v\/wp-content\/uploads\/2013\/08\/lealtad.jpg\"><img data-recalc-dims=\"1\" loading=\"lazy\" decoding=\"async\" data-attachment-id=\"39673\" data-permalink=\"https:\/\/www.panfletonegro.com\/v\/2013\/08\/27\/lealtades-que-matan-o-los-venezolanos-no-queremos-saber\/lealtad\/\" data-orig-file=\"https:\/\/i0.wp.com\/www.panfletonegro.com\/v\/wp-content\/uploads\/2013\/08\/lealtad.jpg?fit=583%2C443&amp;ssl=1\" data-orig-size=\"583,443\" data-comments-opened=\"1\" data-image-meta=\"{&quot;aperture&quot;:&quot;0&quot;,&quot;credit&quot;:&quot;&quot;,&quot;camera&quot;:&quot;&quot;,&quot;caption&quot;:&quot;&quot;,&quot;created_timestamp&quot;:&quot;0&quot;,&quot;copyright&quot;:&quot;&quot;,&quot;focal_length&quot;:&quot;0&quot;,&quot;iso&quot;:&quot;0&quot;,&quot;shutter_speed&quot;:&quot;0&quot;,&quot;title&quot;:&quot;&quot;}\" data-image-title=\"lealtad\" data-image-description=\"\" data-image-caption=\"\" data-large-file=\"https:\/\/i0.wp.com\/www.panfletonegro.com\/v\/wp-content\/uploads\/2013\/08\/lealtad.jpg?fit=583%2C443&amp;ssl=1\" class=\"alignnone size-medium wp-image-39673\" alt=\"lealtad\" src=\"https:\/\/i0.wp.com\/www.panfletonegro.com\/v\/wp-content\/uploads\/2013\/08\/lealtad-300x227.jpg?resize=300%2C227\" width=\"300\" height=\"227\" srcset=\"https:\/\/i0.wp.com\/www.panfletonegro.com\/v\/wp-content\/uploads\/2013\/08\/lealtad.jpg?resize=300%2C227&amp;ssl=1 300w, https:\/\/i0.wp.com\/www.panfletonegro.com\/v\/wp-content\/uploads\/2013\/08\/lealtad.jpg?resize=320%2C243&amp;ssl=1 320w, https:\/\/i0.wp.com\/www.panfletonegro.com\/v\/wp-content\/uploads\/2013\/08\/lealtad.jpg?resize=145%2C110&amp;ssl=1 145w, https:\/\/i0.wp.com\/www.panfletonegro.com\/v\/wp-content\/uploads\/2013\/08\/lealtad.jpg?resize=495%2C376&amp;ssl=1 495w, https:\/\/i0.wp.com\/www.panfletonegro.com\/v\/wp-content\/uploads\/2013\/08\/lealtad.jpg?w=583&amp;ssl=1 583w\" sizes=\"auto, (max-width: 300px) 100vw, 300px\" \/><\/a><\/p>\n<p style=\"text-align: justify;\">Podr\u00eda centrarme en la historia para hacer una deconstrucci\u00f3n del fen\u00f3meno de las vacas sagradas en Venezuela, o lo que es lo mismo, de c\u00f3mo surge y se sostiene esa idea distorsionada de lo que es el respeto. Para esto podr\u00eda hablar de ese hilo cultural que heredamos de los espa\u00f1oles que vinieron a Am\u00e9rica en la Edad Media, con su carga de catolicismo en general, y la creencia en la imagen p\u00fablica de una persona &#8211; la fachada &#8211; como definitoria de su reputaci\u00f3n en particular (con el evidente doble discurso que esto genera).<\/p>\n<p style=\"text-align: justify;\">Podr\u00eda ponerme lacaniano y hablar del halo imaginario con el que rodeamos a ciertas personas; de c\u00f3mo proyectamos la omnipotencia que en la fantas\u00eda adscribimos a nuestros padres, desplazada a ciertas figuras de autoridad, con la consecuente falta de elaboraci\u00f3n simb\u00f3lica. En este caso me centrar\u00eda en ese goce de verse a s\u00ed mismo sufriendo, cual la Justine del Marques de Sade.<\/p>\n<p style=\"text-align: justify;\">Tambi\u00e9n podr\u00eda centrarme en la terapia sist\u00e9mica y en su idea de la buena conciencia, o de c\u00f3mo nos abstenemos de mirar objetivamente a nuestros seres queridos para ahorrarnos el trabajo de duelo y, sobretodo, la sensaci\u00f3n de culpa, de \u00abtraicionar\u00bb al sistema. Lealtad que le llaman. Por supuesto, aclarando que esa es precisamente la tarea, abrirse a la \u00abmala conciencia\u00bb &#8211; a liberarse de lealtades malsanas &#8211; como condici\u00f3n indispensable para la libertad y la transformaci\u00f3n.<\/p>\n<p style=\"text-align: justify;\">O simplemente podr\u00eda ponerme existencialista y hablar de la mala fe, de la \u00abtendencia originaria del cogito pre-<wbr><\/wbr>reflexivo\u00bb como la define Sartre la cual, puesta en t\u00e9rminos llanos, se refiere a c\u00f3mo la conciencia se enga\u00f1a a s\u00ed misma, de c\u00f3mo una persona concreta omite una de las dos dimensiones de lo humano &#8211; la facticidad o la trascendencia &#8211; para mantenerse en un estado de falsa conciencia, de \u00abdesconocimiento\u00bb de las implicaciones de sus propios actos.<\/p>\n<p style=\"text-align: justify;\">Quiz\u00e1s deber\u00eda tomarme el tiempo y escribir sobre esto. Tambi\u00e9n deber\u00eda convencer a otros de que lo hagan, porque es precisamente con elaboraciones de este tipo que podremos bordear \u00abeso\u00bb que sostiene la crisis en Venezuela, lo que ha creado este limbo, este <em>loop <\/em>que no cesa; eso reprimido que no se cansa de retornar.<\/p>\n<p style=\"text-align: justify;\">Pero no tiene caso, en la Venezuela donde se pregona \u00abel que tenga ojos que vea\u00bb lo que en realidad cabe es nuestro refr\u00e1n popular: no hay peor ciego que el que no quiere ver.<\/p>\n<p style=\"text-align: justify;\">As\u00ed que yo paro y se las dejo:<\/p>\n<p style=\"text-align: justify;\">&#8211; \u00bfEN QUE SE PARECEN LOS PROFESIONALES DE LA SALUD MENTAL QUE BUSCAN REIVINDICAR A EDMUNDO CHIRINOS, LOS GAYS \u00abREVOLUCIONARIOS\u00bb QUE DEFIENDEN LA HOMOFOBIA DE ESTADO Y LA MAM\u00c1 QUE CULPA A LA HIJA DE QUE EL PADRE LA HAYA VIOLADO?<\/p>\n<p>&#8211; \u00a1EN QUE NINGUNO DE ELLOS QUIERE SABER!<\/p>\n","protected":false},"excerpt":{"rendered":"<p>Podr\u00eda centrarme en la historia para hacer una deconstrucci\u00f3n del fen\u00f3meno de las vacas sagradas en Venezuela, o lo que es lo mismo, de c\u00f3mo surge y se sostiene esa idea distorsionada de lo que es el respeto. Para esto podr\u00eda hablar de ese hilo cultural que heredamos de los espa\u00f1oles que vinieron a Am\u00e9rica [&hellip;]<\/p>\n","protected":false},"author":1183,"featured_media":39673,"comment_status":"open","ping_status":"open","sticky":false,"template":"","format":"standard","meta":{"jetpack_post_was_ever_published":false,"_jetpack_newsletter_access":"","_jetpack_dont_email_post_to_subs":false,"_jetpack_newsletter_tier_id":0,"_jetpack_memberships_contains_paywalled_content":false,"_jetpack_memberships_contains_paid_content":false,"footnotes":"","jetpack_publicize_message":"","jetpack_publicize_feature_enabled":true,"jetpack_social_post_already_shared":false,"jetpack_social_options":{"image_generator_settings":{"template":"highway","default_image_id":0,"font":"","enabled":false},"version":2}},"categories":[6],"tags":[],"class_list":{"0":"post-39672","1":"post","2":"type-post","3":"status-publish","4":"format-standard","5":"has-post-thumbnail","7":"category-confesionario"},"jetpack_publicize_connections":[],"jetpack_featured_media_url":"https:\/\/i0.wp.com\/www.panfletonegro.com\/v\/wp-content\/uploads\/2013\/08\/lealtad.jpg?fit=583%2C443&ssl=1","jetpack_shortlink":"https:\/\/wp.me\/pfpCD-ajS","jetpack_sharing_enabled":true,"_links":{"self":[{"href":"https:\/\/www.panfletonegro.com\/v\/wp-json\/wp\/v2\/posts\/39672","targetHints":{"allow":["GET"]}}],"collection":[{"href":"https:\/\/www.panfletonegro.com\/v\/wp-json\/wp\/v2\/posts"}],"about":[{"href":"https:\/\/www.panfletonegro.com\/v\/wp-json\/wp\/v2\/types\/post"}],"author":[{"embeddable":true,"href":"https:\/\/www.panfletonegro.com\/v\/wp-json\/wp\/v2\/users\/1183"}],"replies":[{"embeddable":true,"href":"https:\/\/www.panfletonegro.com\/v\/wp-json\/wp\/v2\/comments?post=39672"}],"version-history":[{"count":0,"href":"https:\/\/www.panfletonegro.com\/v\/wp-json\/wp\/v2\/posts\/39672\/revisions"}],"wp:featuredmedia":[{"embeddable":true,"href":"https:\/\/www.panfletonegro.com\/v\/wp-json\/wp\/v2\/media\/39673"}],"wp:attachment":[{"href":"https:\/\/www.panfletonegro.com\/v\/wp-json\/wp\/v2\/media?parent=39672"}],"wp:term":[{"taxonomy":"category","embeddable":true,"href":"https:\/\/www.panfletonegro.com\/v\/wp-json\/wp\/v2\/categories?post=39672"},{"taxonomy":"post_tag","embeddable":true,"href":"https:\/\/www.panfletonegro.com\/v\/wp-json\/wp\/v2\/tags?post=39672"}],"curies":[{"name":"wp","href":"https:\/\/api.w.org\/{rel}","templated":true}]}}