{"id":39240,"date":"2013-08-02T14:58:10","date_gmt":"2013-08-02T19:28:10","guid":{"rendered":"http:\/\/www.panfletonegro.com\/v\/?p=39240"},"modified":"2013-08-02T14:58:10","modified_gmt":"2013-08-02T19:28:10","slug":"san-mardo-demonio-caldera","status":"publish","type":"post","link":"https:\/\/www.panfletonegro.com\/v\/2013\/08\/02\/san-mardo-demonio-caldera\/","title":{"rendered":"San Mardo, Demonio Caldera"},"content":{"rendered":"<figure id=\"attachment_39241\" aria-describedby=\"caption-attachment-39241\" style=\"width: 300px\" class=\"wp-caption alignnone\"><a href=\"https:\/\/i0.wp.com\/www.panfletonegro.com\/v\/wp-content\/uploads\/2013\/08\/SanMardo_DemonioCaldera.jpg\"><img data-recalc-dims=\"1\" loading=\"lazy\" decoding=\"async\" data-attachment-id=\"39241\" data-permalink=\"https:\/\/www.panfletonegro.com\/v\/2013\/08\/02\/san-mardo-demonio-caldera\/sanmardo_demoniocaldera\/\" data-orig-file=\"https:\/\/i0.wp.com\/www.panfletonegro.com\/v\/wp-content\/uploads\/2013\/08\/SanMardo_DemonioCaldera.jpg?fit=320%2C228&amp;ssl=1\" data-orig-size=\"320,228\" data-comments-opened=\"1\" data-image-meta=\"{&quot;aperture&quot;:&quot;0&quot;,&quot;credit&quot;:&quot;&quot;,&quot;camera&quot;:&quot;&quot;,&quot;caption&quot;:&quot;&quot;,&quot;created_timestamp&quot;:&quot;0&quot;,&quot;copyright&quot;:&quot;&quot;,&quot;focal_length&quot;:&quot;0&quot;,&quot;iso&quot;:&quot;0&quot;,&quot;shutter_speed&quot;:&quot;0&quot;,&quot;title&quot;:&quot;&quot;}\" data-image-title=\"SanMardo_DemonioCaldera\" data-image-description=\"\" data-image-caption=\"&lt;p&gt;Dos diputados criminales,un mismo delito, dos posturas de PJ&lt;\/p&gt;\n\" data-large-file=\"https:\/\/i0.wp.com\/www.panfletonegro.com\/v\/wp-content\/uploads\/2013\/08\/SanMardo_DemonioCaldera.jpg?fit=320%2C228&amp;ssl=1\" src=\"https:\/\/i0.wp.com\/www.panfletonegro.com\/v\/wp-content\/uploads\/2013\/08\/SanMardo_DemonioCaldera-300x213.jpg?resize=300%2C213\" alt=\"Dos diputados criminales,un mismo delito, dos posturas de PJ\" width=\"300\" height=\"213\" class=\"size-medium wp-image-39241\" srcset=\"https:\/\/i0.wp.com\/www.panfletonegro.com\/v\/wp-content\/uploads\/2013\/08\/SanMardo_DemonioCaldera.jpg?resize=300%2C213&amp;ssl=1 300w, https:\/\/i0.wp.com\/www.panfletonegro.com\/v\/wp-content\/uploads\/2013\/08\/SanMardo_DemonioCaldera.jpg?resize=145%2C103&amp;ssl=1 145w, https:\/\/i0.wp.com\/www.panfletonegro.com\/v\/wp-content\/uploads\/2013\/08\/SanMardo_DemonioCaldera.jpg?w=320&amp;ssl=1 320w\" sizes=\"auto, (max-width: 300px) 100vw, 300px\" \/><\/a><figcaption id=\"caption-attachment-39241\" class=\"wp-caption-text\">Dos diputados criminales,un mismo delito, dos posturas de PJ<\/figcaption><\/figure>\n<p>Primero Justicia nuevamente se encuentra en el ojo del hurac\u00e1n a ra\u00edz de un sonado caso de corrupci\u00f3n. As\u00ed como el diputado Juan Caldera ocup\u00f3 las primeras planas de la prensa nacional hace algunos meses dado su papel protag\u00f3nico en el cobro il\u00edcito de dinero para la campa\u00f1a de Capriles, hoy el acusado es el legislador Richard Mardo gracias a infinidad de cheques recibidos que le aportan sumas sustanciales de dinero y que, como si fuera poco, \u00e9l admite haber recibido diciendo con cinismo \u201c\u00a1claro que tengo gente que me ayuda!\u201d.<\/p>\n<p>Curiosamente la actitud asumida por la dirigencia de PJ en ambos casos ha sido diametralmente opuesta. Con Caldera, Capriles sali\u00f3 inmediatamente y de forma hist\u00e9rica a condenarlo expuls\u00e1ndolo de su entorno secundado por el partido aurinegro. Con Mardo, en cambio, se han invertido millones de d\u00f3lares en propaganda pautada en medios de toda \u00edndole. El diputado Earle Herrera argument\u00f3, con l\u00f3gica incisiva, que la suma por la que el diputado est\u00e1 siendo investigado fue sobrepasada con creces si se totaliza la propaganda pagada por el partido en su defensa.<\/p>\n<p>\u00bfPor qu\u00e9 invertir tanto en Mardo? \u00bfCu\u00e1l es la diferencia con Caldera? \u00bfPor qu\u00e9 Capriles escupi\u00f3 y pas\u00f3 coleto con Caldera, pero con Mardo le jala mecate y defiende hasta m\u00e1s no poder? Recordemos el evento electoral que se avecina para comienzos de diciembre. El exhorbitante gasto propagand\u00edstico intenta victimizar, no s\u00f3lo a Mardo como l\u00edder sino a la tolda pol\u00edtica y a la dirigencia que rodea a la MUD. La l\u00ednea discursiva del sector opositor, liderado por Capriles, construye d\u00eda a d\u00eda en el ideario venezolano la percepci\u00f3n de que \u201cel Gobierno Bolivariano se siente acorralado y a trav\u00e9s del abuso de poder agrede a los dem\u00f3cratas y partidarios de la Unidad\u201d, en este caso todo el sector que se considere opositor.<\/p>\n<p>El trabajo medi\u00e1tico de ac\u00e1 a los comicios se centrar\u00e1 en la idea de victimizar a la oposici\u00f3n porque el gobierno sabe que es \u201cmayor\u00eda\u201d y tiene miedo de perder el poder. Las razones objetivas por las que Mardo es acusado de corrupci\u00f3n son irrelevantes. Ellos, como lo han hecho, dir\u00e1n que los cheques son forjados, que las instituciones funcionan seg\u00fan lo ordene el chavismo, etc. Se repetir\u00e1 el mismo gui\u00f3n de siempre con el prop\u00f3sito de estimular la frustraci\u00f3n en sus seguidores y que eso sirva de catalizador para motivar el voto. Mardo en s\u00ed es irrelevante, la elecci\u00f3n del 8D es el objetivo.<\/p>\n","protected":false},"excerpt":{"rendered":"<p>Primero Justicia nuevamente se encuentra en el ojo del hurac\u00e1n a ra\u00edz de un sonado caso de corrupci\u00f3n. As\u00ed como el diputado Juan Caldera ocup\u00f3 las primeras planas de la prensa nacional hace algunos meses dado su papel protag\u00f3nico en el cobro il\u00edcito de dinero para la campa\u00f1a de Capriles, hoy el acusado es el [&hellip;]<\/p>\n","protected":false},"author":2536,"featured_media":39241,"comment_status":"open","ping_status":"open","sticky":false,"template":"","format":"standard","meta":{"jetpack_post_was_ever_published":false,"_jetpack_newsletter_access":"","_jetpack_dont_email_post_to_subs":false,"_jetpack_newsletter_tier_id":0,"_jetpack_memberships_contains_paywalled_content":false,"_jetpack_memberships_contains_paid_content":false,"footnotes":"","jetpack_publicize_message":"","jetpack_publicize_feature_enabled":true,"jetpack_social_post_already_shared":true,"jetpack_social_options":{"image_generator_settings":{"template":"highway","default_image_id":0,"font":"","enabled":false},"version":2}},"categories":[1],"tags":[],"class_list":{"0":"post-39240","1":"post","2":"type-post","3":"status-publish","4":"format-standard","5":"has-post-thumbnail","7":"category-azares"},"jetpack_publicize_connections":[],"jetpack_featured_media_url":"https:\/\/i0.wp.com\/www.panfletonegro.com\/v\/wp-content\/uploads\/2013\/08\/SanMardo_DemonioCaldera.jpg?fit=320%2C228&ssl=1","jetpack_shortlink":"https:\/\/wp.me\/pfpCD-acU","jetpack_sharing_enabled":true,"_links":{"self":[{"href":"https:\/\/www.panfletonegro.com\/v\/wp-json\/wp\/v2\/posts\/39240","targetHints":{"allow":["GET"]}}],"collection":[{"href":"https:\/\/www.panfletonegro.com\/v\/wp-json\/wp\/v2\/posts"}],"about":[{"href":"https:\/\/www.panfletonegro.com\/v\/wp-json\/wp\/v2\/types\/post"}],"author":[{"embeddable":true,"href":"https:\/\/www.panfletonegro.com\/v\/wp-json\/wp\/v2\/users\/2536"}],"replies":[{"embeddable":true,"href":"https:\/\/www.panfletonegro.com\/v\/wp-json\/wp\/v2\/comments?post=39240"}],"version-history":[{"count":0,"href":"https:\/\/www.panfletonegro.com\/v\/wp-json\/wp\/v2\/posts\/39240\/revisions"}],"wp:featuredmedia":[{"embeddable":true,"href":"https:\/\/www.panfletonegro.com\/v\/wp-json\/wp\/v2\/media\/39241"}],"wp:attachment":[{"href":"https:\/\/www.panfletonegro.com\/v\/wp-json\/wp\/v2\/media?parent=39240"}],"wp:term":[{"taxonomy":"category","embeddable":true,"href":"https:\/\/www.panfletonegro.com\/v\/wp-json\/wp\/v2\/categories?post=39240"},{"taxonomy":"post_tag","embeddable":true,"href":"https:\/\/www.panfletonegro.com\/v\/wp-json\/wp\/v2\/tags?post=39240"}],"curies":[{"name":"wp","href":"https:\/\/api.w.org\/{rel}","templated":true}]}}