{"id":38476,"date":"2013-06-24T00:36:21","date_gmt":"2013-06-24T05:06:21","guid":{"rendered":"http:\/\/www.panfletonegro.com\/v\/?p=38476"},"modified":"2013-06-24T00:36:21","modified_gmt":"2013-06-24T05:06:21","slug":"masacriticapeatonal","status":"publish","type":"post","link":"https:\/\/www.panfletonegro.com\/v\/2013\/06\/24\/masacriticapeatonal\/","title":{"rendered":"Masa Cr\u00edtica Peatonal"},"content":{"rendered":"<p><a href=\"https:\/\/i0.wp.com\/www.panfletonegro.com\/v\/wp-content\/uploads\/2013\/06\/Masa-Critica-Peatonal-Banner.png\"><img data-recalc-dims=\"1\" loading=\"lazy\" decoding=\"async\" data-attachment-id=\"38477\" data-permalink=\"https:\/\/www.panfletonegro.com\/v\/2013\/06\/24\/masacriticapeatonal\/masa-critica-peatonal-banne\/\" data-orig-file=\"https:\/\/i0.wp.com\/www.panfletonegro.com\/v\/wp-content\/uploads\/2013\/06\/Masa-Critica-Peatonal-Banne.png?fit=992%2C367&amp;ssl=1\" data-orig-size=\"992,367\" data-comments-opened=\"1\" data-image-meta=\"{&quot;aperture&quot;:&quot;0&quot;,&quot;credit&quot;:&quot;&quot;,&quot;camera&quot;:&quot;&quot;,&quot;caption&quot;:&quot;&quot;,&quot;created_timestamp&quot;:&quot;0&quot;,&quot;copyright&quot;:&quot;&quot;,&quot;focal_length&quot;:&quot;0&quot;,&quot;iso&quot;:&quot;0&quot;,&quot;shutter_speed&quot;:&quot;0&quot;,&quot;title&quot;:&quot;&quot;}\" data-image-title=\"Masa-Critica-Peatonal-Banne\" data-image-description=\"\" data-image-caption=\"\" data-large-file=\"https:\/\/i0.wp.com\/www.panfletonegro.com\/v\/wp-content\/uploads\/2013\/06\/Masa-Critica-Peatonal-Banne.png?fit=696%2C257&amp;ssl=1\" class=\"wp-image-38477\" alt=\"Masa-Critica-Peatonal\" src=\"https:\/\/i0.wp.com\/www.panfletonegro.com\/v\/wp-content\/uploads\/2013\/06\/Masa-Critica-Peatonal-Banne.png?resize=696%2C257\" width=\"696\" height=\"257\" srcset=\"https:\/\/i0.wp.com\/www.panfletonegro.com\/v\/wp-content\/uploads\/2013\/06\/Masa-Critica-Peatonal-Banne.png?w=992&amp;ssl=1 992w, https:\/\/i0.wp.com\/www.panfletonegro.com\/v\/wp-content\/uploads\/2013\/06\/Masa-Critica-Peatonal-Banne.png?resize=300%2C110&amp;ssl=1 300w, https:\/\/i0.wp.com\/www.panfletonegro.com\/v\/wp-content\/uploads\/2013\/06\/Masa-Critica-Peatonal-Banne.png?resize=320%2C118&amp;ssl=1 320w, https:\/\/i0.wp.com\/www.panfletonegro.com\/v\/wp-content\/uploads\/2013\/06\/Masa-Critica-Peatonal-Banne.png?resize=145%2C53&amp;ssl=1 145w, https:\/\/i0.wp.com\/www.panfletonegro.com\/v\/wp-content\/uploads\/2013\/06\/Masa-Critica-Peatonal-Banne.png?resize=495%2C183&amp;ssl=1 495w, https:\/\/i0.wp.com\/www.panfletonegro.com\/v\/wp-content\/uploads\/2013\/06\/Masa-Critica-Peatonal-Banne.png?resize=670%2C247&amp;ssl=1 670w\" sizes=\"auto, (max-width: 696px) 100vw, 696px\" \/><\/a><\/p>\n<p><strong>Masa Cr\u00edtica Peatonal<\/strong><br \/>\nCaminamos por los derechos de peatones<br \/>\nS\u00e1bado, 29 de junio @3:33 p.m.<br \/>\nSaliendo de Plaza Venezuela, por Av. Casanova y Av.<br \/>\nFrancisco Solano hasta Chaca\u00edto<\/p>\n<p>L+s invitamos a caminar, por una Caracas humana donde motorizados y conductores respetan al peat\u00f3n. Ya basta de conductores que se nos lanzan encima, motos que nos obstruyen la acera o el rayado, choferes de camioneta que nos aturden con su corneteo. Caracas ser\u00e1 humana porque nosotr+s l+s peatones de esta gran ciudad lo exigimos.<\/p>\n<p>Caminar es un medio de transporte ecol\u00f3gico, saludable, gratis y lleno de placer que se presta al encuentro y al compartir. Cuando tod+s caminamos, nos encontramos y nos conocemos, nos sentimos seguros, sin miedo. Eso lo logramos caminando. Y esa es la verdadera &#8216;calidad de vida&#8217;.<\/p>\n<p><a href=\"https:\/\/i0.wp.com\/www.panfletonegro.com\/v\/wp-content\/uploads\/2013\/06\/Santo-Peaton.jpg\"><img data-recalc-dims=\"1\" loading=\"lazy\" decoding=\"async\" data-attachment-id=\"38479\" data-permalink=\"https:\/\/www.panfletonegro.com\/v\/2013\/06\/24\/masacriticapeatonal\/santo-peaton\/\" data-orig-file=\"https:\/\/i0.wp.com\/www.panfletonegro.com\/v\/wp-content\/uploads\/2013\/06\/Santo-Peaton.jpg?fit=2048%2C1699&amp;ssl=1\" data-orig-size=\"2048,1699\" data-comments-opened=\"1\" data-image-meta=\"{&quot;aperture&quot;:&quot;0&quot;,&quot;credit&quot;:&quot;&quot;,&quot;camera&quot;:&quot;&quot;,&quot;caption&quot;:&quot;&quot;,&quot;created_timestamp&quot;:&quot;0&quot;,&quot;copyright&quot;:&quot;&quot;,&quot;focal_length&quot;:&quot;0&quot;,&quot;iso&quot;:&quot;0&quot;,&quot;shutter_speed&quot;:&quot;0&quot;,&quot;title&quot;:&quot;&quot;}\" data-image-title=\"Santo-Peaton\" data-image-description=\"\" data-image-caption=\"\" data-large-file=\"https:\/\/i0.wp.com\/www.panfletonegro.com\/v\/wp-content\/uploads\/2013\/06\/Santo-Peaton.jpg?fit=696%2C577&amp;ssl=1\" class=\"aligncenter  wp-image-38479\" alt=\"Santo-Peaton\" src=\"https:\/\/i0.wp.com\/www.panfletonegro.com\/v\/wp-content\/uploads\/2013\/06\/Santo-Peaton.jpg?resize=696%2C577\" width=\"696\" height=\"577\" srcset=\"https:\/\/i0.wp.com\/www.panfletonegro.com\/v\/wp-content\/uploads\/2013\/06\/Santo-Peaton.jpg?w=2048&amp;ssl=1 2048w, https:\/\/i0.wp.com\/www.panfletonegro.com\/v\/wp-content\/uploads\/2013\/06\/Santo-Peaton.jpg?resize=300%2C248&amp;ssl=1 300w, https:\/\/i0.wp.com\/www.panfletonegro.com\/v\/wp-content\/uploads\/2013\/06\/Santo-Peaton.jpg?resize=1024%2C849&amp;ssl=1 1024w, https:\/\/i0.wp.com\/www.panfletonegro.com\/v\/wp-content\/uploads\/2013\/06\/Santo-Peaton.jpg?resize=320%2C265&amp;ssl=1 320w, https:\/\/i0.wp.com\/www.panfletonegro.com\/v\/wp-content\/uploads\/2013\/06\/Santo-Peaton.jpg?resize=145%2C120&amp;ssl=1 145w, https:\/\/i0.wp.com\/www.panfletonegro.com\/v\/wp-content\/uploads\/2013\/06\/Santo-Peaton.jpg?resize=495%2C410&amp;ssl=1 495w, https:\/\/i0.wp.com\/www.panfletonegro.com\/v\/wp-content\/uploads\/2013\/06\/Santo-Peaton.jpg?resize=670%2C555&amp;ssl=1 670w, https:\/\/i0.wp.com\/www.panfletonegro.com\/v\/wp-content\/uploads\/2013\/06\/Santo-Peaton.jpg?w=1392&amp;ssl=1 1392w\" sizes=\"auto, (max-width: 696px) 100vw, 696px\" \/><\/a><br \/>\nPor eso l+s invitamos a caminar este s\u00e1bado 29 de junio, fecha donde conmemoramos el arrollamiento y muerte de Jos\u00e9 Gregorio Hern\u00e1ndez, venezolano insigne cuya vida, dedicada al bienestar com\u00fan, tuvo un fin tr\u00e1gico y prematuro a causa de un autom\u00f3vil. Reivindicamos a nuestro santo peat\u00f3n como emblema de esta lucha por la Caracas humana.<\/p>\n<p>Vamos a gritar consignas, mostrar carteles, pintar rayados, reclamar el derecho a caminar, interviniendo las calles con arte y amor como es nuestro estilo. Una fiesta de la vida a pie y un reclamo por nuestros derechos. Porque la buena vida es p\u00fablica.<\/p>\n<p>Sanemos a Caracas con nuestros pies.<\/p>\n<p>Nos empezamos a reunir en Plaza Venezuela a las 3:33 p.m. mientras van llegando l+s peatones para salir en Masa a celebrar y reclamar. Te esperamos.<\/p>\n<p>Masa Cr\u00edtica Peatonal<\/p>\n<p>Organiza: Ser Urbano<br \/>\nFacebook: <a href=\"https:\/\/www.facebook.com\/groups\/18651558381\">Ser Urbano<\/a><br \/>\nTwitter: <a href=\"http:\/\/www.twitter.com\/serurbano_org\">serurbano_org<\/a><br \/>\nGmail: serurbanoccs@gmail.com<\/p>\n","protected":false},"excerpt":{"rendered":"<p>Masa Cr\u00edtica Peatonal Caminamos por los derechos de peatones S\u00e1bado, 29 de junio @3:33 p.m. Saliendo de Plaza Venezuela, por Av. Casanova y Av. Francisco Solano hasta Chaca\u00edto L+s invitamos a caminar, por una Caracas humana donde motorizados y conductores respetan al peat\u00f3n. Ya basta de conductores que se nos lanzan encima, motos que nos [&hellip;]<\/p>\n","protected":false},"author":1202,"featured_media":38477,"comment_status":"open","ping_status":"open","sticky":false,"template":"","format":"standard","meta":{"jetpack_post_was_ever_published":false,"_jetpack_newsletter_access":"","_jetpack_dont_email_post_to_subs":false,"_jetpack_newsletter_tier_id":0,"_jetpack_memberships_contains_paywalled_content":false,"_jetpack_memberships_contains_paid_content":false,"footnotes":"","jetpack_publicize_message":"","jetpack_publicize_feature_enabled":true,"jetpack_social_post_already_shared":true,"jetpack_social_options":{"image_generator_settings":{"template":"highway","default_image_id":0,"font":"","enabled":false},"version":2}},"categories":[1],"tags":[],"class_list":{"0":"post-38476","1":"post","2":"type-post","3":"status-publish","4":"format-standard","5":"has-post-thumbnail","7":"category-azares"},"jetpack_publicize_connections":[],"jetpack_featured_media_url":"https:\/\/i0.wp.com\/www.panfletonegro.com\/v\/wp-content\/uploads\/2013\/06\/Masa-Critica-Peatonal-Banne.png?fit=992%2C367&ssl=1","jetpack_shortlink":"https:\/\/wp.me\/pfpCD-a0A","jetpack_sharing_enabled":true,"_links":{"self":[{"href":"https:\/\/www.panfletonegro.com\/v\/wp-json\/wp\/v2\/posts\/38476","targetHints":{"allow":["GET"]}}],"collection":[{"href":"https:\/\/www.panfletonegro.com\/v\/wp-json\/wp\/v2\/posts"}],"about":[{"href":"https:\/\/www.panfletonegro.com\/v\/wp-json\/wp\/v2\/types\/post"}],"author":[{"embeddable":true,"href":"https:\/\/www.panfletonegro.com\/v\/wp-json\/wp\/v2\/users\/1202"}],"replies":[{"embeddable":true,"href":"https:\/\/www.panfletonegro.com\/v\/wp-json\/wp\/v2\/comments?post=38476"}],"version-history":[{"count":0,"href":"https:\/\/www.panfletonegro.com\/v\/wp-json\/wp\/v2\/posts\/38476\/revisions"}],"wp:featuredmedia":[{"embeddable":true,"href":"https:\/\/www.panfletonegro.com\/v\/wp-json\/wp\/v2\/media\/38477"}],"wp:attachment":[{"href":"https:\/\/www.panfletonegro.com\/v\/wp-json\/wp\/v2\/media?parent=38476"}],"wp:term":[{"taxonomy":"category","embeddable":true,"href":"https:\/\/www.panfletonegro.com\/v\/wp-json\/wp\/v2\/categories?post=38476"},{"taxonomy":"post_tag","embeddable":true,"href":"https:\/\/www.panfletonegro.com\/v\/wp-json\/wp\/v2\/tags?post=38476"}],"curies":[{"name":"wp","href":"https:\/\/api.w.org\/{rel}","templated":true}]}}