{"id":38039,"date":"2013-06-04T07:41:03","date_gmt":"2013-06-04T12:11:03","guid":{"rendered":"http:\/\/www.panfletonegro.com\/v\/?p=38039"},"modified":"2013-06-04T12:18:45","modified_gmt":"2013-06-04T16:48:45","slug":"caiman","status":"publish","type":"post","link":"https:\/\/www.panfletonegro.com\/v\/2013\/06\/04\/caiman\/","title":{"rendered":"Caim\u00e1n"},"content":{"rendered":"<p><a href=\"https:\/\/i0.wp.com\/www.panfletonegro.com\/v\/wp-content\/uploads\/2013\/06\/luto.jpg\"><img data-recalc-dims=\"1\" loading=\"lazy\" decoding=\"async\" data-attachment-id=\"38040\" data-permalink=\"https:\/\/www.panfletonegro.com\/v\/2013\/06\/04\/caiman\/luto\/\" data-orig-file=\"https:\/\/i0.wp.com\/www.panfletonegro.com\/v\/wp-content\/uploads\/2013\/06\/luto.jpg?fit=803%2C583&amp;ssl=1\" data-orig-size=\"803,583\" data-comments-opened=\"1\" data-image-meta=\"{&quot;aperture&quot;:&quot;0&quot;,&quot;credit&quot;:&quot;&quot;,&quot;camera&quot;:&quot;&quot;,&quot;caption&quot;:&quot;&quot;,&quot;created_timestamp&quot;:&quot;0&quot;,&quot;copyright&quot;:&quot;&quot;,&quot;focal_length&quot;:&quot;0&quot;,&quot;iso&quot;:&quot;0&quot;,&quot;shutter_speed&quot;:&quot;0&quot;,&quot;title&quot;:&quot;&quot;}\" data-image-title=\"luto\" data-image-description=\"\" data-image-caption=\"\" data-large-file=\"https:\/\/i0.wp.com\/www.panfletonegro.com\/v\/wp-content\/uploads\/2013\/06\/luto.jpg?fit=696%2C505&amp;ssl=1\" src=\"https:\/\/i0.wp.com\/www.panfletonegro.com\/v\/wp-content\/uploads\/2013\/06\/luto-300x217.jpg?resize=300%2C217\" alt=\"luto\" width=\"300\" height=\"217\" class=\"alignleft size-medium wp-image-38040\" srcset=\"https:\/\/i0.wp.com\/www.panfletonegro.com\/v\/wp-content\/uploads\/2013\/06\/luto.jpg?resize=300%2C217&amp;ssl=1 300w, https:\/\/i0.wp.com\/www.panfletonegro.com\/v\/wp-content\/uploads\/2013\/06\/luto.jpg?resize=320%2C232&amp;ssl=1 320w, https:\/\/i0.wp.com\/www.panfletonegro.com\/v\/wp-content\/uploads\/2013\/06\/luto.jpg?resize=145%2C105&amp;ssl=1 145w, https:\/\/i0.wp.com\/www.panfletonegro.com\/v\/wp-content\/uploads\/2013\/06\/luto.jpg?resize=495%2C359&amp;ssl=1 495w, https:\/\/i0.wp.com\/www.panfletonegro.com\/v\/wp-content\/uploads\/2013\/06\/luto.jpg?resize=670%2C486&amp;ssl=1 670w, https:\/\/i0.wp.com\/www.panfletonegro.com\/v\/wp-content\/uploads\/2013\/06\/luto.jpg?w=803&amp;ssl=1 803w\" sizes=\"auto, (max-width: 300px) 100vw, 300px\" \/><\/a>El fin de semana tom\u00e9 la decisi\u00f3n consciente de aislarme de la red. Una buena amiga estaba de visita, la gran oportunidad para distanciarme de toda vaina. El lunes en la ma\u00f1ana prend\u00ed la computadora a eso de las 8:00 am, 1:30 am en Caracas.<\/p>\n<p>El algoritmo de Facebook hace que las noticias m\u00e1s relevantes te asalten de golpe, sin anestesia, as\u00ed que a las 8:02 am me enter\u00e9 de que a un pana de la universidad lo hab\u00edan matado para quitarle el carro.<\/p>\n<p>\u00abCo\u00f1o de la madre\u00bb, reson\u00f3 en la sala vac\u00eda de donde vivo. Intentaba leer las respuestas de mis amigos, pero el impulso de repetir en voz alta \u00abco\u00f1o, qu\u00e9 arrechera\u00bb no me dejaba leer nada.<\/p>\n<p>Y es que es tan predecible que se convierte en un cruel lugar com\u00fan: precisamente matan al carajo alegre, al carajo emprendedor, inteligente, profesional, deportista. Al carajo que se qued\u00f3 cuando otros nos fuimos. \u00abCo\u00f1o, qu\u00e9 arrechera\u00bb.<\/p>\n<p>Ayer y hoy he cargado ese muerto atascado en el pecho. He visto a mis amigos llorar a trav\u00e9s de sus emails y sus posts. He temido por mis hermanos. He sentido la rabia inevitable que te agobia cada vez que buscas un responsable (y lo encuentras). Pero no llor\u00e9. Escrib\u00ed poco m\u00e1s que un \u00abQEPD&#8230;\u00bb<\/p>\n<p>Un amigo me describi\u00f3 con mucha claridad lo que me pasaba: tras mucho escribir y mucho borrar, perd\u00ed la capacidad de expresarme al respecto. Quiz\u00e1s porque tras mucho escribir y borrar sientes que escribir comienza a perder el sentido.<\/p>\n<p>Ayer estuve todo el d\u00eda de mal humor. Hoy dej\u00e9 la llaves pegadas en la puerta de mi casa (un vecino las agarr\u00f3 y me avis\u00f3, gracias a Dios). Hoy tuve que hablar frente a un grupo de inmigrantes que han tenido menos suerte que yo y, aunque suelo ser muy balanceado, o\u00edr la injusticia de sus historias me alter\u00f3 de manera visible y audible, porque estos dos d\u00edas lo que he tenido atrapado en el pecho es una gran bola asquerosa de injusticia que me quita el habla y entorpece mi teclado.<\/p>\n<p>Hace una hora me llam\u00f3 un amigo venezolano que me llama un par de veces al a\u00f1o. Y bast\u00f3 oirme decir su nombre para preguntarme \u00ab\u00bfco\u00f1o, pana, est\u00e1s bien?\u00bb. Me tom\u00f3 cinco segundos encerrarme en una sala de reuniones y decirle afectadamente que \u00abme mataron a un pana de la universidad\u00bb. Y la gran bola asquerosa de injusticia se convirti\u00f3 en una l\u00e1grima. Y hablamos un rato largo, de sus hermanos, de mis hermanos, de los panas que se fueron porque no se calan esa de ser los prisioneros del miedo, de los panas que se quedaron y recibieron un plomazo, de la mam\u00e1 de una amiga que vi\u00f3 c\u00f3mo violaban a la muchacha de servicio, del hermano que secuestraron y que tuvo que mantener la calma mientras le morboseaban a la jeva, de la ruleta rusa en la que se ha convertido el pa\u00eds de lo posible&#8230;<\/p>\n<p>Ten\u00eda el pecho trancado, porque ese miedo y ese dolor no lo entiende nadie m\u00e1s que un Venezolano. Y el esfuerzo de explicar que a pesar de lo que pasa no estamos en guerra es mucho pedir en un momento as\u00ed. S\u00f3lo puedes hablar con alguien que te entienda de inmediato.<\/p>\n<p>Y entonces la providencia le dice a un pana que hoy, que ya, es el momento para esa llamada semestral. Gracias a Dios.<\/p>\n<p>Hay una bodega en un barrio oscuro de la ciudad donde sirven polarcitas bien fr\u00edas. El viernes nos vamos a tomar unas cervezas.<\/p>\n<p><em>PD: el Caim\u00e1n era un deportista. Entre otras (muchas) vainas, era cinta negra en karate y sol\u00eda correr. <strong>Una carrera organizada para este fin de semana ser\u00e1 dedicada a su memoria<\/strong>: <a href=\"http:\/\/m.eluniversal.com\/\/blogs\/42-kilometros\/130603\/asesinan-a-corredor-a-natgeo-con-cinta-negra-en-su-honor\">durante la carrera NatGeo de este domingo m\u00e1s de uno va a correr con cintas negras en honor al Caim\u00e1n<\/a> (<a href=\"http:\/\/www.natgeo.tv\/us\/especiales\/carrera-por-el-medio-ambiente\/terminos-y-condiciones\">http:\/\/www.natgeo.tv\/us\/especiales\/carrera-por-el-medio-ambiente\/terminos-y-condiciones<\/a>).<\/p>\n<p>Yo sol\u00eda correr maratones hasta que se me jodieron las rodillas. Pero esa carrera se me antoja como una forma de llevar la tristeza. Correr, a mi paso. Correr, cuid\u00e1ndome las rodillas. Correr y dejar que el sudor disfraze las l\u00e1grimas&#8230; Correr, juntos&#8230;<\/p>\n<p>En momentos as\u00ed no hay quien agradezca a la providencia no vivir mas en \u00abese pa\u00eds\u00bb&#8230; s\u00f3lo hay espacio para la arrechera y la impotencia de estar tan lejos&#8230;<\/em><\/p>\n","protected":false},"excerpt":{"rendered":"<p>El fin de semana tom\u00e9 la decisi\u00f3n consciente de aislarme de la red. Una buena amiga estaba de visita, la gran oportunidad para distanciarme de toda vaina. El lunes en la ma\u00f1ana prend\u00ed la computadora a eso de las 8:00 am, 1:30 am en Caracas. El algoritmo de Facebook hace que las noticias m\u00e1s relevantes [&hellip;]<\/p>\n","protected":false},"author":13,"featured_media":38040,"comment_status":"open","ping_status":"open","sticky":false,"template":"","format":"standard","meta":{"jetpack_post_was_ever_published":false,"_jetpack_newsletter_access":"","_jetpack_dont_email_post_to_subs":false,"_jetpack_newsletter_tier_id":0,"_jetpack_memberships_contains_paywalled_content":false,"_jetpack_memberships_contains_paid_content":false,"footnotes":"","jetpack_publicize_message":"","jetpack_publicize_feature_enabled":true,"jetpack_social_post_already_shared":true,"jetpack_social_options":{"image_generator_settings":{"template":"highway","default_image_id":0,"font":"","enabled":false},"version":2}},"categories":[1],"tags":[],"class_list":{"0":"post-38039","1":"post","2":"type-post","3":"status-publish","4":"format-standard","5":"has-post-thumbnail","7":"category-azares"},"jetpack_publicize_connections":[],"jetpack_featured_media_url":"https:\/\/i0.wp.com\/www.panfletonegro.com\/v\/wp-content\/uploads\/2013\/06\/luto.jpg?fit=803%2C583&ssl=1","jetpack_shortlink":"https:\/\/wp.me\/sfpCD-caiman","jetpack_sharing_enabled":true,"_links":{"self":[{"href":"https:\/\/www.panfletonegro.com\/v\/wp-json\/wp\/v2\/posts\/38039","targetHints":{"allow":["GET"]}}],"collection":[{"href":"https:\/\/www.panfletonegro.com\/v\/wp-json\/wp\/v2\/posts"}],"about":[{"href":"https:\/\/www.panfletonegro.com\/v\/wp-json\/wp\/v2\/types\/post"}],"author":[{"embeddable":true,"href":"https:\/\/www.panfletonegro.com\/v\/wp-json\/wp\/v2\/users\/13"}],"replies":[{"embeddable":true,"href":"https:\/\/www.panfletonegro.com\/v\/wp-json\/wp\/v2\/comments?post=38039"}],"version-history":[{"count":0,"href":"https:\/\/www.panfletonegro.com\/v\/wp-json\/wp\/v2\/posts\/38039\/revisions"}],"wp:featuredmedia":[{"embeddable":true,"href":"https:\/\/www.panfletonegro.com\/v\/wp-json\/wp\/v2\/media\/38040"}],"wp:attachment":[{"href":"https:\/\/www.panfletonegro.com\/v\/wp-json\/wp\/v2\/media?parent=38039"}],"wp:term":[{"taxonomy":"category","embeddable":true,"href":"https:\/\/www.panfletonegro.com\/v\/wp-json\/wp\/v2\/categories?post=38039"},{"taxonomy":"post_tag","embeddable":true,"href":"https:\/\/www.panfletonegro.com\/v\/wp-json\/wp\/v2\/tags?post=38039"}],"curies":[{"name":"wp","href":"https:\/\/api.w.org\/{rel}","templated":true}]}}