{"id":37757,"date":"2013-05-17T19:46:04","date_gmt":"2013-05-18T00:16:04","guid":{"rendered":"http:\/\/www.panfletonegro.com\/v\/?p=37757"},"modified":"2014-06-07T11:51:13","modified_gmt":"2014-06-07T16:21:13","slug":"marx-ni-a-favor-ni-en-contra","status":"publish","type":"post","link":"https:\/\/www.panfletonegro.com\/v\/2013\/05\/17\/marx-ni-a-favor-ni-en-contra\/","title":{"rendered":"Marx: Ni a favor ni en contra."},"content":{"rendered":"<p><img data-recalc-dims=\"1\" loading=\"lazy\" decoding=\"async\" class=\"alignnone\" alt=\"\" src=\"http:\/\/carmelomendiz.files.wordpress.com\/2009\/09\/c-marx1.jpg?resize=696%2C971\" width=\"696\" height=\"971\" \/><\/p>\n<p>(T\u00cdTULO TOMADO DEL LIBRO DE NOBERTO BOBBIO)<\/p>\n<p>He sentido la necesidad de escribir c\u00f3mo me siento con todo lo que est\u00e1\u00a0pasando\u00a0a mi alrededor pero, no s\u00f3lo a mi alrededor sino, en mi propia cabeza.<\/p>\n<p>Siempre me sent\u00ed una persona, m\u00e1s que marxista, de izquierda. Tal vez por mi padre que fue dirigente estudiantil del MAS en los 80&#8217;s y \u00e9l, junto a su vasta biblioteca, me han formado bajo criterios dial\u00e9cticos e hist\u00f3ricos de la realidad.<\/p>\n<p>S\u00e9 que a muchos de los que me leen han pasado por ideales socialistas y que han so\u00f1ado con que todos los criterios de Marx, Lenin o Trotsky se cumplan y que seamos una sociedad que no tenga que depender del Estado para poder vivir en seguridad. S\u00e9 que muchos de los que leen se leyeron su Manifiesto Comunista, su Revoluci\u00f3n Permanente, Su Capital, etc.<\/p>\n<p>Desde que entr\u00e9 a la universidad a estudiar Ciencias Pol\u00edticas me he llevado trancazos por todav\u00eda so\u00f1ar con el comunismo como forma de Estado ideal del hombre. Me he llevado desilusiones por encontrar fuertes cr\u00edticas a los escritos de Marx y al pensamiento ut\u00f3pico en general. Lo peor de todo es que todas esas cr\u00edticas que leo tienen raz\u00f3n y tienen sentido. La econom\u00eda marxista, en la actualidad, est\u00e1 descontinuada y se basa en criterios que son de finales del siglo XIX. La filosof\u00eda dial\u00e9ctica e hist\u00f3rica ha sido desfasada por la mala lectura que le dio el propio Marx a los textos de Hegel en su materialismo. Lo rescatable de los textos Marxistas son pocos, y se basan m\u00e1s que todo en los temas sociol\u00f3gicos (muy importantes para entender el comportamiento de la sociedad) y los pol\u00edticos (la raz\u00f3n de existir del Estado, y su funci\u00f3n como tal)<\/p>\n<p>Al ver todas estas criticas al marxismo cada vez tengo menos sustentos para ir creyendo en la lucha de clases, en el comunismo primitivo, en el materialismo hist\u00f3rico, en su econom\u00eda. Sin embargo, eso no quiere decir que deje de ser de izquierda. Ya que la izquierda va much\u00edsimo m\u00e1s all\u00e1 del Marxismo (Socialdemocracia, por ejemplo).<\/p>\n<p>Sin embargo, tampoco considero que Marx no ten\u00eda raz\u00f3n (en su \u00e9poca). Es un personaje de admirar pol\u00edticamente y que quiso revolucionar el mundo para bien, y as\u00ed \u00e9l lo pens\u00f3. Marx es una persona de admirar sociol\u00f3gicamente ya que hizo que el hombre se preocupara por los fen\u00f3menos sociales que acontecen en una naci\u00f3n. Filos\u00f3ficamente abri\u00f3 la puerta a una nueva concepci\u00f3n del hombre, pero hoy en d\u00eda ya no sirve. Econ\u00f3micamente fue un letrado en su tiempo y asombr\u00f3 a todo el mundo con su concepci\u00f3n de la &#8216;Plusval\u00eda&#8217; pero que hoy en d\u00eda tampoco tiene vigencia, ni creo que la vuelva a tener. Creo, personalmente, que Marx nos ense\u00f1\u00f3 muchas cosas y que no hay que estar en contra de \u00e9l, pero tampoco a favor por las razones que ya intent\u00e9 explicar.<\/p>\n<p>Esto es un hasta siempre a la teor\u00eda marxista. Esto es un hasta siempre a Marx y a todos sus seguidores que dieron la vida por las ideas marxistas-leninistas y a todo aquello que pude creer en su momento. Hoy crec\u00ed pol\u00edticamente. Hoy ya no soy un rebelde por una una causa ya perdida. Seguir\u00e9 escuchando y cantando las canciones de Al\u00ed Primera. Seguir\u00e9 teniendo mis cuadros del \u00bbChe\u00bb porque siento que ya son parte de m\u00ed y de la conciencia que ir\u00e1 d\u00eda a d\u00eda\u00a0convirti\u00e9ndose\u00a0en valores para ser un buen ciudadano.<\/p>\n","protected":false},"excerpt":{"rendered":"<p>(T\u00cdTULO TOMADO DEL LIBRO DE NOBERTO BOBBIO) He sentido la necesidad de escribir c\u00f3mo me siento con todo lo que est\u00e1\u00a0pasando\u00a0a mi alrededor pero, no s\u00f3lo a mi alrededor sino, en mi propia cabeza. Siempre me sent\u00ed una persona, m\u00e1s que marxista, de izquierda. Tal vez por mi padre que fue dirigente estudiantil del MAS [&hellip;]<\/p>\n","protected":false},"author":1506,"featured_media":0,"comment_status":"open","ping_status":"open","sticky":false,"template":"","format":"standard","meta":{"jetpack_post_was_ever_published":false,"_jetpack_newsletter_access":"","_jetpack_dont_email_post_to_subs":false,"_jetpack_newsletter_tier_id":0,"_jetpack_memberships_contains_paywalled_content":false,"_jetpack_memberships_contains_paid_content":false,"footnotes":"","jetpack_publicize_message":"","jetpack_publicize_feature_enabled":true,"jetpack_social_post_already_shared":true,"jetpack_social_options":{"image_generator_settings":{"template":"highway","default_image_id":0,"font":"","enabled":false},"version":2}},"categories":[2439],"tags":[201,1483,2186,124,44],"class_list":{"0":"post-37757","1":"post","2":"type-post","3":"status-publish","4":"format-standard","6":"category-arte","7":"tag-filosofia","8":"tag-marx","9":"tag-marxismo","10":"tag-politica","11":"tag-venezuela"},"jetpack_publicize_connections":[],"jetpack_featured_media_url":"","jetpack_shortlink":"https:\/\/wp.me\/pfpCD-9OZ","jetpack_sharing_enabled":true,"_links":{"self":[{"href":"https:\/\/www.panfletonegro.com\/v\/wp-json\/wp\/v2\/posts\/37757","targetHints":{"allow":["GET"]}}],"collection":[{"href":"https:\/\/www.panfletonegro.com\/v\/wp-json\/wp\/v2\/posts"}],"about":[{"href":"https:\/\/www.panfletonegro.com\/v\/wp-json\/wp\/v2\/types\/post"}],"author":[{"embeddable":true,"href":"https:\/\/www.panfletonegro.com\/v\/wp-json\/wp\/v2\/users\/1506"}],"replies":[{"embeddable":true,"href":"https:\/\/www.panfletonegro.com\/v\/wp-json\/wp\/v2\/comments?post=37757"}],"version-history":[{"count":0,"href":"https:\/\/www.panfletonegro.com\/v\/wp-json\/wp\/v2\/posts\/37757\/revisions"}],"wp:attachment":[{"href":"https:\/\/www.panfletonegro.com\/v\/wp-json\/wp\/v2\/media?parent=37757"}],"wp:term":[{"taxonomy":"category","embeddable":true,"href":"https:\/\/www.panfletonegro.com\/v\/wp-json\/wp\/v2\/categories?post=37757"},{"taxonomy":"post_tag","embeddable":true,"href":"https:\/\/www.panfletonegro.com\/v\/wp-json\/wp\/v2\/tags?post=37757"}],"curies":[{"name":"wp","href":"https:\/\/api.w.org\/{rel}","templated":true}]}}