{"id":37552,"date":"2013-05-07T08:05:20","date_gmt":"2013-05-07T12:35:20","guid":{"rendered":"http:\/\/www.panfletonegro.com\/v\/?p=37552"},"modified":"2013-05-07T08:05:20","modified_gmt":"2013-05-07T12:35:20","slug":"que-se-supone-que-debo-hacer","status":"publish","type":"post","link":"https:\/\/www.panfletonegro.com\/v\/2013\/05\/07\/que-se-supone-que-debo-hacer\/","title":{"rendered":"Que se supone que debo hacer? Parte 1"},"content":{"rendered":"<p><a href=\"https:\/\/i0.wp.com\/www.panfletonegro.com\/v\/wp-content\/uploads\/2013\/05\/22849135.jpg\"><img data-recalc-dims=\"1\" loading=\"lazy\" decoding=\"async\" data-attachment-id=\"37553\" data-permalink=\"https:\/\/www.panfletonegro.com\/v\/2013\/05\/07\/que-se-supone-que-debo-hacer\/attachment\/22849135\/\" data-orig-file=\"https:\/\/i0.wp.com\/www.panfletonegro.com\/v\/wp-content\/uploads\/2013\/05\/22849135.jpg?fit=400%2C300&amp;ssl=1\" data-orig-size=\"400,300\" data-comments-opened=\"1\" data-image-meta=\"{&quot;aperture&quot;:&quot;0&quot;,&quot;credit&quot;:&quot;&quot;,&quot;camera&quot;:&quot;&quot;,&quot;caption&quot;:&quot;&quot;,&quot;created_timestamp&quot;:&quot;0&quot;,&quot;copyright&quot;:&quot;&quot;,&quot;focal_length&quot;:&quot;0&quot;,&quot;iso&quot;:&quot;0&quot;,&quot;shutter_speed&quot;:&quot;0&quot;,&quot;title&quot;:&quot;&quot;}\" data-image-title=\"22849135\" data-image-description=\"\" data-image-caption=\"\" data-large-file=\"https:\/\/i0.wp.com\/www.panfletonegro.com\/v\/wp-content\/uploads\/2013\/05\/22849135.jpg?fit=400%2C300&amp;ssl=1\" class=\"alignnone size-medium wp-image-37553\" alt=\"22849135\" src=\"https:\/\/i0.wp.com\/www.panfletonegro.com\/v\/wp-content\/uploads\/2013\/05\/22849135-300x225.jpg?resize=300%2C225\" width=\"300\" height=\"225\" srcset=\"https:\/\/i0.wp.com\/www.panfletonegro.com\/v\/wp-content\/uploads\/2013\/05\/22849135.jpg?resize=300%2C225&amp;ssl=1 300w, https:\/\/i0.wp.com\/www.panfletonegro.com\/v\/wp-content\/uploads\/2013\/05\/22849135.jpg?resize=320%2C240&amp;ssl=1 320w, https:\/\/i0.wp.com\/www.panfletonegro.com\/v\/wp-content\/uploads\/2013\/05\/22849135.jpg?resize=145%2C108&amp;ssl=1 145w, https:\/\/i0.wp.com\/www.panfletonegro.com\/v\/wp-content\/uploads\/2013\/05\/22849135.jpg?w=400&amp;ssl=1 400w\" sizes=\"auto, (max-width: 300px) 100vw, 300px\" \/><\/a><\/p>\n<p>INB4: \u00abEres un apatrida pitiyankee!!!21!!!!!!! Hijito de pap\u00ed y mam\u00ed maricons\u00f3n!!!!! No volver\u00e1n!!!!\u00bb, \u00abEres un Chaburro jalabolas!!!!11!!! Bruto!!!11!!!!!\u00bb, \u00abNo tiene sentido lo que escribes porque VTV\/Globovision\/Telesur\/FoxNews Dijo lo contrario!!!!!2!!! Eres un ciego!!!!\u00bb, NO SABES ESCRIBIR Y TODO TU POST EST\u00c1 LLENO DE ERRORES ORTOGRAFICOS DE SINTAXIS!!! NI SIQUIERA SABES LO QUE ES SINTAXIS!!!!1!!!!.<\/p>\n<p>Ya habiendo publicado lo que podria llegar a ser el 25% de los comentarios de esta entrada, quisiera enfocarme en algo mas productivo (me saco esta cifra del orto, el porcentaje real dependera de quienes lean y vayan a comentar esta entrada). No tengo idea de cuantas entradas ser\u00e1n, espero que la lectura sea placentera y mis errores de redacci\u00f3n no produzcan hemorragias en sus globos oculares.<\/p>\n<p>Comenzar\u00e9 por presentarme, no tengo mas de 22 a\u00f1os, no viv\u00ed totalmente la epoca de la Cuarta Republica y de los presidentes que le \u00abechaban los perros\u00bb a los cardenales en medio de una pea y es mi primera vez publicando algo aqu\u00ed, as\u00ed que me limitar\u00e9 a hablar acerca de la epoca que recuerdo bien, la epoca del Chavismo.<\/p>\n<p>Durante esos (14?) a\u00f1os que lleva el Chavismo, he pasado de ser un carajito en 3er grado (mas o menos, realmente no recuerdo exactamente que edad ten\u00eda y esm uy temprano en la ma\u00f1ana para ponerme a sacar esa cuenta) que no tenia idea de quien era Chavez pero que qued\u00f3 marcado por ese comercial en el que sal\u00eda un actor vestido de militar diciendo \u00abLOS VOY A FREIR!!!\u00bb e inmediatamente sal\u00eda otro actor vestido de angel y haciendo el ridiculo balbuceando (creo que interpretaba a Salas Romer si mi memoria no me falla) y al final del comercial llamaban a est\u00e1r \u00abmosca\u00bb con un narrador con un tono de voz bastante molesto. Un comercial barato de lo que en ese entonces eran el gobierno para poder socavar la causa del futuro comandantesupremocositaricauhahchaveznoseva, lo peor es que a\u00fan con lo chimbo y mierda del comercial, tenian un poco de raz\u00f3n (Aqu\u00ed comenz\u00f3 seg\u00fan mi percepci\u00f3n para la MUD lo que es la etapa de los videos \u00abMe iria demasiado\u00bb, buenos mensajes, malas maneras de transmitirlos)<\/p>\n<p>Mas adelante en mi vida, influenciado por mis padres form\u00e9 parte, si bien no formalmente en una instituci\u00f3n, de la juventud Chavista, dentro de la escuela a principios del bachillerato como hasta 1er a\u00f1o de diversificado estuve tratando de convertir a algunos de mis compa\u00f1eros\/as al chavismo, era una escuela privada que estaba llena en un 80%(de nuevo, me lo saco del orto pero la cifra era bastante alta) de hijos de \u00abDo\u00f1as del cafetal\u00bb, sobra decir que fall\u00e9. Sin embargo de esa experiencia me quedo plasmada la imagen del opositor com\u00fan, ese carajo que no importa lo que le dijeras y le mostraras el porqu\u00e9 el capitalismo laizes-faire (Lo escrib\u00ed bien?) era el capitalismo que reinaba en Venezuela durante la cuarta y que la soluci\u00f3n era un sistema de gobierno al estilo Canad\u00e1 que el Chavismo nos podria prove\u00e9r, \u00a0siempre te iba a salir con un \u00abLAS HORDAS CHAVISTAS VAN A IR A NUESTRAS \u00a0CASAS A ROBARSE NUESTROS TOSTIAREPAS Y MANDARAN A NUESTROS HIJOS A FORMAR PARTE DE LAS HORDAS CASTRENSES ALABADORAS DE FIDEL CASTROO!!!!!1!1!!2!!!!\u00bb, durante esa epoca tambi\u00e9n fue cuando me top\u00e9 con las primeras calles bloqueadas con Materos gigantes en la zona del Trigal en Valencia, la leyenda urbana que escuche dice que las colocaron para bloquear el paso de las hordas invasoras y como est\u00e1s nunca llegaron se olvidaron de quitarlas para mejorar el trafico vial, dicen que a\u00fan hay se\u00f1oras con sus tostiarepas bien guardados y que tienen todo listo para montar una barricada all\u00ed.<\/p>\n<p>Esta imagen del opositor com\u00fan es la que cargo a\u00fan hasta el dia de hoy, yo no solo dej\u00e9 de apoyar al Chavismo, me convert\u00ed en un opositor. El problea surgi\u00f3 cuando tuve que explicarle a la gente \u00abYo no soy Chavista, pero tampoco soy el mismo tipo de opositor que tu eres\u00bb, all\u00ed fue cuando me di cuenta que yo era un \u00abNi-Ni\u00bb y adopte esa frase para describir mi postura, independientemente de que en ese entonces y a\u00fan hoy en dia esa postura siga siendo relacionada con el carajo ladilla, El Hombre Hombrillo del que habl\u00f3 (Andreina?) en uno de sus articulos, ese carajo que maneja una Mer\u00fa y porque maneja ese carro cree que es mejor ciudadano y que le da carta libre para hacer lo que le de la gana, ese carajo que se va a la playa el dia de las elecciones porque \u00abNo soy huev\u00f3n, yo no voy a hacer cola en esa mierda para darle plata a alguien\u00bb.<\/p>\n<p>Durante esta etapa \u00abNi-Ni\u00bb, empec\u00e9 a tener mis primeros encontronazos con el Chavismo, un Chavismo con el cual no podia discutir porque siempre terminaban gritando y yo como buen ni\u00f1o menor de edad, no tenia derecho a pedir que bajaran la voz y me escucharan, a fin de cuentas \u00abSolo eres un carajito que no sabe como co\u00f1o limpiarse el culo solo\u00bb. Pero seguia teniendo mis encontronazos con esa gente de la oposici\u00f3n, esa gente rancia que tambi\u00e9n me mandaba a callar solo por ser un \u00abCarajito\u00bb y que \u00abM\u00e1s a delante entenderas \u00a0el porqu\u00e9 el Chavismo es tan malo y tu postura es la postura de un pendejo\u00bb y que \u00abNo eres capaz de entender el plan de gobierno de Manuel Rosales porque a\u00fan no te has graduado, pero existe y est\u00e1 all\u00ed y es mejor que el Chavista\u00bb (Nunca le\u00ed el plan de gobierno, pero si era remotamente parecido a sus discursos me puedo imaginar que iba por las lineas de colocar un control cambiario para controlar los precios). Fue en esa etapa cuando un grupo peque\u00f1o de mis neuronas hizo sinapsis y lograron llegar a una idea considerada por m\u00ed brillante en ese entonces: Los dos bandos son iguales, el problema son los Venezolanos y no la ideologia politica.<\/p>\n<p>&nbsp;<\/p>\n<p>Continuar\u00e9 en la siguiente entrada, si es que hay una, con mis vivencias de mi etapa post Ni-Ni, en donde me fu\u00ed mas hacia el lado de la oposici\u00f3n y empec\u00e9 con ideas de no votar como metodo de protesta y comenzaron las criticas un poco mas especificas sobre ciertos aspectos de la oposici\u00f3n, del Chavismo y del gobierno chavista.<\/p>\n<p>&nbsp;<\/p>\n<p>Son libres de comentar, excepto si sus comentarios van por las lineas de los ejemplos colocados al principio del post. Cualquier intento de decir que en USA\/Corea del Norte\/Espa\u00f1a se vive mejor ser\u00e1 contestado con argumentos sacados directamente desde las profundidades de las tres primeras paginas de google y desde fuentes neutras y verificables si es posible (Nada de \u00abNeoliberalism today\u00bb o \u00abDiario: Un Cafecito con Fidel\u00bb). Que tengan un buen dia :D<\/p>\n","protected":false},"excerpt":{"rendered":"<p>INB4: \u00abEres un apatrida pitiyankee!!!21!!!!!!! Hijito de pap\u00ed y mam\u00ed maricons\u00f3n!!!!! No volver\u00e1n!!!!\u00bb, \u00abEres un Chaburro jalabolas!!!!11!!! Bruto!!!11!!!!!\u00bb, \u00abNo tiene sentido lo que escribes porque VTV\/Globovision\/Telesur\/FoxNews Dijo lo contrario!!!!!2!!! Eres un ciego!!!!\u00bb, NO SABES ESCRIBIR Y TODO TU POST EST\u00c1 LLENO DE ERRORES ORTOGRAFICOS DE SINTAXIS!!! NI SIQUIERA SABES LO QUE ES SINTAXIS!!!!1!!!!. Ya habiendo [&hellip;]<\/p>\n","protected":false},"author":2338,"featured_media":37553,"comment_status":"open","ping_status":"open","sticky":false,"template":"","format":"standard","meta":{"jetpack_post_was_ever_published":false,"_jetpack_newsletter_access":"","_jetpack_dont_email_post_to_subs":false,"_jetpack_newsletter_tier_id":0,"_jetpack_memberships_contains_paywalled_content":false,"_jetpack_memberships_contains_paid_content":false,"footnotes":"","jetpack_publicize_message":"","jetpack_publicize_feature_enabled":true,"jetpack_social_post_already_shared":true,"jetpack_social_options":{"image_generator_settings":{"template":"highway","default_image_id":0,"font":"","enabled":false},"version":2}},"categories":[1],"tags":[2474,4260],"class_list":{"0":"post-37552","1":"post","2":"type-post","3":"status-publish","4":"format-standard","5":"has-post-thumbnail","7":"category-azares","8":"tag-confesionario-2","9":"tag-descontento"},"jetpack_publicize_connections":[],"jetpack_featured_media_url":"https:\/\/i0.wp.com\/www.panfletonegro.com\/v\/wp-content\/uploads\/2013\/05\/22849135.jpg?fit=400%2C300&ssl=1","jetpack_shortlink":"https:\/\/wp.me\/pfpCD-9LG","jetpack_sharing_enabled":true,"_links":{"self":[{"href":"https:\/\/www.panfletonegro.com\/v\/wp-json\/wp\/v2\/posts\/37552","targetHints":{"allow":["GET"]}}],"collection":[{"href":"https:\/\/www.panfletonegro.com\/v\/wp-json\/wp\/v2\/posts"}],"about":[{"href":"https:\/\/www.panfletonegro.com\/v\/wp-json\/wp\/v2\/types\/post"}],"author":[{"embeddable":true,"href":"https:\/\/www.panfletonegro.com\/v\/wp-json\/wp\/v2\/users\/2338"}],"replies":[{"embeddable":true,"href":"https:\/\/www.panfletonegro.com\/v\/wp-json\/wp\/v2\/comments?post=37552"}],"version-history":[{"count":0,"href":"https:\/\/www.panfletonegro.com\/v\/wp-json\/wp\/v2\/posts\/37552\/revisions"}],"wp:featuredmedia":[{"embeddable":true,"href":"https:\/\/www.panfletonegro.com\/v\/wp-json\/wp\/v2\/media\/37553"}],"wp:attachment":[{"href":"https:\/\/www.panfletonegro.com\/v\/wp-json\/wp\/v2\/media?parent=37552"}],"wp:term":[{"taxonomy":"category","embeddable":true,"href":"https:\/\/www.panfletonegro.com\/v\/wp-json\/wp\/v2\/categories?post=37552"},{"taxonomy":"post_tag","embeddable":true,"href":"https:\/\/www.panfletonegro.com\/v\/wp-json\/wp\/v2\/tags?post=37552"}],"curies":[{"name":"wp","href":"https:\/\/api.w.org\/{rel}","templated":true}]}}