{"id":36967,"date":"2013-04-17T05:26:22","date_gmt":"2013-04-17T09:56:22","guid":{"rendered":"http:\/\/www.panfletonegro.com\/v\/?p=36967"},"modified":"2013-04-17T05:26:22","modified_gmt":"2013-04-17T09:56:22","slug":"la-represion-y-la-manipulacion-mediatica","status":"publish","type":"post","link":"https:\/\/www.panfletonegro.com\/v\/2013\/04\/17\/la-represion-y-la-manipulacion-mediatica\/","title":{"rendered":"La represi\u00f3n y la manipulaci\u00f3n medi\u00e1tica."},"content":{"rendered":"<p><span class=\"embed-youtube\" style=\"text-align:center; display: block;\"><iframe loading=\"lazy\" class=\"youtube-player\" width=\"696\" height=\"392\" src=\"https:\/\/www.youtube.com\/embed\/2QvIn00gcng?version=3&#038;rel=1&#038;showsearch=0&#038;showinfo=1&#038;iv_load_policy=1&#038;fs=1&#038;hl=es-ES&#038;autohide=2&#038;wmode=transparent\" allowfullscreen=\"true\" style=\"border:0;\" sandbox=\"allow-scripts allow-same-origin allow-popups allow-presentation allow-popups-to-escape-sandbox\"><\/iframe><\/span><\/p>\n<p>Ha aparecido en las noticias de Venezuela la declaraci\u00f3n de Daniel Andr\u00e9s Rond\u00f3n, el muchacho de 22 a\u00f1os que comparti\u00f3 en Facebook, el d\u00eda despu\u00e9s de las elecciones, una foto donde se pod\u00eda ver c\u00f3mo los militares venezolanos quemaban cajas llenas de votos. Esta foto fue tomada en el a\u00f1o 2010 y fue hecha p\u00fablica por el Consejo Nacional Electoral pues esas cajas conten\u00edan los votos de las elecciones de la Asamblea y, seg\u00fan permite la ley, fueron quemadas pues ya no eran necesarias. El delito de Rond\u00f3n fue haber confundido, intencionalmente o no, las fechas de la quema, y, seg\u00fan las autoridades, crear zozobra en la poblaci\u00f3n, haciendo pensar que los militares estaban quemando las cajas del proceso electoral de este domingo mientras la oposici\u00f3n ped\u00eda un reconteo de votos. No lo ayud\u00f3 su \u00e9xito: la foto se volvi\u00f3 tan viral que pronto toda el delirio colectivo de quienes quer\u00edan reconteo de votos arrastr\u00f3 a los mismos medios de comunicaci\u00f3n, quienes, muy irresponsablemente, publicaron las fotos sin revisar la fuente.<\/p>\n<p>He sido siempre muy contrario a la des-informaci\u00f3n en Venezuela y a la guerra medi\u00e1tica que canales como Globovisi\u00f3n (opositor) o VTV (chavista) hacen en la poblaci\u00f3n, y estas im\u00e1genes desde que las vi la primera vez me hicieron sospechar y cuando me enter\u00e9 de la verdad me molest\u00f3 que, en un pa\u00eds como Venezuela, donde se consume much\u00edsima tecnolog\u00eda y los medios de comunicaci\u00f3n est\u00e1n parcializados, una verdadera insurrecci\u00f3n ciudadana podr\u00eda ocurrir a trav\u00e9s de las redes sociales pero solamente podr\u00eda pasar si se buscaran hechos ciertos en vez de jugar a lo mismo que ha hecho la televisi\u00f3n tantos a\u00f1os.<\/p>\n<p>Sin embargo, no puedo aprobar esta agresi\u00f3n contra el derecho a la libertad de expresi\u00f3n, por lo menos no la puedo aprobar si seguimos con el teatro de que esto es una democracia, as\u00ed como no apruebo las acciones que han tomado gobiernos como el de Rusia, de Estados Unidos y de los pa\u00edses \u00e1rabes contra los usuarios de internet que les reman en contra. Para m\u00ed, el hecho de que este muchacho, aparezca declarando un texto que evidentemente est\u00e1 leyendo, con la voz quebrada y la mirada asustada, nos demuestra que se vive en un sistema con todas las cosas malas de una dictadura pero sin la organizaci\u00f3n de \u00e9sta, con todos los medios para reprimir pero sin ninguno para resolver nada. Este video es un documento para dar miedo, para crear zozobra, el mismo delito del que se culpa a Rond\u00f3n.<\/p>\n<p>Apoyo a las redes sociales y creo que se pueden tambi\u00e9n tumbar gobiernos por all\u00ed, as\u00ed como apoyo a la prensa, pero en Venezuela se est\u00e1n utilizando s\u00f3lo para manipular, de forma parcializada y muchas veces cayendo en el exceso de la ridiculez (como esas fotos con Capriles bendecido por Jesucristo). Hasta que los medios y aqu\u00ed no s\u00f3lo meto a los periodistas sino tambi\u00e9n a los humoristas, a los caricaturistas, a los locutores, a los presentadores de la televisi\u00f3n, hasta que todos ellos sigan parcializados y optando por la salida f\u00e1cil, la de buscar lazos emocionales y no racionales, la guerra seguir\u00e1 el mismo curso que lleva, en este \u00abtoma y dame\u00bb pero todo irresoluto.<\/p>\n<p>Maduro empieza su gobierno con mal pie, con un pa\u00eds m\u00e1s dividido que el que ten\u00eda Ch\u00e1vez (que es ya decir mucho), y sobre todo con la certeza de que en tres semanas de campa\u00f1a logr\u00f3 perder un mill\u00f3n de votos que ten\u00eda el chavismo asegurado, esto por su mala gesti\u00f3n ante la muerte del comandante, su discurso lleno de formas absurdas y poco contenido, y por preferir la represi\u00f3n al di\u00e1logo. <\/p>\n<p>No soy opositor pero una gran parte de los venezolanos est\u00e1n hartos de tantas promesas incumplidas, de tanta violencia y sobre todo de tanta mediocridad. Por ello hago un llamado a todos para luchar contra esa mediocridad, con cosas tan simples como confirmar la fuente, para no perder la credibilidad ni caer en el juego de ser una mitad y no un todo, de ver las cosas buenas que hizo el chavismo y analizar las cosas malas que hizo, de igual forma con la oposici\u00f3n, porque s\u00f3lo las certezas pueden guiarnos. Hay que acabar tambi\u00e9n con la manipulaci\u00f3n y la mediocridad en nosotros mismos. <\/p>\n<p>Rond\u00f3n es uno de los casos m\u00e1s escandalosos del inicio de este gobierno y me duele que la gente est\u00e9 m\u00e1s pendiente de ir o no a marchar si se los dice \u00abel flaco\u00bb en vez de apoyar a este muchacho, darle fuerzas, y lo digo porque he estado preso en marchas y me he sentido solo, porque cuando caes, todo ese grupo bravo que hoy vemos en la calle, se va corriendo cobardemente, dejando atr\u00e1s al que se qued\u00f3, as\u00ed como vivimos nuestro d\u00eda a d\u00eda criollo, \u00abquien pueda que se salve\u00bb. Rond\u00f3n seguramente votar\u00e1 por Maduro en unas posibles elecciones o no votar\u00e1 m\u00e1s porque ante las amenazas y probablemente los golpes que le dieron, la oposici\u00f3n no le dio nada para sentir fuerzas, todos est\u00e1n preocupados por la seguridad de Capriles pero ninguno por la seguridad de la colectividad y as\u00ed, el movimiento caprilista se vuelve, como el chavista, aquel de un hombre, no el de un grupo.<\/p>\n<p>Giulio Vita<br \/>\n<a href=\"http:\/\/www.twitter.com\/elreytuqueque\">@elreytuqueque<\/a><br \/>\nwww.elreytuqueque.com<\/p>\n","protected":false},"excerpt":{"rendered":"<p>Ha aparecido en las noticias de Venezuela la declaraci\u00f3n de Daniel Andr\u00e9s Rond\u00f3n, el muchacho de 22 a\u00f1os que comparti\u00f3 en Facebook, el d\u00eda despu\u00e9s de las elecciones, una foto donde se pod\u00eda ver c\u00f3mo los militares venezolanos quemaban cajas llenas de votos. Esta foto fue tomada en el a\u00f1o 2010 y fue hecha p\u00fablica [&hellip;]<\/p>\n","protected":false},"author":1116,"featured_media":0,"comment_status":"open","ping_status":"open","sticky":false,"template":"","format":"standard","meta":{"jetpack_post_was_ever_published":false,"_jetpack_newsletter_access":"","_jetpack_dont_email_post_to_subs":false,"_jetpack_newsletter_tier_id":0,"_jetpack_memberships_contains_paywalled_content":false,"_jetpack_memberships_contains_paid_content":false,"footnotes":"","jetpack_publicize_message":"","jetpack_publicize_feature_enabled":true,"jetpack_social_post_already_shared":true,"jetpack_social_options":{"image_generator_settings":{"template":"highway","default_image_id":0,"font":"","enabled":false},"version":2}},"categories":[3],"tags":[1756,2504,2440,470,2503],"class_list":{"0":"post-36967","1":"post","2":"type-post","3":"status-publish","4":"format-standard","6":"category-descontento","7":"tag-capriles","8":"tag-el-rey-tuqueque","9":"tag-maduro","10":"tag-represion","11":"tag-rondon"},"jetpack_publicize_connections":[],"jetpack_featured_media_url":"","jetpack_shortlink":"https:\/\/wp.me\/pfpCD-9Cf","jetpack_sharing_enabled":true,"_links":{"self":[{"href":"https:\/\/www.panfletonegro.com\/v\/wp-json\/wp\/v2\/posts\/36967","targetHints":{"allow":["GET"]}}],"collection":[{"href":"https:\/\/www.panfletonegro.com\/v\/wp-json\/wp\/v2\/posts"}],"about":[{"href":"https:\/\/www.panfletonegro.com\/v\/wp-json\/wp\/v2\/types\/post"}],"author":[{"embeddable":true,"href":"https:\/\/www.panfletonegro.com\/v\/wp-json\/wp\/v2\/users\/1116"}],"replies":[{"embeddable":true,"href":"https:\/\/www.panfletonegro.com\/v\/wp-json\/wp\/v2\/comments?post=36967"}],"version-history":[{"count":0,"href":"https:\/\/www.panfletonegro.com\/v\/wp-json\/wp\/v2\/posts\/36967\/revisions"}],"wp:attachment":[{"href":"https:\/\/www.panfletonegro.com\/v\/wp-json\/wp\/v2\/media?parent=36967"}],"wp:term":[{"taxonomy":"category","embeddable":true,"href":"https:\/\/www.panfletonegro.com\/v\/wp-json\/wp\/v2\/categories?post=36967"},{"taxonomy":"post_tag","embeddable":true,"href":"https:\/\/www.panfletonegro.com\/v\/wp-json\/wp\/v2\/tags?post=36967"}],"curies":[{"name":"wp","href":"https:\/\/api.w.org\/{rel}","templated":true}]}}