{"id":36932,"date":"2013-04-16T06:34:31","date_gmt":"2013-04-16T11:04:31","guid":{"rendered":"http:\/\/www.panfletonegro.com\/v\/?p=36932"},"modified":"2014-06-07T11:51:14","modified_gmt":"2014-06-07T16:21:14","slug":"relato-de-insomnio","status":"publish","type":"post","link":"https:\/\/www.panfletonegro.com\/v\/2013\/04\/16\/relato-de-insomnio\/","title":{"rendered":"Relato de insomnio"},"content":{"rendered":"<p>Probablemente, no soy la \u00fanica venezolana con el sue\u00f1o interrumpido. En horas de la madrugada y sin poder pegar un ojo, pensando, pensando en el d\u00eda de ma\u00f1ana, en los d\u00edas del ma\u00f1ana.<\/p>\n<p>Atentos todos a nuevos acontecimientos, compartimos la sensaci\u00f3n de tener el cerebro revuelto, el coraz\u00f3n cansado de que nos importe tanto. Familias divididas, en las que hace apenas 15 a\u00f1os se hablaba el mismo idioma, pero ahora viven y creen realidades adversas. Ya no sabemos ni quienes somos, solo que, a favor o en contra del gobierno, a todos nos duele el alma.<\/p>\n<p>Hace 14 a\u00f1os la estrategia electoral fue la divisi\u00f3n de los venezolanos, y c\u00f3mo ha funcionado. Lo que comenz\u00f3 siendo una minor\u00eda y una mayor\u00eda son ahora dos mitades. Toditos ca\u00edmos en el juego: Oficialistas vs. Opositores (sin utilizar t\u00e9rminos despectivos para ninguna de las partes). Se establecieron las reglas del juego y cada qui\u00e9n tuvo que elegir postura y pertenecer a un bando, negro o blanco, a pesar de lo diversos que somos, de que cada uno es un individuo \u00fanico que tuvo una \u00fanica familia, con la crianza y las oportunidades que le tocaron.<\/p>\n<p>En ese momento yo ten\u00eda 12 a\u00f1os, hoy tengo 26. Estaba en el bachillerato, ahora soy una profesional. Me pregunto, qui\u00e9n soy?<\/p>\n<p>En primer lugar soy venezolana, amo Venezuela. Estando lejos la extra\u00f1an mis 5 sentidos. Nada mejor que tener d\u00edas y d\u00edas para explorarla, pararse en cada punto del camino a hacer una fotograf\u00eda con el \u00e1nimo de nunca olvidar esa hermosa vista, de llev\u00e1rmela conmigo, adonde quiera que yo vaya.<\/p>\n<p>En segundo lugar, yo no soy una oligarca. Pues oposici\u00f3n y oligarqu\u00eda no son la misma cosa, aunque nos hayan querido hacer creerlo. Por lo menos yo, pertenezco a la clase media.<\/p>\n<p>Como soy una persona relativamente joven, no tengo experiencia cercana a lo que ocurr\u00eda en Venezuela antes de mi edad de conciencia. Dicen que los pobres eran excluidos por los ricos. Pero nadie habla de la clase media. Entiendo que simplemente no hab\u00eda mayor participaci\u00f3n de los ciudadanos , la gente com\u00fan no viv\u00eda pendiente de la pol\u00edtica, eso se lo dejaban a los que viv\u00edan de la pol\u00edtica y a la gente con plata que era la que invert\u00eda, ten\u00eda empresas de mayor escala, etc.<\/p>\n<p>Lo que le toc\u00f3 vivir a mi generaci\u00f3n fue muy diferente. Actualmente, todo el mundo est\u00e1 pendiente de lo que pasa con el pa\u00eds, no importa de qu\u00e9 clase seas, o el lugar del mundo donde te encuentres. Las cosas han cambiado mucho, y aunque para este gobierno los supuestos protagonistas hayan sido los de menos recursos desde el principio, debo decir que mi \u201cclase\u201d tambi\u00e9n ha cambiado, tambi\u00e9n se ha incluido. La clase media tiene ahora tambi\u00e9n un lugar, una voz, esa es mi voz. Y nos hemos incluido a pesar de la resistencia de nuestros mandatarios, que buscaron polarizar al extremo, y hasta el d\u00eda de hoy no nos han querido reconocer.<\/p>\n<p>Cada d\u00eda quisiera ser mejor, buscar la serenidad y la paz, dejar de intentar entender o convencer a los que piensan distinto a mi. Pido disculpas. Es solo que pido a gritos que alguien nos entienda, a nosotros, los de la clase media.<\/p>\n<p>Para aquellos, de cualquier clase, que no creen que un cambio es necesario, les digo:<\/p>\n<p>Yo soy arquitecto, me cost\u00f3 mucho lograrlo, mucho tiempo, crecimiento, disciplina. Estudi\u00e9 en dos de las mejores universidades p\u00fablicas del pa\u00eds. Mis padres me dieron casa, comida, ropa, educaci\u00f3n. Mis herramientas de trabajo las gan\u00e9 con mi propio esfuerzo, utilizando los conocimientos y habilidades que ellos generosamente me heredaron. Nunca fui a Disney ni a Europa, siempre compart\u00ed el cuarto con mi hermana, me he movido en autob\u00fas desde que tengo edad suficiente para hacerlo sola.<\/p>\n<p>Con mis 26 a\u00f1os, pienso en mi futuro.<\/p>\n<p>Necesito un espacio para vivir, mis papas no tienen casas extras para darme y tampoco quiero ir a misi\u00f3n vivienda, un antro de violencia. Necesito algo en la mitad.<\/p>\n<p>Quiero encontrar una pareja y hacer equipo, hacer una familia. No puedo costear el mejor m\u00e9dico o la mejor cl\u00ednica, pero tampoco quiero ir a un barrio adentro a tener a mis hijos. Necesito algo en la mitad.<\/p>\n<p>Necesito trasladarme de manera segura. No puedo costear un carro nuevo que no me deje botada en cualquier lugar, pero tampoco quiero seguir viajando en un autob\u00fas sucio, en mal estado, con un conductor descontento que me trata a las patadas. Necesito algo en la mitad.<\/p>\n<p>Quiero viajar y conocer mi pa\u00eds y el mundo. No tengo dinero para pasajes ni hoteles, pero tampoco puedo quedarme y acampar en una playa o aventurarme por la inseguridad. Necesito algo en la mitad.<\/p>\n<p>Necesito prepararme m\u00e1s. Ser competente en mi profesion a nivel mundial. Estudiar con la tecnolog\u00eda y recursos necesarios. No puedo costear la mejor universidad, pero tampoco quiero estudiar en una misi\u00f3n que no me garantiza calidad, ni competencia ni trabajo. Necesito algo en la mitad.<\/p>\n<p>Quiero salir, respirar y sentir el tr\u00f3pico hermoso que me regal\u00f3 la vida, en la ma\u00f1ana, en la noche y en la madrugada. Quiero correr, ir a la monta\u00f1a, andar en bicicleta, mirar la luna llena. Soy una mujer sola. Pero quiero vivir la vida y disfrutar mi soledad, sin miedo.<\/p>\n<p>A todos aquellos que est\u00e9n c\u00f3modos por una u otra raz\u00f3n, que no necesitan un cambio. Dennos la oportunidad a aquellos que si necesitamos ayuda, que necesitamos ser incluidos en el discurso. Porque solos no podemos.<\/p>\n<p>Solo quiero las condiciones para independizarme y progresar. Tranquilitos que el trabajo yo lo hago, yo me fajo para conseguirlo, me levanto temprano a diario y soy honesta.<\/p>\n<p>Por esto voto, por esto salgo a la calle, por esto protesto. Por una vida feliz y realizada, tranquila, satisfecha, para mis padres, mis hermanos, mis primos, mis t\u00edos, mis amigos, todos mis queridos y amados venezolanos. Por eso lucho y amo este incre\u00edble espacio, el \u00fanico que me pertenece, mi \u00fanica casa: Venezuela.<\/p>\n<p>Qui\u00e9n me acompa\u00f1a?<\/p>\n","protected":false},"excerpt":{"rendered":"<p>Probablemente, no soy la \u00fanica venezolana con el sue\u00f1o interrumpido. En horas de la madrugada y sin poder pegar un ojo, pensando, pensando en el d\u00eda de ma\u00f1ana, en los d\u00edas del ma\u00f1ana. Atentos todos a nuevos acontecimientos, compartimos la sensaci\u00f3n de tener el cerebro revuelto, el coraz\u00f3n cansado de que nos importe tanto. Familias [&hellip;]<\/p>\n","protected":false},"author":2366,"featured_media":0,"comment_status":"open","ping_status":"open","sticky":false,"template":"","format":"standard","meta":{"jetpack_post_was_ever_published":false,"_jetpack_newsletter_access":"","_jetpack_dont_email_post_to_subs":false,"_jetpack_newsletter_tier_id":0,"_jetpack_memberships_contains_paywalled_content":false,"_jetpack_memberships_contains_paid_content":false,"footnotes":"","jetpack_publicize_message":"","jetpack_publicize_feature_enabled":true,"jetpack_social_post_already_shared":true,"jetpack_social_options":{"image_generator_settings":{"template":"highway","default_image_id":0,"font":"","enabled":false},"version":2}},"categories":[2439],"tags":[2499,2500,446,2501,124,2416,1090,44],"class_list":{"0":"post-36932","1":"post","2":"type-post","3":"status-publish","4":"format-standard","6":"category-arte","7":"tag-clase-media","8":"tag-division","9":"tag-familia","10":"tag-oportunidades","11":"tag-politica","12":"tag-progreso","13":"tag-realidad","14":"tag-venezuela"},"jetpack_publicize_connections":[],"jetpack_featured_media_url":"","jetpack_shortlink":"https:\/\/wp.me\/pfpCD-9BG","jetpack_sharing_enabled":true,"_links":{"self":[{"href":"https:\/\/www.panfletonegro.com\/v\/wp-json\/wp\/v2\/posts\/36932","targetHints":{"allow":["GET"]}}],"collection":[{"href":"https:\/\/www.panfletonegro.com\/v\/wp-json\/wp\/v2\/posts"}],"about":[{"href":"https:\/\/www.panfletonegro.com\/v\/wp-json\/wp\/v2\/types\/post"}],"author":[{"embeddable":true,"href":"https:\/\/www.panfletonegro.com\/v\/wp-json\/wp\/v2\/users\/2366"}],"replies":[{"embeddable":true,"href":"https:\/\/www.panfletonegro.com\/v\/wp-json\/wp\/v2\/comments?post=36932"}],"version-history":[{"count":0,"href":"https:\/\/www.panfletonegro.com\/v\/wp-json\/wp\/v2\/posts\/36932\/revisions"}],"wp:attachment":[{"href":"https:\/\/www.panfletonegro.com\/v\/wp-json\/wp\/v2\/media?parent=36932"}],"wp:term":[{"taxonomy":"category","embeddable":true,"href":"https:\/\/www.panfletonegro.com\/v\/wp-json\/wp\/v2\/categories?post=36932"},{"taxonomy":"post_tag","embeddable":true,"href":"https:\/\/www.panfletonegro.com\/v\/wp-json\/wp\/v2\/tags?post=36932"}],"curies":[{"name":"wp","href":"https:\/\/api.w.org\/{rel}","templated":true}]}}