{"id":36854,"date":"2013-04-12T16:30:17","date_gmt":"2013-04-12T21:00:17","guid":{"rendered":"http:\/\/www.panfletonegro.com\/v\/?p=36854"},"modified":"2013-04-12T16:44:14","modified_gmt":"2013-04-12T21:14:14","slug":"vota-pajuo","status":"publish","type":"post","link":"https:\/\/www.panfletonegro.com\/v\/2013\/04\/12\/vota-pajuo\/","title":{"rendered":"\u00bfVOTA PAJUO?"},"content":{"rendered":"<figure id=\"attachment_36859\" aria-describedby=\"caption-attachment-36859\" style=\"width: 300px\" class=\"wp-caption aligncenter\"><a href=\"https:\/\/i0.wp.com\/www.panfletonegro.com\/v\/wp-content\/uploads\/2013\/04\/facebook-cover.jpg\"><img data-recalc-dims=\"1\" loading=\"lazy\" decoding=\"async\" data-attachment-id=\"36859\" data-permalink=\"https:\/\/www.panfletonegro.com\/v\/2013\/04\/12\/vota-pajuo\/facebook-cover\/\" data-orig-file=\"https:\/\/i0.wp.com\/www.panfletonegro.com\/v\/wp-content\/uploads\/2013\/04\/facebook-cover.jpg?fit=854%2C318&amp;ssl=1\" data-orig-size=\"854,318\" data-comments-opened=\"1\" data-image-meta=\"{&quot;aperture&quot;:&quot;0&quot;,&quot;credit&quot;:&quot;&quot;,&quot;camera&quot;:&quot;&quot;,&quot;caption&quot;:&quot;&quot;,&quot;created_timestamp&quot;:&quot;0&quot;,&quot;copyright&quot;:&quot;&quot;,&quot;focal_length&quot;:&quot;0&quot;,&quot;iso&quot;:&quot;0&quot;,&quot;shutter_speed&quot;:&quot;0&quot;,&quot;title&quot;:&quot;&quot;}\" data-image-title=\"facebook cover\" data-image-description=\"&lt;p&gt;@elreytuqueque&lt;\/p&gt;\n\" data-image-caption=\"&lt;p&gt;www.elreytuqueque.com&lt;\/p&gt;\n\" data-large-file=\"https:\/\/i0.wp.com\/www.panfletonegro.com\/v\/wp-content\/uploads\/2013\/04\/facebook-cover.jpg?fit=696%2C259&amp;ssl=1\" class=\"size-medium wp-image-36859 \" alt=\"Tuquecadas\" src=\"https:\/\/i0.wp.com\/www.panfletonegro.com\/v\/wp-content\/uploads\/2013\/04\/facebook-cover-300x111.jpg?resize=300%2C111\" width=\"300\" height=\"111\" srcset=\"https:\/\/i0.wp.com\/www.panfletonegro.com\/v\/wp-content\/uploads\/2013\/04\/facebook-cover.jpg?resize=300%2C111&amp;ssl=1 300w, https:\/\/i0.wp.com\/www.panfletonegro.com\/v\/wp-content\/uploads\/2013\/04\/facebook-cover.jpg?resize=320%2C119&amp;ssl=1 320w, https:\/\/i0.wp.com\/www.panfletonegro.com\/v\/wp-content\/uploads\/2013\/04\/facebook-cover.jpg?resize=145%2C53&amp;ssl=1 145w, https:\/\/i0.wp.com\/www.panfletonegro.com\/v\/wp-content\/uploads\/2013\/04\/facebook-cover.jpg?resize=495%2C184&amp;ssl=1 495w, https:\/\/i0.wp.com\/www.panfletonegro.com\/v\/wp-content\/uploads\/2013\/04\/facebook-cover.jpg?resize=670%2C249&amp;ssl=1 670w, https:\/\/i0.wp.com\/www.panfletonegro.com\/v\/wp-content\/uploads\/2013\/04\/facebook-cover.jpg?w=854&amp;ssl=1 854w\" sizes=\"auto, (max-width: 300px) 100vw, 300px\" \/><\/a><figcaption id=\"caption-attachment-36859\" class=\"wp-caption-text\">www.elreytuqueque.com<\/figcaption><\/figure>\n<p>Esta ma\u00f1ana me despert\u00e9 con un video muy extra\u00f1o que llamaba a votar a los venezolanos que estamos en el exterior. Yo, opositor a la democracia de mi pa\u00eds y por ello y otras cosas no votante, s\u00f3lo sent\u00ed que mi decisi\u00f3n de no participar en este proceso, tiene ahora m\u00e1s sentido que nunca.<\/p>\n<p>El video muestra c\u00f3mo muchos venezolanos que se han ido de su pa\u00eds a la b\u00fasqueda de un sue\u00f1o, se han visto obligados a hacer otros trabajos y hace entender que el hecho de que no te sacrifiques como lo haces en un pa\u00eds extranjero, te convierte en \u00abpajuo\u00bb, digamos \u00abvendepatria\u00bb. Esto es un argumento que he escuchado en muchos venezolanos nacionalistas que, como todos los nacionalistas, se ciegan con argumentos absurdos, como que un verdadero patriota no se va de su patria y mucho menos a hacer \u00abtrabajuchos\u00bb, porque el autor, de forma bastante evidente, deja ver su alergia por los trabajos dignos que, por otro lado, la mayor\u00eda de los venezolanos desempe\u00f1an.<br \/>\nLo del nacionalismo nunca lo he entendido. Esa pendejada de que \u00abesta tierra nos vio crecer y le debemos todo\u00bb. Eso no es verdad. Como partes de una sociedad debemos ayudar a mejorar a nuestro entorno, pero, si el entorno est\u00e1 en tu contra, no est\u00e1 mal abandonarlo.<\/p>\n<p>Irse a otro pa\u00eds no es una decisi\u00f3n f\u00e1cil ni mucho menos tranquila. Abandonar el nido siempre es traum\u00e1tico, adaptarse a nuevas costumbres, otros c\u00f3digos ling\u00fc\u00edsticos, otras formas de socializar, de vivir, de comer, de divertirse, de amar, de sufrir. El emigrante nunca la ha tenido f\u00e1cil y, en mi caso, desde afuera he visto muchos venezolanos que han encontrado lo dignificante de hacer un trabajo bien y ser recompensado por ello, sin chanchullear como nos acostumbra nuestro pa\u00eds, sin joder al otro y sin ning\u00fan miedo de sentir verg\u00fcenza. El tema de la dignidad es muy raro en la Venezuela de clase media y clase media-alta. Pareciera menos digno ser camarero a traficar con cupos de cadivi, o ser recepcionista en vez de ser banquero. Para m\u00ed no es menos digno limpiar un ba\u00f1o ni reparar aver\u00edas el\u00e9ctricas. Lo que me parece menos digno es vivir de mis padres toda la vida con todos mis privilegios saciados, quejarme de \u00ablos malandros\u00bb, \u00abde los marginales\u00bb y no hacer nada para ayudar a los ni\u00f1os a que no tengan que delinquir. Me parece menos digno insultar a otros que no la piensan como t\u00fa o calificarlos de menos venezolanos porque tuvieron el valor de buscar salida en otro lugar y labrar su destino.<\/p>\n<p>\u00daltimamente me han atacado muchos dici\u00e9ndome que no soy venezolano y hasta que seguramente mi secuestro nunca ocurri\u00f3, as\u00ed de triste ha llegado a ser la situaci\u00f3n de segregaci\u00f3n que vivimos en Venezuela, un pa\u00eds donde s\u00f3lo funciona el espect\u00e1culo y la racionalidad ha perdido tanto valor como la moneda nacional. A todos esos fascistoides que se molestan porque no voto por Capriles y critico las t\u00e1cticas de la oposici\u00f3n, les digo que dejen de leerme porque ustedes no quieren un cambio para el pa\u00eds, s\u00f3lo quieren llegar al poder y volver al mismo chanchullo. De lo contrario, no ser\u00edan tan bribones durante el d\u00eda a d\u00eda, no ser\u00edan tan intolerantes ahora ni mucho menos tan mediocres.<\/p>\n<p>Este video es un documento que s\u00f3lo puede causar desprecio a todos los que hemos estado lejos de nuestra tierra, como eternos emigrantes, y que no logramos conectar con ning\u00fan lado porque nuestras ra\u00edces nos dejan cada d\u00eda m\u00e1s solos, nos reclaman habernos ido. Sin embargo, y hablo por m\u00ed solamente, recuerdo que el d\u00eda que decid\u00ed irme, mientras mi carro estaba destruido por veinte motorizados en pleno cruce entre La Trinidad y Los Samanes a las doce del mediod\u00eda, nadie se detuvo a ayudarme, ni siquiera una querida amiga del colegio \u00abque me vio pero no ten\u00eda tiempo\u00bb ni mucho menos se molestaron con aquel camionero que se detuvo a decirme \u00abAy sifrinito, \u00bfqu\u00e9 te pas\u00f3? \u00bfte jodieron el carro? \u00a1Anda a a llorar con tu papi!\u00bb. Ninguna de estas cosas me ha ocurrido en Espa\u00f1a ni en Italia, pa\u00edses en los que he tenido la oportunidad de vivir. No s\u00e9 si tener doble pasaporte es una situaci\u00f3n privilegiada. Tal vez para muchos s\u00ed. Yo no estoy seguro si ser eternamente emigrante es un privilegio o una maldici\u00f3n pero esa es otra discusi\u00f3n.<\/p>\n<p>Todos aquellos venezolanos que estamos fuera de Venezuela y seguimos escribiendo sobre la situaci\u00f3n del pa\u00eds, todos los que seguimos intentando quitar telara\u00f1as entre tanta guerra medi\u00e1tica, no lo hacemos por otra cosa que por amor al lugar de donde venimos. Por mi parte no es tanto por nacionalismo porque ser\u00eda rid\u00edculo sino por nostalgia y cari\u00f1o, porque me hierve la sangre ver c\u00f3mo se hunde un proyecto que podr\u00eda ser tan bueno. Sigo creyendo en el di\u00e1logo, a pesar de los insultos, por lo que no los eliminar\u00e9 y seguir\u00e9 respondi\u00e9ndoles pero todos tenemos que empezar a ser menos soberbios y ponernos en los zapatos de los dem\u00e1s.<\/p>\n<p>Trabajar de barrendero est\u00e1 bien y est\u00e1 mucho mejor hacerlo en Canad\u00e1 que en Venezuela por much\u00edsimas razones. Para empezar, la seguridad. As\u00ed seas un barrendero con un t\u00edtulo en ingenier\u00eda porque en Venezuela seguramente ganar\u00edas menos. No culpemos a los que se han ido. Esos son las consecuencias. Culpemos a las causas. Busqu\u00e9moslas tambi\u00e9n dentro de nuestras reacciones. Seamos justos cuando se trata de buscar culpables y responsables.<\/p>\n<p>En cuanto a estas elecciones, no votar\u00e9 y de coraz\u00f3n espero que gane Maduro para que el chavismo termine de morir por su propio peso, y ustedes, opositores, aprendan a apagar el televisor de vez en cuando y empiecen por pensar qu\u00e9 ha ocurrido en Venezuela durante estos 60 a\u00f1os de historia y c\u00f3mo se han comportado ustedes y luego, despu\u00e9s de hacer ese examen completo, comiencen a ver el otro pero con ganas de dialogar, no de imponer un modelo de pensamiento que para eso tenemos el presente.<\/p>\n<p>Giulio Vita<br \/>\n@elreytuqueque<\/p>\n<p>Aqu\u00ed tengo algunas reflexiones sobre los exilios: http:\/\/www.elreytuqueque.com\/search\/label\/EXILIOS<\/p>\n","protected":false},"excerpt":{"rendered":"<p>Esta ma\u00f1ana me despert\u00e9 con un video muy extra\u00f1o que llamaba a votar a los venezolanos que estamos en el exterior. Yo, opositor a la democracia de mi pa\u00eds y por ello y otras cosas no votante, s\u00f3lo sent\u00ed que mi decisi\u00f3n de no participar en este proceso, tiene ahora m\u00e1s sentido que nunca. El [&hellip;]<\/p>\n","protected":false},"author":1116,"featured_media":36856,"comment_status":"open","ping_status":"open","sticky":false,"template":"","format":"standard","meta":{"jetpack_post_was_ever_published":false,"_jetpack_newsletter_access":"","_jetpack_dont_email_post_to_subs":false,"_jetpack_newsletter_tier_id":0,"_jetpack_memberships_contains_paywalled_content":false,"_jetpack_memberships_contains_paid_content":false,"footnotes":"","jetpack_publicize_message":"","jetpack_publicize_feature_enabled":true,"jetpack_social_post_already_shared":true,"jetpack_social_options":{"image_generator_settings":{"template":"highway","default_image_id":0,"font":"","enabled":false},"version":2}},"categories":[3],"tags":[1756,2440,1794,1809,2491],"class_list":{"0":"post-36854","1":"post","2":"type-post","3":"status-publish","4":"format-standard","5":"has-post-thumbnail","7":"category-descontento","8":"tag-capriles","9":"tag-maduro","10":"tag-rey-tuqueque","11":"tag-tuqueque","12":"tag-vota-pajuo"},"jetpack_publicize_connections":[],"jetpack_featured_media_url":"https:\/\/i0.wp.com\/www.panfletonegro.com\/v\/wp-content\/uploads\/2013\/04\/cabeceratuqueque.png?fit=962%2C284&ssl=1","jetpack_shortlink":"https:\/\/wp.me\/pfpCD-9Aq","jetpack_sharing_enabled":true,"_links":{"self":[{"href":"https:\/\/www.panfletonegro.com\/v\/wp-json\/wp\/v2\/posts\/36854","targetHints":{"allow":["GET"]}}],"collection":[{"href":"https:\/\/www.panfletonegro.com\/v\/wp-json\/wp\/v2\/posts"}],"about":[{"href":"https:\/\/www.panfletonegro.com\/v\/wp-json\/wp\/v2\/types\/post"}],"author":[{"embeddable":true,"href":"https:\/\/www.panfletonegro.com\/v\/wp-json\/wp\/v2\/users\/1116"}],"replies":[{"embeddable":true,"href":"https:\/\/www.panfletonegro.com\/v\/wp-json\/wp\/v2\/comments?post=36854"}],"version-history":[{"count":0,"href":"https:\/\/www.panfletonegro.com\/v\/wp-json\/wp\/v2\/posts\/36854\/revisions"}],"wp:featuredmedia":[{"embeddable":true,"href":"https:\/\/www.panfletonegro.com\/v\/wp-json\/wp\/v2\/media\/36856"}],"wp:attachment":[{"href":"https:\/\/www.panfletonegro.com\/v\/wp-json\/wp\/v2\/media?parent=36854"}],"wp:term":[{"taxonomy":"category","embeddable":true,"href":"https:\/\/www.panfletonegro.com\/v\/wp-json\/wp\/v2\/categories?post=36854"},{"taxonomy":"post_tag","embeddable":true,"href":"https:\/\/www.panfletonegro.com\/v\/wp-json\/wp\/v2\/tags?post=36854"}],"curies":[{"name":"wp","href":"https:\/\/api.w.org\/{rel}","templated":true}]}}