{"id":36623,"date":"2013-04-05T20:52:50","date_gmt":"2013-04-06T01:22:50","guid":{"rendered":"http:\/\/www.panfletonegro.com\/v\/?p=36623"},"modified":"2013-04-06T00:44:19","modified_gmt":"2013-04-06T05:14:19","slug":"por-que-prodavinci-nunca-publico-mi-comentario","status":"publish","type":"post","link":"https:\/\/www.panfletonegro.com\/v\/2013\/04\/05\/por-que-prodavinci-nunca-publico-mi-comentario\/","title":{"rendered":"\u00bfPor qu\u00e9 Prodavinci nunca public\u00f3 mi comentario?"},"content":{"rendered":"<p>[contact-form][contact-field label=&#8217;Nombre&#8217; type=&#8217;name&#8217; required=&#8217;1&#8217;\/][contact-field label=&#8217;Email&#8217; type=&#8217;email&#8217; required=&#8217;1&#8217;\/][contact-field label=&#8217;Sitio Web&#8217; type=&#8217;url&#8217;\/][contact-field label=&#8217;Comentario&#8217; type=&#8217;textarea&#8217; required=&#8217;1&#8217;\/][\/contact-form]<\/p>\n<p><a href=\"https:\/\/i0.wp.com\/www.panfletonegro.com\/v\/wp-content\/uploads\/2013\/04\/bebo-valdes.jpg\"><img data-recalc-dims=\"1\" loading=\"lazy\" decoding=\"async\" data-attachment-id=\"36624\" data-permalink=\"https:\/\/www.panfletonegro.com\/v\/2013\/04\/05\/por-que-prodavinci-nunca-publico-mi-comentario\/bebo-valdes-2\/\" data-orig-file=\"https:\/\/i0.wp.com\/www.panfletonegro.com\/v\/wp-content\/uploads\/2013\/04\/bebo-valdes.jpg?fit=640%2C380&amp;ssl=1\" data-orig-size=\"640,380\" data-comments-opened=\"1\" data-image-meta=\"{&quot;aperture&quot;:&quot;0&quot;,&quot;credit&quot;:&quot;&quot;,&quot;camera&quot;:&quot;&quot;,&quot;caption&quot;:&quot;&quot;,&quot;created_timestamp&quot;:&quot;0&quot;,&quot;copyright&quot;:&quot;&quot;,&quot;focal_length&quot;:&quot;0&quot;,&quot;iso&quot;:&quot;0&quot;,&quot;shutter_speed&quot;:&quot;0&quot;,&quot;title&quot;:&quot;&quot;}\" data-image-title=\"Bebo Vald\u00e9s\" data-image-description=\"\" data-image-caption=\"\" data-large-file=\"https:\/\/i0.wp.com\/www.panfletonegro.com\/v\/wp-content\/uploads\/2013\/04\/bebo-valdes.jpg?fit=640%2C380&amp;ssl=1\" class=\"alignnone size-medium wp-image-36624\" alt=\"Bebo Vald\u00e9s\" src=\"https:\/\/i0.wp.com\/www.panfletonegro.com\/v\/wp-content\/uploads\/2013\/04\/bebo-valdes-300x178.jpg?resize=300%2C178\" width=\"300\" height=\"178\" srcset=\"https:\/\/i0.wp.com\/www.panfletonegro.com\/v\/wp-content\/uploads\/2013\/04\/bebo-valdes.jpg?resize=300%2C178&amp;ssl=1 300w, https:\/\/i0.wp.com\/www.panfletonegro.com\/v\/wp-content\/uploads\/2013\/04\/bebo-valdes.jpg?resize=320%2C190&amp;ssl=1 320w, https:\/\/i0.wp.com\/www.panfletonegro.com\/v\/wp-content\/uploads\/2013\/04\/bebo-valdes.jpg?resize=145%2C86&amp;ssl=1 145w, https:\/\/i0.wp.com\/www.panfletonegro.com\/v\/wp-content\/uploads\/2013\/04\/bebo-valdes.jpg?resize=495%2C293&amp;ssl=1 495w, https:\/\/i0.wp.com\/www.panfletonegro.com\/v\/wp-content\/uploads\/2013\/04\/bebo-valdes.jpg?w=640&amp;ssl=1 640w\" sizes=\"auto, (max-width: 300px) 100vw, 300px\" \/><\/a><\/p>\n<p>Estamos acostumbrados a darle clic a cualquier enunciado o link interesante de entre las listas que se presentan en la infinidad de redes sociales a nuestro alcance. Sitios como\u00a0<i>La Patilla<\/i>\u00a0son famosos en eso de prepararnos a la contemplaci\u00f3n de Beyonc\u00e9, Cameron D\u00edaz a los 40 a\u00f1os o el destape sin tapujos de Diosa Canales. Otras p\u00e1ginas como\u00a0<i>Pijama Surf<\/i>, menos sensacionalistas, iluminan de manera muy colorida y particular los argumentos de buena parte de los m\u00e1s recalcitrantes te\u00f3ricos de la conspiraci\u00f3n. En este sentido, un buen ejercicio de revisi\u00f3n de la prensa diaria ha resultado para m\u00ed el accionar el\u00a0<i>retweet<\/i>\u00a0de manera autom\u00e1tica, no solo para compartir informaciones con los amigos sino tambi\u00e9n como una manera \u00fatil de construir un banco de lecturas pendientes. Pero pareciera hasta rid\u00edculo iniciar esta discusi\u00f3n citando solo un par de ejemplos del ciberespacio, cuando la obviedad de su grandeza se pierde de vista. Es verdad, aunque los primeros que me vinieron a la mente tambi\u00e9n responden a una obviedad: la de mis intereses, los que se enfocar\u00e1n ahora en una tercera muestra que alude al t\u00edtulo del post.<\/p>\n<p>La nota que llam\u00f3 mi atenci\u00f3n fue una pregunta:\u00a0<i>\u00bfPor qu\u00e9 Bebo Vald\u00e9s nunca volvi\u00f3 a Cuba?<\/i>\u00a0En Facebook viene acompa\u00f1ada de una foto del legendario pianista, fallecido en Estocolmo hace dos semanas, en el muro de la revista\u00a0<i>Prodavinci<\/i>. Al contrario de la multitud de im\u00e1genes que dieron la vuelta al mundo luego de su muerte \u2013en much\u00edsimas de las cuales nunca falt\u00f3 la sonrisa o el gesto del cubano dicharachero, como cuando posa al frente del puente de Brooklyn o al lado de su hijo Chucho Vald\u00e9s o de su compa\u00f1ero de aventuras Diego el Cigala\u2013, la foto que encabeza la informaci\u00f3n del portal de cultura libresca nos muestra al mulato pensativo y tenso, mirando fijamente, hasta con cierto dejo de desilusi\u00f3n. Posiblemente la expresi\u00f3n del artista preocupado ante la complejidad de la partitura. En todo caso, muy adecuada para el tono con que\u00a0<i>Prodavinci<\/i>\u00a0nos invita a adentrarnos en la nota.<\/p>\n<p>Fieles a su costumbre, los editores del\u00a0<i>site<\/i>\u00a0caraque\u00f1o colocan un\u00a0<a href=\"http:\/\/prodavinci.com\/2013\/03\/22\/arte\/musica-arte\/por-que-bebo-valdes-nunca-volvio-a-cuba\/?utm_source=feedburner&amp;utm_medium=email&amp;utm_campaign=Feed:+Prodavinci+(Prodavinci)\">extracto<\/a>\u00a0de la entrevista concedida por Bebo a Carlos Galicia en 2008, aparecida en\u00a0<i>El Pa\u00eds Semanal<\/i>. El brev\u00edsimo fragmento, a mi parecer m\u00e1s escueto de lo acostumbrado y de lo que uno esperar\u00eda de un titular tan contundente, consta de otras dos preguntas. Bebo responde ambas correctamente, y como dicen en Hollywood: fin de la historia. Para conocer el resto de la entrevista,\u00a0<i>Prodavinci<\/i>\u00a0coloca un link al final de la cita, al lado de otro que accede a tres videos representativos, maravillosos y precedidos por lo que parece un texto editorial con una sucinta rese\u00f1a acerca de la vida del maestro.<\/p>\n<p>Pero al abrir el primer link, surgen dos sorpresas: la fuente es un blog llamado\u00a0<i>La esquina del son<\/i>\u00a0que transcribe, ciertamente,\u00a0<a href=\"http:\/\/laesquinadelson.wordpress.com\/2008\/10\/05\/entrevista-bebo-valdes-yo-quiero-tocar-hasta-que-me-muera\/\">la entrevista de marras<\/a>\u00a0(aqu\u00ed tiene fecha: 5 de octubre). Ciertamente tambi\u00e9n, la conversaci\u00f3n de Bebo Vald\u00e9s con Carlos Galicia es extraordinaria. Extensa y prolija en an\u00e9cdotas de un sencillo trotamundos, que adem\u00e1s de exiliado de Castro tambi\u00e9n fue objeto del racismo y de la leyenda negra comunista, as\u00ed como\u00a0<i>latin lover<\/i>\u00a0y esposo de larga data, \u201cactor\u201d de cine, protagonista de una biograf\u00eda (<i>Bebo de Cuba<\/i>, Mats Lundahl, 2008), inventor de la batanga y sobre todo m\u00fasico vers\u00e1til, un artista de cuya intensidad hablan profusamente las sesiones\u00a0\u2013incluso algunas desaparecidas\u2013\u00a0con Celia Cruz, Beny Mor\u00e9, P\u00e9rez Prado, Cachao, Nat King Cole, Lucho Gatica, Paquito D\u2019Rivera, el mismo Chucho Vald\u00e9s y hasta Ernesto Lecuona. Segunda sorpresa, pues, a la que podemos a\u00f1adir una fotograf\u00eda del director-fundador de Irakere donde aparece aplaudiendo a su padre.<\/p>\n<p>A diferencia de\u00a0<i>Prodavinci<\/i>, los amigos del blog cubano solo nos dejan la referencia de la fuente original, sin link. No hay problema: para eso est\u00e1 el\u00a0<i>copy\/paste<\/i>. As\u00ed llegamos al punto de partida, ubicado (recordemos la cita) en\u00a0<i>El Pa\u00eds Semanal<\/i>, del 5-10-08. Otra \u201comisi\u00f3n\u201d (m\u00e1s bien se trata de un \u00bfcambio?), esta vez de\u00a0<i>Prodavinci<\/i>, es el t\u00edtulo de\u00a0<a href=\"http:\/\/elpais.com\/diario\/2008\/10\/05\/eps\/1223188012_850215.html\">la entrevista<\/a>, una frase de Bebo que\u00a0<i>La esquina del son\u00a0<\/i>se dign\u00f3 reproducir:\u00a0<i>\u201cYo quiero tocar hasta que me muera\u201d<\/i>. Mientras la imagen es un perfil estupendo del prieto de Quivic\u00e1n, gracias a la c\u00e1mara de Jordi Soc\u00edas. En esta oportunidad, la brillante sonrisa pareciera refrendar las palabras del cineasta Fernando Trueba, quien en la presentaci\u00f3n de la biograf\u00eda cuenta que, cuando fue a buscarlo a Estocolmo para su filme\u00a0<i>Calle 54<\/i>, Bebo Vald\u00e9s \u201cviv\u00eda con una modesta pensi\u00f3n del Estado sueco, sin lamentarse de nada, sin nostalgia alguna y sin ning\u00fan rencor\u201d.<\/p>\n<p><a href=\"https:\/\/i0.wp.com\/www.panfletonegro.com\/v\/wp-content\/uploads\/2013\/04\/bebo-perfil.jpg\"><img data-recalc-dims=\"1\" loading=\"lazy\" decoding=\"async\" data-attachment-id=\"36625\" data-permalink=\"https:\/\/www.panfletonegro.com\/v\/2013\/04\/05\/por-que-prodavinci-nunca-publico-mi-comentario\/bebo-perfil\/\" data-orig-file=\"https:\/\/i0.wp.com\/www.panfletonegro.com\/v\/wp-content\/uploads\/2013\/04\/bebo-perfil.jpg?fit=400%2C544&amp;ssl=1\" data-orig-size=\"400,544\" data-comments-opened=\"1\" data-image-meta=\"{&quot;aperture&quot;:&quot;0&quot;,&quot;credit&quot;:&quot;&quot;,&quot;camera&quot;:&quot;&quot;,&quot;caption&quot;:&quot;&quot;,&quot;created_timestamp&quot;:&quot;0&quot;,&quot;copyright&quot;:&quot;&quot;,&quot;focal_length&quot;:&quot;0&quot;,&quot;iso&quot;:&quot;0&quot;,&quot;shutter_speed&quot;:&quot;0&quot;,&quot;title&quot;:&quot;&quot;}\" data-image-title=\"Foto: Jordi Soc\u00edas\" data-image-description=\"\" data-image-caption=\"\" data-large-file=\"https:\/\/i0.wp.com\/www.panfletonegro.com\/v\/wp-content\/uploads\/2013\/04\/bebo-perfil.jpg?fit=400%2C544&amp;ssl=1\" class=\"alignnone size-medium wp-image-36625\" alt=\"Foto: Jordi Soc\u00edas\" src=\"https:\/\/i0.wp.com\/www.panfletonegro.com\/v\/wp-content\/uploads\/2013\/04\/bebo-perfil-220x300.jpg?resize=220%2C300\" width=\"220\" height=\"300\" srcset=\"https:\/\/i0.wp.com\/www.panfletonegro.com\/v\/wp-content\/uploads\/2013\/04\/bebo-perfil.jpg?resize=220%2C300&amp;ssl=1 220w, https:\/\/i0.wp.com\/www.panfletonegro.com\/v\/wp-content\/uploads\/2013\/04\/bebo-perfil.jpg?resize=320%2C435&amp;ssl=1 320w, https:\/\/i0.wp.com\/www.panfletonegro.com\/v\/wp-content\/uploads\/2013\/04\/bebo-perfil.jpg?resize=145%2C197&amp;ssl=1 145w, https:\/\/i0.wp.com\/www.panfletonegro.com\/v\/wp-content\/uploads\/2013\/04\/bebo-perfil.jpg?w=400&amp;ssl=1 400w\" sizes=\"auto, (max-width: 220px) 100vw, 220px\" \/><\/a><\/p>\n<p>Entiendo que la reproducci\u00f3n parcial o total de contenidos forma parte de la libertad de expresi\u00f3n, as\u00ed como su presentaci\u00f3n. De igual manera, entiendo el derecho que me asiste a la hora de cuestionar las acciones de los comunicadores sociales en torno a la manipulaci\u00f3n (bien entendida) de dichos contenidos. En el caso que nos ocupa, el parte acerca del fallecimiento de un artista famoso, convertido gracias al inter\u00e9s particular de un grupo de divulgaci\u00f3n y opini\u00f3n en la indagaci\u00f3n de un aspecto de su vida a partir de una fuente que dedica m\u00e1s del 80 o 90 por ciento del texto a historias, si bien relacionadas, en realidad muy alejadas del motivo en que se las cita. Por ello, me parece que la opci\u00f3n del link de acceso a la fuente no pasa de hacerle un flaco y hasta \u201cmezquino\u201d favor al lector. En este orden de ideas, es importante recalcar las expresiones en el rostro de Bebo Vald\u00e9s que intentan contextualizar este recorrido.<\/p>\n<p>A tal efecto, me permit\u00ed dirigir al foro de\u00a0<i>Prodavinci<\/i>\u00a0una misiva que, como dicta su pol\u00edtica de comentarios, pas\u00f3 previamente por el filtro del moderador, a quien en principio le interesa 1) que no insulte ni agravie a nadie y 2) que resulte pertinente con el tema en cuesti\u00f3n. El texto de opini\u00f3n reza as\u00ed:<\/p>\n<div>\n<blockquote><p><i>Qu\u00e9 l\u00e1stima por\u00a0<\/i>Prodavinci<i>. Si nos molestamos en leer la entrevista completa, no tendremos dudas en que a la presentaci\u00f3n de la informaci\u00f3n no le cabe el menor elogio, as\u00ed nos brinden la \u00abamabilidad\u00bb de colocar el link de acceso [de paso, a una fuente secundaria]. Una l\u00e1stima, repito, porque se trata de una entrevista extraordinaria. Pero, bueno, cada quien anda en lo suyo.<\/i><\/p><\/blockquote>\n<\/div>\n<div><\/div>\n<p>Las cursivas representan fielmente la forma en que el moderador mantiene en\u00a0<i>stand by<\/i>\u00a0cualquier comentario, fuera de la vista del resto de los lectores, antes de darle su visto bueno, luego de lo cual colocar\u00e1 el texto en el foro de comentarios, con letras redondas.<\/p>\n<p>Pero las redondas no aparecieron. De hecho, el texto citado tiene algunos cambios (que atendieron repeticiones en las formas utilizadas del verbo caber y alg\u00fan otro no significativo) debido a su escritura y env\u00edo inmediato a la plataforma de\u00a0<i>Prodavinci<\/i>, lo que me oblig\u00f3 a intentar recordarlo de memoria para alojarlo en su foro de Facebook, con esta introducci\u00f3n:<\/p>\n<blockquote><p><i> <\/i><i><\/i> <i>Disculpen la intromisi\u00f3n, pero\u00a0<\/i>Prodavinci\u00a0<i>censur\u00f3\u00a0<\/i><i>este comentario en su portal<\/i><\/p><\/blockquote>\n<p>Vaya que se trataba de una intromisi\u00f3n. Hasta el momento en que escribo, la nota en Facebook hab\u00eda sido compartida 225 veces. Nada mal para un extracto le\u00eddo con toda la intensidad que inspiraron un titular y su respectiva foto, lo que se desprende adem\u00e1s del tono de los comentarios, tanto en el foro del portal como en el de la red social. Ni m\u00e1s ni menos: la intromisi\u00f3n de un aguafiestas.<\/p>\n<p><a href=\"https:\/\/i0.wp.com\/www.panfletonegro.com\/v\/wp-content\/uploads\/2013\/04\/Bebo-Valdes-1.jpg\"><img data-recalc-dims=\"1\" loading=\"lazy\" decoding=\"async\" data-attachment-id=\"36626\" data-permalink=\"https:\/\/www.panfletonegro.com\/v\/2013\/04\/05\/por-que-prodavinci-nunca-publico-mi-comentario\/bebo-valdes-1\/\" data-orig-file=\"https:\/\/i0.wp.com\/www.panfletonegro.com\/v\/wp-content\/uploads\/2013\/04\/Bebo-Valdes-1.jpg?fit=650%2C365&amp;ssl=1\" data-orig-size=\"650,365\" data-comments-opened=\"1\" data-image-meta=\"{&quot;aperture&quot;:&quot;0&quot;,&quot;credit&quot;:&quot;&quot;,&quot;camera&quot;:&quot;&quot;,&quot;caption&quot;:&quot;&quot;,&quot;created_timestamp&quot;:&quot;0&quot;,&quot;copyright&quot;:&quot;&quot;,&quot;focal_length&quot;:&quot;0&quot;,&quot;iso&quot;:&quot;0&quot;,&quot;shutter_speed&quot;:&quot;0&quot;,&quot;title&quot;:&quot;&quot;}\" data-image-title=\"\" data-image-description=\"\" data-image-caption=\"\" data-large-file=\"https:\/\/i0.wp.com\/www.panfletonegro.com\/v\/wp-content\/uploads\/2013\/04\/Bebo-Valdes-1.jpg?fit=650%2C365&amp;ssl=1\" class=\"alignnone size-medium wp-image-36626\" alt=\"\" src=\"https:\/\/i0.wp.com\/www.panfletonegro.com\/v\/wp-content\/uploads\/2013\/04\/Bebo-Valdes-1-300x168.jpg?resize=300%2C168\" width=\"300\" height=\"168\" srcset=\"https:\/\/i0.wp.com\/www.panfletonegro.com\/v\/wp-content\/uploads\/2013\/04\/Bebo-Valdes-1.jpg?resize=300%2C168&amp;ssl=1 300w, https:\/\/i0.wp.com\/www.panfletonegro.com\/v\/wp-content\/uploads\/2013\/04\/Bebo-Valdes-1.jpg?resize=320%2C179&amp;ssl=1 320w, https:\/\/i0.wp.com\/www.panfletonegro.com\/v\/wp-content\/uploads\/2013\/04\/Bebo-Valdes-1.jpg?resize=145%2C81&amp;ssl=1 145w, https:\/\/i0.wp.com\/www.panfletonegro.com\/v\/wp-content\/uploads\/2013\/04\/Bebo-Valdes-1.jpg?resize=495%2C277&amp;ssl=1 495w, https:\/\/i0.wp.com\/www.panfletonegro.com\/v\/wp-content\/uploads\/2013\/04\/Bebo-Valdes-1.jpg?w=650&amp;ssl=1 650w\" sizes=\"auto, (max-width: 300px) 100vw, 300px\" \/><\/a><\/p>\n<p>Estoy consciente de lo habitual que resulta esta costumbre period\u00edstica en mi pa\u00eds. Trabajos de veintitantas p\u00e1ginas, sobre todo entrevistas, que versan acerca de cuestiones como, por ejemplo,\u00a0<i>el sexo entre las hormigas en el llano venezolano<\/i>, a los cuales se les titula con citas textuales que apuntan a un aspecto, por nombrar alguno, de la polarizaci\u00f3n pol\u00edtica, se\u00f1alado en tres l\u00edneas y media de alguna p\u00e1gina del medio, con poca o ninguna vinculaci\u00f3n con el resto y, por tanto, con el motivo del reportaje. En anteriores oportunidades,\u00a0<i>Prodavinci<\/i>\u00a0ha reproducido m\u00e1s de la mitad de las entrevistas u otros textos citados. Esta vez, sin llegar al \u00e1nimo de rasgarme las vestiduras, francamente me molesta el hecho de transformar un acontecimiento como el deceso de Bebo Vald\u00e9s \u2013de hecho convertido\u00a0<i>urbi et orbi<\/i>\u00a0en la\u00a0<i>celebraci\u00f3n\u00a0<\/i>de una existencia que entreg\u00f3 todo lo que tuvo y pudo (muri\u00f3 a los 94 a\u00f1os y padec\u00eda Alzheimer), as\u00ed como rodeado de innumerables muestras de cari\u00f1o y reconocimiento por parte de gente de todas las edades\u2013 en un parco \u201chomenaje\u201d a su condici\u00f3n de exiliado. Como si no supi\u00e9ramos que alguien como Bebo, quien se retrat\u00f3 con artistas de la disidencia cubana y no aparece ni por asomo asociado al movimiento de Buena Vista Social Club, es un claro ejemplo de distanciamiento de la tierra natal que no requiere este tipo de \u201cmutaciones\u201d en la presentaci\u00f3n de la informaci\u00f3n veraz. Como si no bastara, adem\u00e1s, con las confesiones de Cabrera Infante y Reinaldo Arenas, con el sufrimiento de Heberto Padilla y Armando Valladares, entre much\u00edsimos otros, para entender el grave rictus en el semblante de Bebo promovido por la p\u00e1gina literaria. Por qu\u00e9 mejor no haber esperado hasta el d\u00eda siguiente de su muerte para reproducir el hermoso texto de Sigfredo Ariel,\u00a0<a href=\"http:\/\/cultura.elpais.com\/cultura\/2013\/03\/23\/actualidad\/1364035546_731989.html\">\u00abBebo no existe en Cuba\u00bb<\/a>, un t\u00edtulo m\u00e1s elegante y sin tufillo a chisme de resentidos, aparecido el 23 de marzo en\u00a0<i>El Pa\u00eds<\/i>.\u00a0<i>\u201cYo quiero tocar hasta que me muera\u201d<\/i>\u00a0Por lo que refleja esta frase as\u00ed como las im\u00e1genes que contin\u00faan ilustrando por estos d\u00edas la memoria de un hombre que parec\u00eda feliz, tengo la impresi\u00f3n de que el verdadero aguafiestas es otro. Pregunt\u00e9mosle de nuevo a Fernando Trueba.<\/p>\n<p>No dudo que tanto los medios de la oposici\u00f3n como del Gobierno contin\u00faen con estas pr\u00e1cticas discursivas, generadoras de solidaridades m\u00faltiples y autom\u00e1ticas. Con todo, el t\u00edtulo de mi escrito parece una cucharada de la medicina comunicacional que he denunciado. Pensaba darle el nombre de\u00a0<i>Prodavinci o las mutaciones en la informaci\u00f3n veraz<\/i>. Pero no. Demasiado\u00a0<i>Prodavinci<\/i>, en verdad.<\/p>\n<p>Que siga pareciendo un chisme.<\/p>\n","protected":false},"excerpt":{"rendered":"<p>[contact-form][contact-field label=&#8217;Nombre&#8217; type=&#8217;name&#8217; required=&#8217;1&#8217;\/][contact-field label=&#8217;Email&#8217; type=&#8217;email&#8217; required=&#8217;1&#8217;\/][contact-field label=&#8217;Sitio Web&#8217; type=&#8217;url&#8217;\/][contact-field label=&#8217;Comentario&#8217; type=&#8217;textarea&#8217; required=&#8217;1&#8217;\/][\/contact-form] Estamos acostumbrados a darle clic a cualquier enunciado o link interesante de entre las listas que se presentan en la infinidad de redes sociales a nuestro alcance. Sitios como\u00a0La Patilla\u00a0son famosos en eso de prepararnos a la contemplaci\u00f3n de Beyonc\u00e9, Cameron D\u00edaz [&hellip;]<\/p>\n","protected":false},"author":2337,"featured_media":36624,"comment_status":"open","ping_status":"open","sticky":false,"template":"","format":"standard","meta":{"jetpack_post_was_ever_published":false,"_jetpack_newsletter_access":"","_jetpack_dont_email_post_to_subs":false,"_jetpack_newsletter_tier_id":0,"_jetpack_memberships_contains_paywalled_content":false,"_jetpack_memberships_contains_paid_content":false,"footnotes":"","jetpack_publicize_message":"","jetpack_publicize_feature_enabled":true,"jetpack_social_post_already_shared":true,"jetpack_social_options":{"image_generator_settings":{"template":"highway","default_image_id":0,"font":"","enabled":false},"version":2}},"categories":[2439],"tags":[],"class_list":{"0":"post-36623","1":"post","2":"type-post","3":"status-publish","4":"format-standard","5":"has-post-thumbnail","7":"category-arte"},"jetpack_publicize_connections":[],"jetpack_featured_media_url":"https:\/\/i0.wp.com\/www.panfletonegro.com\/v\/wp-content\/uploads\/2013\/04\/bebo-valdes.jpg?fit=640%2C380&ssl=1","jetpack_shortlink":"https:\/\/wp.me\/pfpCD-9wH","jetpack_sharing_enabled":true,"_links":{"self":[{"href":"https:\/\/www.panfletonegro.com\/v\/wp-json\/wp\/v2\/posts\/36623","targetHints":{"allow":["GET"]}}],"collection":[{"href":"https:\/\/www.panfletonegro.com\/v\/wp-json\/wp\/v2\/posts"}],"about":[{"href":"https:\/\/www.panfletonegro.com\/v\/wp-json\/wp\/v2\/types\/post"}],"author":[{"embeddable":true,"href":"https:\/\/www.panfletonegro.com\/v\/wp-json\/wp\/v2\/users\/2337"}],"replies":[{"embeddable":true,"href":"https:\/\/www.panfletonegro.com\/v\/wp-json\/wp\/v2\/comments?post=36623"}],"version-history":[{"count":0,"href":"https:\/\/www.panfletonegro.com\/v\/wp-json\/wp\/v2\/posts\/36623\/revisions"}],"wp:featuredmedia":[{"embeddable":true,"href":"https:\/\/www.panfletonegro.com\/v\/wp-json\/wp\/v2\/media\/36624"}],"wp:attachment":[{"href":"https:\/\/www.panfletonegro.com\/v\/wp-json\/wp\/v2\/media?parent=36623"}],"wp:term":[{"taxonomy":"category","embeddable":true,"href":"https:\/\/www.panfletonegro.com\/v\/wp-json\/wp\/v2\/categories?post=36623"},{"taxonomy":"post_tag","embeddable":true,"href":"https:\/\/www.panfletonegro.com\/v\/wp-json\/wp\/v2\/tags?post=36623"}],"curies":[{"name":"wp","href":"https:\/\/api.w.org\/{rel}","templated":true}]}}