{"id":36102,"date":"2013-03-22T10:46:43","date_gmt":"2013-03-22T15:16:43","guid":{"rendered":"http:\/\/www.panfletonegro.com\/v\/?p=36102"},"modified":"2014-06-07T11:51:15","modified_gmt":"2014-06-07T16:21:15","slug":"del-universo-al-universo-del-plack","status":"publish","type":"post","link":"https:\/\/www.panfletonegro.com\/v\/2013\/03\/22\/del-universo-al-universo-del-plack\/","title":{"rendered":"Del universo al universo del Plack"},"content":{"rendered":"<p><a href=\"https:\/\/i0.wp.com\/www.panfletonegro.com\/v\/wp-content\/uploads\/2013\/03\/universe-1-horizontal-gallery.jpg\"><img data-recalc-dims=\"1\" loading=\"lazy\" decoding=\"async\" data-attachment-id=\"36104\" data-permalink=\"https:\/\/www.panfletonegro.com\/v\/2013\/03\/22\/del-universo-al-universo-del-plack\/universe-1-horizontal-gallery\/\" data-orig-file=\"https:\/\/i0.wp.com\/www.panfletonegro.com\/v\/wp-content\/uploads\/2013\/03\/universe-1-horizontal-gallery.jpg?fit=640%2C360&amp;ssl=1\" data-orig-size=\"640,360\" data-comments-opened=\"1\" data-image-meta=\"{&quot;aperture&quot;:&quot;0&quot;,&quot;credit&quot;:&quot;&quot;,&quot;camera&quot;:&quot;&quot;,&quot;caption&quot;:&quot;&quot;,&quot;created_timestamp&quot;:&quot;0&quot;,&quot;copyright&quot;:&quot;&quot;,&quot;focal_length&quot;:&quot;0&quot;,&quot;iso&quot;:&quot;0&quot;,&quot;shutter_speed&quot;:&quot;0&quot;,&quot;title&quot;:&quot;&quot;}\" data-image-title=\"-universe-1-horizontal-gallery\" data-image-description=\"\" data-image-caption=\"\" data-large-file=\"https:\/\/i0.wp.com\/www.panfletonegro.com\/v\/wp-content\/uploads\/2013\/03\/universe-1-horizontal-gallery.jpg?fit=640%2C360&amp;ssl=1\" class=\"aligncenter size-medium wp-image-36104\" alt=\"-universe-1-horizontal-gallery\" src=\"https:\/\/i0.wp.com\/www.panfletonegro.com\/v\/wp-content\/uploads\/2013\/03\/universe-1-horizontal-gallery-300x168.jpg?resize=300%2C168\" width=\"300\" height=\"168\" srcset=\"https:\/\/i0.wp.com\/www.panfletonegro.com\/v\/wp-content\/uploads\/2013\/03\/universe-1-horizontal-gallery.jpg?resize=300%2C168&amp;ssl=1 300w, https:\/\/i0.wp.com\/www.panfletonegro.com\/v\/wp-content\/uploads\/2013\/03\/universe-1-horizontal-gallery.jpg?resize=320%2C180&amp;ssl=1 320w, https:\/\/i0.wp.com\/www.panfletonegro.com\/v\/wp-content\/uploads\/2013\/03\/universe-1-horizontal-gallery.jpg?resize=145%2C81&amp;ssl=1 145w, https:\/\/i0.wp.com\/www.panfletonegro.com\/v\/wp-content\/uploads\/2013\/03\/universe-1-horizontal-gallery.jpg?resize=495%2C278&amp;ssl=1 495w, https:\/\/i0.wp.com\/www.panfletonegro.com\/v\/wp-content\/uploads\/2013\/03\/universe-1-horizontal-gallery.jpg?w=640&amp;ssl=1 640w\" sizes=\"auto, (max-width: 300px) 100vw, 300px\" \/><\/a><\/p>\n<p>&nbsp;<\/p>\n<p>Acaban de ser <a href=\"http:\/\/www.esa.int\/Our_Activities\/Space_Science\/Planck\/Planck_reveals_an_almost_perfect_Universe\">liberados los datos del sat\u00e9lite Planck<\/a> el cual tiene la misi\u00f3n de medir la radiaci\u00f3n de fondo c\u00f3smico del universo. Estas fotos son realmente asombrosas y nos dicen muchas cosas del universo, y nos plantea muchas mas preguntas y dudas sobre el el.<\/p>\n<p>Nuestra visi\u00f3n del universo es relativamente reciente, tiene menos de 100 a\u00f1os.<\/p>\n<p>Para los antiguos el universo era solo nuestro sistema solar y bastante limitado. Algunos griegos especularon que las estrellas eran soles similares al nuestro, pero esas especulaciones fueron, luego, desechadas por consideraciones mas m\u00edsticas que perduraron hasta el renacimiento. <strong>Giordano Bruno<\/strong> fue quemado en la hoguera por afirmar que las estrellas eran otros soles, y que pod\u00edan tener planetas girando en el, y quiz\u00e1s otras especies inteligentes.<\/p>\n<p>Era una idea provocadora para la \u00e9poca.<\/p>\n<p>Con m\u00e1s diplomacia Galileo dijo lo mismo y para eso puso el ejemplo de los sat\u00e9lites de Jupiter. Tampoco le fue muy bien, pero ya en ese momento estaba funcionando la mayor revoluci\u00f3n de la humanidad; la del conocimiento compartido, debido a la imprenta.<\/p>\n<p>Esta permiti\u00f3 que mayor n\u00famero de personas accediera a las ideas y estas ideas producen mas ideas. Las ideas de Galileo quedaron y fueron mejoradas, pero sobre todo creo la duda.<\/p>\n<p>En los a\u00f1os 1700 el filosofo Kant especulo acerca de los universos islas, esas ideas eran especulaciones, basadas en razonamientos y por lo tanto no fueron tomadas muy en serio, pero como dije, las ideas quedaban escritas en libros y otros siguieron pensando en ellas.<\/p>\n<p>En 1845 las mejoras en los telescopios permiti\u00f3 ver algunas estrellas individuales en algunas \u201cnebulosas\u201d, pero el consenso de la \u00e9poca las desechos como si fuesen nubes de gas con algunas estrellas.<\/p>\n<p>Nuestro universo era realmente peque\u00f1o, apenas se consideraba el universo como nuestra propia galaxia.<\/p>\n<p>La controversia continuo por muchos a\u00f1os mientras los telescopios mejoraban.<\/p>\n<p><a href=\"https:\/\/i0.wp.com\/www.panfletonegro.com\/v\/wp-content\/uploads\/2013\/03\/universe-9-horizontal-gallery.jpg\"><img data-recalc-dims=\"1\" loading=\"lazy\" decoding=\"async\" data-attachment-id=\"36107\" data-permalink=\"https:\/\/www.panfletonegro.com\/v\/2013\/03\/22\/del-universo-al-universo-del-plack\/universe-9-horizontal-gallery\/\" data-orig-file=\"https:\/\/i0.wp.com\/www.panfletonegro.com\/v\/wp-content\/uploads\/2013\/03\/universe-9-horizontal-gallery.jpg?fit=640%2C360&amp;ssl=1\" data-orig-size=\"640,360\" data-comments-opened=\"1\" data-image-meta=\"{&quot;aperture&quot;:&quot;0&quot;,&quot;credit&quot;:&quot;&quot;,&quot;camera&quot;:&quot;&quot;,&quot;caption&quot;:&quot;&quot;,&quot;created_timestamp&quot;:&quot;0&quot;,&quot;copyright&quot;:&quot;&quot;,&quot;focal_length&quot;:&quot;0&quot;,&quot;iso&quot;:&quot;0&quot;,&quot;shutter_speed&quot;:&quot;0&quot;,&quot;title&quot;:&quot;&quot;}\" data-image-title=\"-universe-9-horizontal-gallery\" data-image-description=\"\" data-image-caption=\"\" data-large-file=\"https:\/\/i0.wp.com\/www.panfletonegro.com\/v\/wp-content\/uploads\/2013\/03\/universe-9-horizontal-gallery.jpg?fit=640%2C360&amp;ssl=1\" class=\"aligncenter size-medium wp-image-36107\" alt=\"-universe-9-horizontal-gallery\" src=\"https:\/\/i0.wp.com\/www.panfletonegro.com\/v\/wp-content\/uploads\/2013\/03\/universe-9-horizontal-gallery-300x168.jpg?resize=300%2C168\" width=\"300\" height=\"168\" srcset=\"https:\/\/i0.wp.com\/www.panfletonegro.com\/v\/wp-content\/uploads\/2013\/03\/universe-9-horizontal-gallery.jpg?resize=300%2C168&amp;ssl=1 300w, https:\/\/i0.wp.com\/www.panfletonegro.com\/v\/wp-content\/uploads\/2013\/03\/universe-9-horizontal-gallery.jpg?resize=320%2C180&amp;ssl=1 320w, https:\/\/i0.wp.com\/www.panfletonegro.com\/v\/wp-content\/uploads\/2013\/03\/universe-9-horizontal-gallery.jpg?resize=145%2C81&amp;ssl=1 145w, https:\/\/i0.wp.com\/www.panfletonegro.com\/v\/wp-content\/uploads\/2013\/03\/universe-9-horizontal-gallery.jpg?resize=495%2C278&amp;ssl=1 495w, https:\/\/i0.wp.com\/www.panfletonegro.com\/v\/wp-content\/uploads\/2013\/03\/universe-9-horizontal-gallery.jpg?w=640&amp;ssl=1 640w\" sizes=\"auto, (max-width: 300px) 100vw, 300px\" \/><\/a><\/p>\n<p>En 1920. (Esto es que <strong>Einstein<\/strong> realizo sus teorias sobre el universo bas\u00e1ndose que todo el universo era nuestra propia galaxia) se produjo la celebre controversia \u00a0entre <strong>Harlow Shapley <\/strong>y<strong> Heber Curtis<\/strong>. Shapley que habia sido una celebridad y era quiz\u00e1s el astr\u00f3nomo mas reputado de la \u00e9poca estaba contra la concepci\u00f3n que las nebulosas fuesen otros universos islas, o galaxias fuera de la vial lactea. Curtis era un gran defensor de ella y exhibi\u00f3 pruebas contundentes que fueron ridiculizadas por Shapley.<\/p>\n<p>Pero las cosas iban a cambiar y muy r\u00e1pidamente. En 1926 Hubble tuvo a disposici\u00f3n el telescopio mas poderoso de la epoca y fotografi\u00f3 \u00a0de manera incontrovertible las estrellas de Andromedas.<\/p>\n<p>(tambi\u00e9n creo la constante mas inconstante la ciencia).<\/p>\n<p>Fue ese a\u00f1o que el universo crecio\u00a0exponencialmente\u00a0 ya no era solo nuestra galaxia (Shapley fue quien descubri\u00f3 que era aplanada y giratoria)<\/p>\n<p>Si no miles y miles de galacias.<\/p>\n<p>Desde los a\u00f1os 50 del siglo XX sabemos que miles miles de millones de galaxias.<\/p>\n<p><a href=\"https:\/\/i0.wp.com\/www.panfletonegro.com\/v\/wp-content\/uploads\/2013\/03\/universe-8-horizontal-gallery.jpg\"><img data-recalc-dims=\"1\" loading=\"lazy\" decoding=\"async\" data-attachment-id=\"36106\" data-permalink=\"https:\/\/www.panfletonegro.com\/v\/2013\/03\/22\/del-universo-al-universo-del-plack\/universe-8-horizontal-gallery\/\" data-orig-file=\"https:\/\/i0.wp.com\/www.panfletonegro.com\/v\/wp-content\/uploads\/2013\/03\/universe-8-horizontal-gallery.jpg?fit=640%2C360&amp;ssl=1\" data-orig-size=\"640,360\" data-comments-opened=\"1\" data-image-meta=\"{&quot;aperture&quot;:&quot;0&quot;,&quot;credit&quot;:&quot;&quot;,&quot;camera&quot;:&quot;&quot;,&quot;caption&quot;:&quot;&quot;,&quot;created_timestamp&quot;:&quot;0&quot;,&quot;copyright&quot;:&quot;&quot;,&quot;focal_length&quot;:&quot;0&quot;,&quot;iso&quot;:&quot;0&quot;,&quot;shutter_speed&quot;:&quot;0&quot;,&quot;title&quot;:&quot;&quot;}\" data-image-title=\"-universe-8-horizontal-gallery\" data-image-description=\"\" data-image-caption=\"\" data-large-file=\"https:\/\/i0.wp.com\/www.panfletonegro.com\/v\/wp-content\/uploads\/2013\/03\/universe-8-horizontal-gallery.jpg?fit=640%2C360&amp;ssl=1\" class=\"aligncenter size-medium wp-image-36106\" alt=\"-universe-8-horizontal-gallery\" src=\"https:\/\/i0.wp.com\/www.panfletonegro.com\/v\/wp-content\/uploads\/2013\/03\/universe-8-horizontal-gallery-300x168.jpg?resize=300%2C168\" width=\"300\" height=\"168\" srcset=\"https:\/\/i0.wp.com\/www.panfletonegro.com\/v\/wp-content\/uploads\/2013\/03\/universe-8-horizontal-gallery.jpg?resize=300%2C168&amp;ssl=1 300w, https:\/\/i0.wp.com\/www.panfletonegro.com\/v\/wp-content\/uploads\/2013\/03\/universe-8-horizontal-gallery.jpg?resize=320%2C180&amp;ssl=1 320w, https:\/\/i0.wp.com\/www.panfletonegro.com\/v\/wp-content\/uploads\/2013\/03\/universe-8-horizontal-gallery.jpg?resize=145%2C81&amp;ssl=1 145w, https:\/\/i0.wp.com\/www.panfletonegro.com\/v\/wp-content\/uploads\/2013\/03\/universe-8-horizontal-gallery.jpg?resize=495%2C278&amp;ssl=1 495w, https:\/\/i0.wp.com\/www.panfletonegro.com\/v\/wp-content\/uploads\/2013\/03\/universe-8-horizontal-gallery.jpg?w=640&amp;ssl=1 640w\" sizes=\"auto, (max-width: 300px) 100vw, 300px\" \/><\/a><\/p>\n<p>En los a\u00f1os 60 se descubri\u00f3 el fondo de microondas, es una historia fascinante, que al principio se penso que era pupu de palomas) las microondas tienen una temperatura asociada y por ella se supo que el universo tenia una temperatura de 3K\u00ba y con eso se realizo el primer intento serio de conocer la edad del universo.<\/p>\n<p>Los m\u00e9todos han mejorado much\u00edsimo y pasamos del COBE el cual ya nos dio una primera imagen del universo primitivo al gran detalle del Plack.<\/p>\n<p>Nuestra concepci\u00f3n del universo es \u00a0un bebe, Apenas tiene 87 a\u00f1os y en ese tiempo pasamos de ser solo una Galaxia a la conjetura de la energia oscura y la materia oscura.<\/p>\n<p><a href=\"https:\/\/i0.wp.com\/www.panfletonegro.com\/v\/wp-content\/uploads\/2013\/03\/universe-6-horizontal-gallery.jpg\"><img data-recalc-dims=\"1\" loading=\"lazy\" decoding=\"async\" data-attachment-id=\"36103\" data-permalink=\"https:\/\/www.panfletonegro.com\/v\/2013\/03\/22\/del-universo-al-universo-del-plack\/universe-6-horizontal-gallery\/\" data-orig-file=\"https:\/\/i0.wp.com\/www.panfletonegro.com\/v\/wp-content\/uploads\/2013\/03\/universe-6-horizontal-gallery.jpg?fit=640%2C360&amp;ssl=1\" data-orig-size=\"640,360\" data-comments-opened=\"1\" data-image-meta=\"{&quot;aperture&quot;:&quot;0&quot;,&quot;credit&quot;:&quot;&quot;,&quot;camera&quot;:&quot;&quot;,&quot;caption&quot;:&quot;&quot;,&quot;created_timestamp&quot;:&quot;0&quot;,&quot;copyright&quot;:&quot;&quot;,&quot;focal_length&quot;:&quot;0&quot;,&quot;iso&quot;:&quot;0&quot;,&quot;shutter_speed&quot;:&quot;0&quot;,&quot;title&quot;:&quot;&quot;}\" data-image-title=\"universe-6-horizontal-gallery\" data-image-description=\"\" data-image-caption=\"\" data-large-file=\"https:\/\/i0.wp.com\/www.panfletonegro.com\/v\/wp-content\/uploads\/2013\/03\/universe-6-horizontal-gallery.jpg?fit=640%2C360&amp;ssl=1\" class=\"aligncenter size-medium wp-image-36103\" alt=\"universe-6-horizontal-gallery\" src=\"https:\/\/i0.wp.com\/www.panfletonegro.com\/v\/wp-content\/uploads\/2013\/03\/universe-6-horizontal-gallery-300x168.jpg?resize=300%2C168\" width=\"300\" height=\"168\" srcset=\"https:\/\/i0.wp.com\/www.panfletonegro.com\/v\/wp-content\/uploads\/2013\/03\/universe-6-horizontal-gallery.jpg?resize=300%2C168&amp;ssl=1 300w, https:\/\/i0.wp.com\/www.panfletonegro.com\/v\/wp-content\/uploads\/2013\/03\/universe-6-horizontal-gallery.jpg?resize=320%2C180&amp;ssl=1 320w, https:\/\/i0.wp.com\/www.panfletonegro.com\/v\/wp-content\/uploads\/2013\/03\/universe-6-horizontal-gallery.jpg?resize=145%2C81&amp;ssl=1 145w, https:\/\/i0.wp.com\/www.panfletonegro.com\/v\/wp-content\/uploads\/2013\/03\/universe-6-horizontal-gallery.jpg?resize=495%2C278&amp;ssl=1 495w, https:\/\/i0.wp.com\/www.panfletonegro.com\/v\/wp-content\/uploads\/2013\/03\/universe-6-horizontal-gallery.jpg?w=640&amp;ssl=1 640w\" sizes=\"auto, (max-width: 300px) 100vw, 300px\" \/><\/a><\/p>\n<p>II<\/p>\n<p>En estas im\u00e1genes se muestra una anisotrop\u00eda muy marcada en ambas partes del universo y tambien una zona (marcada en el circulo inferior derecho) con un enorme hueco entre ellas<a href=\"http:\/\/opuscrisis.blogspot.com\/2010\/06\/agujeros-del-universo-y-en-nuestras.html\">, en este post especule sobre esos huecos del universo<\/a><a href=\"http:\/\/www.blogger.com\/blogger.g?blogID=3213596565116492993#editor\/target=post;postID=8183956280938022468\">.<\/a> Para mi son las pistas de algo mas, al igual que estas im\u00e1genes del Plack ya que plantea mas preguntas que resuestas, \u00bfa que se debe esa\u00a0asim\u00e9tria\u00a0tan marcada? Y que la materia comun es solo 4,26% de todo el universo y la energia oscura (que para mi, un lego, es la fuerza del estiramiento del espacio-tiempo ya que este esta creciendo constantemente)es mayor de \u00a0lo que se pensaba y que la cosntante de hubble (la mas\u00a0inconstante\u00a0 es de 67 Km\/seg por megaparsec (la medida anterior 73.8 km\/sec por megaparsec).<\/p>\n<p><a href=\"https:\/\/i0.wp.com\/www.panfletonegro.com\/v\/wp-content\/uploads\/2013\/03\/Planck-satellite-enhance-004.jpg\"><img data-recalc-dims=\"1\" loading=\"lazy\" decoding=\"async\" data-attachment-id=\"36105\" data-permalink=\"https:\/\/www.panfletonegro.com\/v\/2013\/03\/22\/del-universo-al-universo-del-plack\/planck-satellite-enhanced-anomalies\/\" data-orig-file=\"https:\/\/i0.wp.com\/www.panfletonegro.com\/v\/wp-content\/uploads\/2013\/03\/Planck-satellite-enhance-004.jpg?fit=1024%2C768&amp;ssl=1\" data-orig-size=\"1024,768\" data-comments-opened=\"1\" data-image-meta=\"{&quot;aperture&quot;:&quot;0&quot;,&quot;credit&quot;:&quot;Photograph: ESA and the Planck C&quot;,&quot;camera&quot;:&quot;&quot;,&quot;caption&quot;:&quot;&quot;,&quot;created_timestamp&quot;:&quot;0&quot;,&quot;copyright&quot;:&quot;&quot;,&quot;focal_length&quot;:&quot;0&quot;,&quot;iso&quot;:&quot;0&quot;,&quot;shutter_speed&quot;:&quot;0&quot;,&quot;title&quot;:&quot;Planck satellite : enhanced anomalies&quot;}\" data-image-title=\"Planck satellite : enhanced anomalies\" data-image-description=\"\" data-image-caption=\"\" data-large-file=\"https:\/\/i0.wp.com\/www.panfletonegro.com\/v\/wp-content\/uploads\/2013\/03\/Planck-satellite-enhance-004.jpg?fit=696%2C522&amp;ssl=1\" class=\"aligncenter size-medium wp-image-36105\" alt=\"Planck satellite : enhanced anomalies\" src=\"https:\/\/i0.wp.com\/www.panfletonegro.com\/v\/wp-content\/uploads\/2013\/03\/Planck-satellite-enhance-004-300x225.jpg?resize=300%2C225\" width=\"300\" height=\"225\" srcset=\"https:\/\/i0.wp.com\/www.panfletonegro.com\/v\/wp-content\/uploads\/2013\/03\/Planck-satellite-enhance-004.jpg?resize=300%2C225&amp;ssl=1 300w, https:\/\/i0.wp.com\/www.panfletonegro.com\/v\/wp-content\/uploads\/2013\/03\/Planck-satellite-enhance-004.jpg?resize=320%2C240&amp;ssl=1 320w, https:\/\/i0.wp.com\/www.panfletonegro.com\/v\/wp-content\/uploads\/2013\/03\/Planck-satellite-enhance-004.jpg?resize=145%2C108&amp;ssl=1 145w, https:\/\/i0.wp.com\/www.panfletonegro.com\/v\/wp-content\/uploads\/2013\/03\/Planck-satellite-enhance-004.jpg?resize=495%2C371&amp;ssl=1 495w, https:\/\/i0.wp.com\/www.panfletonegro.com\/v\/wp-content\/uploads\/2013\/03\/Planck-satellite-enhance-004.jpg?resize=670%2C502&amp;ssl=1 670w, https:\/\/i0.wp.com\/www.panfletonegro.com\/v\/wp-content\/uploads\/2013\/03\/Planck-satellite-enhance-004.jpg?w=1024&amp;ssl=1 1024w\" sizes=\"auto, (max-width: 300px) 100vw, 300px\" \/><\/a><\/p>\n<p>Tratar de explicar todo lo que conlleva estas im\u00e1genes es muy complicado de hacerlo en poco espacio y sin entrar en largas explicaciones t\u00e9cnicas, pero b\u00e1sicamente nos dice que no sabemos nada.<\/p>\n<p>Que hay fallas en los modelos del universo y que apuntan a cuestiones que la fisica no ha tomado en cuenta. Esto es mas excitante, ya que nuestra vision del universo esta a punto de volver a cambiar, tan radicalmente como en 1926.<\/p>\n<p>Muchos de estos datos apuntan a replantearnos la misma fisica tal como la conocemos ahora.<\/p>\n<p>Las dudas que ahora se platean cambiara nuestra manera de ver el universo en los proximos a\u00f1os. De verdad quisiera estar aqu\u00ed para verlo y asombrarme ante la infinitud que se nos abre<\/p>\n","protected":false},"excerpt":{"rendered":"<p>&nbsp; Acaban de ser liberados los datos del sat\u00e9lite Planck el cual tiene la misi\u00f3n de medir la radiaci\u00f3n de fondo c\u00f3smico del universo. Estas fotos son realmente asombrosas y nos dicen muchas cosas del universo, y nos plantea muchas mas preguntas y dudas sobre el el. Nuestra visi\u00f3n del universo es relativamente reciente, tiene [&hellip;]<\/p>\n","protected":false},"author":1033,"featured_media":36103,"comment_status":"open","ping_status":"open","sticky":false,"template":"","format":"standard","meta":{"jetpack_post_was_ever_published":false,"_jetpack_newsletter_access":"","_jetpack_dont_email_post_to_subs":false,"_jetpack_newsletter_tier_id":0,"_jetpack_memberships_contains_paywalled_content":false,"_jetpack_memberships_contains_paid_content":false,"footnotes":"","jetpack_publicize_message":"","jetpack_publicize_feature_enabled":true,"jetpack_social_post_already_shared":true,"jetpack_social_options":{"image_generator_settings":{"template":"highway","default_image_id":0,"font":"","enabled":false},"version":2}},"categories":[2439],"tags":[200],"class_list":{"0":"post-36102","1":"post","2":"type-post","3":"status-publish","4":"format-standard","5":"has-post-thumbnail","7":"category-arte","8":"tag-ciencia"},"jetpack_publicize_connections":[],"jetpack_featured_media_url":"https:\/\/i0.wp.com\/www.panfletonegro.com\/v\/wp-content\/uploads\/2013\/03\/universe-6-horizontal-gallery.jpg?fit=640%2C360&ssl=1","jetpack_shortlink":"https:\/\/wp.me\/pfpCD-9oi","jetpack_sharing_enabled":true,"_links":{"self":[{"href":"https:\/\/www.panfletonegro.com\/v\/wp-json\/wp\/v2\/posts\/36102","targetHints":{"allow":["GET"]}}],"collection":[{"href":"https:\/\/www.panfletonegro.com\/v\/wp-json\/wp\/v2\/posts"}],"about":[{"href":"https:\/\/www.panfletonegro.com\/v\/wp-json\/wp\/v2\/types\/post"}],"author":[{"embeddable":true,"href":"https:\/\/www.panfletonegro.com\/v\/wp-json\/wp\/v2\/users\/1033"}],"replies":[{"embeddable":true,"href":"https:\/\/www.panfletonegro.com\/v\/wp-json\/wp\/v2\/comments?post=36102"}],"version-history":[{"count":0,"href":"https:\/\/www.panfletonegro.com\/v\/wp-json\/wp\/v2\/posts\/36102\/revisions"}],"wp:featuredmedia":[{"embeddable":true,"href":"https:\/\/www.panfletonegro.com\/v\/wp-json\/wp\/v2\/media\/36103"}],"wp:attachment":[{"href":"https:\/\/www.panfletonegro.com\/v\/wp-json\/wp\/v2\/media?parent=36102"}],"wp:term":[{"taxonomy":"category","embeddable":true,"href":"https:\/\/www.panfletonegro.com\/v\/wp-json\/wp\/v2\/categories?post=36102"},{"taxonomy":"post_tag","embeddable":true,"href":"https:\/\/www.panfletonegro.com\/v\/wp-json\/wp\/v2\/tags?post=36102"}],"curies":[{"name":"wp","href":"https:\/\/api.w.org\/{rel}","templated":true}]}}