{"id":35981,"date":"2013-03-18T08:32:41","date_gmt":"2013-03-18T13:02:41","guid":{"rendered":"http:\/\/www.panfletonegro.com\/v\/?p=35981"},"modified":"2013-04-11T16:24:47","modified_gmt":"2013-04-11T20:54:47","slug":"concurso-poster-presidencial","status":"publish","type":"post","link":"https:\/\/www.panfletonegro.com\/v\/2013\/03\/18\/concurso-poster-presidencial\/","title":{"rendered":"Concurso P\u00f3ster Presidencial 2013"},"content":{"rendered":"<figure id=\"attachment_35982\" aria-describedby=\"caption-attachment-35982\" style=\"width: 363px\" class=\"wp-caption aligncenter\"><a href=\"https:\/\/i0.wp.com\/www.panfletonegro.com\/v\/wp-content\/uploads\/2013\/03\/486121_10151337297466139_1188772430_n.jpg\"><img data-recalc-dims=\"1\" loading=\"lazy\" decoding=\"async\" data-attachment-id=\"35982\" data-permalink=\"https:\/\/www.panfletonegro.com\/v\/2013\/03\/18\/concurso-poster-presidencial\/486121_10151337297466139_1188772430_n\/\" data-orig-file=\"https:\/\/i0.wp.com\/www.panfletonegro.com\/v\/wp-content\/uploads\/2013\/03\/486121_10151337297466139_1188772430_n.jpg?fit=363%2C273&amp;ssl=1\" data-orig-size=\"363,273\" data-comments-opened=\"1\" data-image-meta=\"{&quot;aperture&quot;:&quot;0&quot;,&quot;credit&quot;:&quot;&quot;,&quot;camera&quot;:&quot;&quot;,&quot;caption&quot;:&quot;&quot;,&quot;created_timestamp&quot;:&quot;0&quot;,&quot;copyright&quot;:&quot;&quot;,&quot;focal_length&quot;:&quot;0&quot;,&quot;iso&quot;:&quot;0&quot;,&quot;shutter_speed&quot;:&quot;0&quot;,&quot;title&quot;:&quot;&quot;}\" data-image-title=\"486121_10151337297466139_1188772430_n\" data-image-description=\"\" data-image-caption=\"&lt;p&gt;\u00abMapriles\u00bb, por @hhiperbreve&lt;\/p&gt;\n\" data-large-file=\"https:\/\/i0.wp.com\/www.panfletonegro.com\/v\/wp-content\/uploads\/2013\/03\/486121_10151337297466139_1188772430_n.jpg?fit=363%2C273&amp;ssl=1\" class=\"size-full wp-image-35982\" alt=\"&quot;Mapriles&quot;, por @hhiperbreve\" src=\"https:\/\/i0.wp.com\/www.panfletonegro.com\/v\/wp-content\/uploads\/2013\/03\/486121_10151337297466139_1188772430_n.jpg?resize=363%2C273\" width=\"363\" height=\"273\" srcset=\"https:\/\/i0.wp.com\/www.panfletonegro.com\/v\/wp-content\/uploads\/2013\/03\/486121_10151337297466139_1188772430_n.jpg?w=363&amp;ssl=1 363w, https:\/\/i0.wp.com\/www.panfletonegro.com\/v\/wp-content\/uploads\/2013\/03\/486121_10151337297466139_1188772430_n.jpg?resize=300%2C225&amp;ssl=1 300w, https:\/\/i0.wp.com\/www.panfletonegro.com\/v\/wp-content\/uploads\/2013\/03\/486121_10151337297466139_1188772430_n.jpg?resize=320%2C240&amp;ssl=1 320w, https:\/\/i0.wp.com\/www.panfletonegro.com\/v\/wp-content\/uploads\/2013\/03\/486121_10151337297466139_1188772430_n.jpg?resize=145%2C109&amp;ssl=1 145w\" sizes=\"auto, (max-width: 363px) 100vw, 363px\" \/><\/a><figcaption id=\"caption-attachment-35982\" class=\"wp-caption-text\">\u00abMapriles\u00bb, por <a href=\"http:\/\/www.twitter.com\/hhiperbreve\">@hhiperbreve<\/a><\/figcaption><\/figure>\n<p style=\"text-align: justify\">Una vez m\u00e1s <a href=\"http:\/\/www.elchiguirebipolar.net\/10-03-2013\/pais-entero-dice-al-unisono-que-ladilla-elecciones-otra-vez\/\">la ladilla<\/a> electoral. Sabemos que te aburre, sabemos que es enfermizo, sabemos que votamos con cierta resignaci\u00f3n. \u00abEs lo menos malo\u00bb, nos tranquilizamos. Por eso en <a href=\"http:\/\/www.panfletonegro.com\">panfletonegro<\/a> tratamos de hacerlo m\u00e1s llevadero, nos cagamos en los formalismos excesivos y en toda la grandilocuencia \u00abdemocr\u00e1tica\u00bb que suele atosigarnos por estos d\u00edas.<\/p>\n<p style=\"text-align: justify\">No s\u00f3lo nuestros colaboradores procuran leer el momento de forma descarnada y carente de compromisos, con cierto desencanto apocal\u00edptico que provoca que muchos nos lean y se averg\u00fcencen, sino que este a\u00f1o, como<a href=\"http:\/\/www.panfletonegro.com\/v\/2012\/07\/16\/el-ganador-es-2012\/\"> ya lo hici\u00e9ramos en la elecci\u00f3n pasada<\/a>, te invitamos a que formes parte de todo esto. Danos tu lectura del momento y expresa, gr\u00e1ficamente y por escrito, c\u00f3mo te sientes respecto al momento electoral. Para eso creamos el&#8230;<\/p>\n<p>&nbsp;<\/p>\n<p style=\"text-align: center\"><span style=\"font-size: 40px;line-height: normal\"><strong>Concurso P\u00f3ster Presidencial 2013<\/strong><\/span><\/p>\n<p>&nbsp;<\/p>\n<p style=\"text-align: justify\"><strong>1)<\/strong> Podr\u00e1n participar todos los interesados <strong>dejando en este post un comentario<\/strong> con una imagen de creaci\u00f3n propia, cuyo tema sea el venidero proceso electoral Presidencial. La imagen deber\u00e1 ir acompa\u00f1ada de un comentario que responda a la pregunta \u00bfQu\u00e9 har\u00edas si fueras Presidente de Venezuela durante 24 horas? Podr\u00e1n dejar tantos comentarios como quieran.<\/p>\n<p style=\"text-align: left\"><strong>Para insertar la imagen en el comentario, escribe<\/strong> &lt;img src=\u00bbhttp:\/\/direccionAtuImagen.jpg\u00bb\/&gt;<\/p>\n<p style=\"text-align: justify\">\n<p>&nbsp;<\/p>\n<p style=\"text-align: justify\"><strong>2)<\/strong> Se elegir\u00e1 un ganador en base a la cantidad de votos positivos que reciba su comentario.<\/p>\n<p><strong>\u00a1No te olvides de votar!<\/strong> Con las manos <a href=\"https:\/\/i0.wp.com\/www.panfletonegro.com\/v\/wp-content\/uploads\/2012\/10\/votos.jpg\"><img data-recalc-dims=\"1\" loading=\"lazy\" decoding=\"async\" data-attachment-id=\"31367\" data-permalink=\"https:\/\/www.panfletonegro.com\/v\/2012\/10\/30\/bolivarian-gore-film-festival-2012\/votos\/\" data-orig-file=\"https:\/\/i0.wp.com\/www.panfletonegro.com\/v\/wp-content\/uploads\/2012\/10\/votos.jpg?fit=62%2C35&amp;ssl=1\" data-orig-size=\"62,35\" data-comments-opened=\"1\" data-image-meta=\"{&quot;aperture&quot;:&quot;0&quot;,&quot;credit&quot;:&quot;&quot;,&quot;camera&quot;:&quot;&quot;,&quot;caption&quot;:&quot;&quot;,&quot;created_timestamp&quot;:&quot;0&quot;,&quot;copyright&quot;:&quot;&quot;,&quot;focal_length&quot;:&quot;0&quot;,&quot;iso&quot;:&quot;0&quot;,&quot;shutter_speed&quot;:&quot;0&quot;,&quot;title&quot;:&quot;&quot;}\" data-image-title=\"votos\" data-image-description=\"\" data-image-caption=\"\" data-large-file=\"https:\/\/i0.wp.com\/www.panfletonegro.com\/v\/wp-content\/uploads\/2012\/10\/votos.jpg?fit=62%2C35&amp;ssl=1\" class=\"aligncenter size-full wp-image-31367\" alt=\"\" src=\"https:\/\/i0.wp.com\/www.panfletonegro.com\/v\/wp-content\/uploads\/2012\/10\/votos.jpg?resize=62%2C35\" width=\"62\" height=\"35\" \/><\/a><\/p>\n<p style=\"text-align: justify\">\n<p>&nbsp;<\/p>\n<p style=\"text-align: justify\"><strong>3) <\/strong>Los comentarios podr\u00e1n publicarse desde este momento hasta la <strong>media noche del jueves 11 de abril de 2013 <\/strong>(hora de Venezuela: GMT -4:30). A esa hora se cerrar\u00e1n los comentarios en esta entrada y se validar\u00e1 la votaci\u00f3n que hasta ese momento tengan los comentarios participantes.<\/p>\n<p style=\"text-align: justify\">\n<p>&nbsp;<\/p>\n<p style=\"text-align: justify\"><strong>4)<\/strong> El viernes 12 de abril de 2013, a las 9:00 am se publicar\u00e1 en Panfleto Negro el resultado de la votaci\u00f3n, destacando adem\u00e1s del ganador los diez m\u00e1s votados.<\/p>\n<p style=\"text-align: justify\">\n<p>&nbsp;<\/p>\n<p style=\"text-align: justify\"><strong>5)<\/strong> En ese mismo momento nuestros colaboradores contactar\u00e1n a la persona ganadora para realizarle una breve entrevista. As\u00ed mismo, si el ganador se dedica al dise\u00f1o gr\u00e1fico, publicaremos junto con la entrevista, un link a su trabajo, as\u00ed como los tel\u00e9fonos y datos de contacto para qui\u00e9n est\u00e9 interesado en contratar sus servicios.<\/p>\n<p style=\"text-align: justify\">\n<p style=\"text-align: justify\">La imagen ganadora figurar\u00e1 en la portada del Fan-Page de Panfleto Negro durante dos semanas, debidamente acreditada a su autor.<\/p>\n","protected":false},"excerpt":{"rendered":"<p>Una vez m\u00e1s la ladilla electoral. Sabemos que te aburre, sabemos que es enfermizo, sabemos que votamos con cierta resignaci\u00f3n. \u00abEs lo menos malo\u00bb, nos tranquilizamos. Por eso en panfletonegro tratamos de hacerlo m\u00e1s llevadero, nos cagamos en los formalismos excesivos y en toda la grandilocuencia \u00abdemocr\u00e1tica\u00bb que suele atosigarnos por estos d\u00edas. No s\u00f3lo [&hellip;]<\/p>\n","protected":false},"author":1901,"featured_media":35982,"comment_status":"open","ping_status":"open","sticky":false,"template":"","format":"standard","meta":{"jetpack_post_was_ever_published":false,"_jetpack_newsletter_access":"","_jetpack_dont_email_post_to_subs":false,"_jetpack_newsletter_tier_id":0,"_jetpack_memberships_contains_paywalled_content":false,"_jetpack_memberships_contains_paid_content":false,"footnotes":"","jetpack_publicize_message":"","jetpack_publicize_feature_enabled":true,"jetpack_social_post_already_shared":true,"jetpack_social_options":{"image_generator_settings":{"template":"highway","default_image_id":0,"font":"","enabled":false},"version":2}},"categories":[2439],"tags":[2438],"class_list":{"0":"post-35981","1":"post","2":"type-post","3":"status-publish","4":"format-standard","5":"has-post-thumbnail","7":"category-arte","8":"tag-posterpresidencialpn13"},"jetpack_publicize_connections":[],"jetpack_featured_media_url":"https:\/\/i0.wp.com\/www.panfletonegro.com\/v\/wp-content\/uploads\/2013\/03\/486121_10151337297466139_1188772430_n.jpg?fit=363%2C273&ssl=1","jetpack_shortlink":"https:\/\/wp.me\/pfpCD-9ml","jetpack_sharing_enabled":true,"_links":{"self":[{"href":"https:\/\/www.panfletonegro.com\/v\/wp-json\/wp\/v2\/posts\/35981","targetHints":{"allow":["GET"]}}],"collection":[{"href":"https:\/\/www.panfletonegro.com\/v\/wp-json\/wp\/v2\/posts"}],"about":[{"href":"https:\/\/www.panfletonegro.com\/v\/wp-json\/wp\/v2\/types\/post"}],"author":[{"embeddable":true,"href":"https:\/\/www.panfletonegro.com\/v\/wp-json\/wp\/v2\/users\/1901"}],"replies":[{"embeddable":true,"href":"https:\/\/www.panfletonegro.com\/v\/wp-json\/wp\/v2\/comments?post=35981"}],"version-history":[{"count":0,"href":"https:\/\/www.panfletonegro.com\/v\/wp-json\/wp\/v2\/posts\/35981\/revisions"}],"wp:featuredmedia":[{"embeddable":true,"href":"https:\/\/www.panfletonegro.com\/v\/wp-json\/wp\/v2\/media\/35982"}],"wp:attachment":[{"href":"https:\/\/www.panfletonegro.com\/v\/wp-json\/wp\/v2\/media?parent=35981"}],"wp:term":[{"taxonomy":"category","embeddable":true,"href":"https:\/\/www.panfletonegro.com\/v\/wp-json\/wp\/v2\/categories?post=35981"},{"taxonomy":"post_tag","embeddable":true,"href":"https:\/\/www.panfletonegro.com\/v\/wp-json\/wp\/v2\/tags?post=35981"}],"curies":[{"name":"wp","href":"https:\/\/api.w.org\/{rel}","templated":true}]}}