{"id":35792,"date":"2013-03-10T17:08:38","date_gmt":"2013-03-10T21:38:38","guid":{"rendered":"http:\/\/www.panfletonegro.com\/v\/?p=35792"},"modified":"2013-03-11T10:11:41","modified_gmt":"2013-03-11T14:41:41","slug":"15-anos-con-chavez-en-el-espejo","status":"publish","type":"post","link":"https:\/\/www.panfletonegro.com\/v\/2013\/03\/10\/15-anos-con-chavez-en-el-espejo\/","title":{"rendered":"15  a\u00f1os con Ch\u00e1vez en el espejo"},"content":{"rendered":"<p><a href=\"https:\/\/i0.wp.com\/www.panfletonegro.com\/v\/wp-content\/uploads\/2013\/03\/IMG03486-20130307-0842.jpg\"><img data-recalc-dims=\"1\" loading=\"lazy\" decoding=\"async\" alt=\"IMG03486-20130307-0842\" src=\"https:\/\/i0.wp.com\/www.panfletonegro.com\/v\/wp-content\/uploads\/2013\/03\/IMG03486-20130307-0842-300x225.jpg?resize=300%2C225\" width=\"300\" height=\"225\" \/><\/a><\/p>\n<p><em>Desahogo y registro personal de lo que signific\u00f3\u00a0<strong>Ch\u00e1vez<\/strong>\u00a0en estos 15 a\u00f1os para m\u00ed y lo que considero nos conviene tomar como lecci\u00f3n a su partida.<\/em><\/p>\n<p>&nbsp;<\/p>\n<p>Varios meses pasamos en esa incertidumbre de lo que suced\u00eda con la salud de Ch\u00e1vez. Despu\u00e9s de la cadena m\u00e1s impactante de todas, donde, aludiendo a la posibilidad de una ausencia definitiva, el presidente aconsej\u00f3 a sus seguidores confiar la continuidad de la Revoluci\u00f3n Bolivariana a Nicol\u00e1s Maduro, el \u00e1nimo aprehensivo se hizo constante en voceros del Gobierno para tocar el asunto. La informaci\u00f3n se administr\u00f3 a cuentagotas revelando pocos aspectos del tema y dejando otros en absoluta oscuridad.<\/p>\n<p><em id=\"__mceDel\"><br \/>\n<\/em>Bajo ese clima tan inestable, la discrecionalidad y reserva informativa se disfraz\u00f3 de escuetos boletines. Muy dif\u00edcil resultaba mantenerse al margen del hervidero de rumores con que, l\u00f3gicamente, muchos comenzaron a llenar esas ausencias. \u201cQue Ch\u00e1vez no est\u00e1 tan enfermo como dicen\u201d; \u201cQue est\u00e1 muri\u00e9ndose en Cuba y tampoco lo dicen\u201d; Y cuando, por fin -con una Navidad y A\u00f1o Nuevo marcados por la suspensi\u00f3n de celebraciones, que suger\u00eda un luto nacional a medias- , anuncian el intempestivo regreso del llamado Comandante en Jefe, se divulga en un traslado que, una vez ejecutado, mostr\u00f3 evidencias muy poco convincentes. \u201cDicen que se lo trajeron al Hospital Militar, pero nadie ha visto m\u00e1s que una foto\u201d fue la reserva con que muchos recibimos la noticia.<\/p>\n<p>Lo cierto es que entre una cosa y otra, mi sensaci\u00f3n y, estoy segura, la predominante en el pa\u00eds, era de incertidumbre, de suspensi\u00f3n indefinida en un v\u00e9rtigo colectivo donde lo que se revelaba no era suficiente para conservar certeza alguna sobre lo que suced\u00eda.<\/p>\n<p>Lleg\u00f3 el 5 de marzo, y luego de una cadena donde la enumeraci\u00f3n de convocados, el lenguaje y contenido, ya daban un cierto adelanto de lo que se esperaba, surgi\u00f3 el anunci\u00f3 que hab\u00eda flotado como probabilidad durante todos los meses anteriores: Muri\u00f3 Ch\u00e1vez.<\/p>\n<p>All\u00ed estaba la corroboraci\u00f3n de lo inevitable. Tibio, sin alegr\u00eda ni tristeza, sent\u00ed el alivio de un desenlace cierto revelado ante ese juego trancado que ya mostr\u00e1bamos como estatus de pa\u00eds. Digo yo que tantos d\u00edas de preparaci\u00f3n mental, contradicciones, avances y retrocesos sobre el asunto, no me permitieron conectar con emociones m\u00e1s profundas.<\/p>\n<p>Me asom\u00e9 al balc\u00f3n, y lo que pod\u00eda verse era muestra del temor que tra\u00edamos inoculado en el cuerpo como reacci\u00f3n para ese d\u00eda. La prudencia del ser querido dici\u00e9ndonos: \u201cMosca en la calle, que la gente est\u00e1 sensible y no sabemos c\u00f3mo puedan reaccionar. Si ves que la cosa se pone fea, eval\u00faa bien si te vienes corriendo a la casa o te quedas donde est\u00e9s\u201d.<\/p>\n<p>Todos parecieron irse por la primera opci\u00f3n. Autom\u00e1ticamente la mayor\u00eda de los comercios comenzaron a cerrar sus puertas. La premisa silenciosa y desesperada de quienes a\u00fan estaban en la calle parec\u00eda ser alcanzar el resguardo de sus hogares, a la brevedad posible.<\/p>\n<p>Lo que pude percibir en mi zona y mis herramientas sociales, es que en un momento tan delicado los inescrupulosos fueron minor\u00eda. El comedimiento en el discurso, por respeto al dolor de quienes le profesaban afecto, fue la reacci\u00f3n asumida por muchos, siempre con sus vergonzosas excepciones. Con los dos o tres desatinos de quienes conf\u00edan sus malestares al aparente alivio de la venganza.<\/p>\n<p>En casa, comenz\u00f3 el cruce de llamadas. Las preferencias pol\u00edticas de los que nos comunic\u00e1bamos poco influy\u00f3 en el \u00e1nimo de cerciorarse de que todos los seres queridos y cercanos estaban bien. Mi mayor preocupaci\u00f3n estaba con mi pap\u00e1, quien se encontraba fuera de casa trabajando, y cuyo dolor ante la noticia muy bien pod\u00eda anticipar. A mam\u00e1 ya la hab\u00eda visto asumir lo irreversible del estado de salud de Ch\u00e1vez. Mi hermano estaba en su casa, y mi hermana ya se hab\u00eda ocupado de advertir que ven\u00eda en camino.<\/p>\n<p>As\u00ed nos tom\u00f3 el punto final (para muchos suspensivo) de quien, durante 15 a\u00f1os, se mantuvo casi omnipresente en nuestras vidas. Del candidato que sac\u00f3 a muchos familiares de un abstencionismo casi cr\u00f3nico. Que los apasion\u00f3 lo suficiente, a favor o en contra, como para que un madrugonazo y una cola de horas para votar, valiera la pena.<\/p>\n<p>En mi balance personal, Ch\u00e1vez engloba los vericuetos de mi madurez pol\u00edtica. Fue el primer pol\u00edtico cuya labia me deslumbr\u00f3, al que escuch\u00e9 proponer reivindicaciones y luchas de las que s\u00f3lo hab\u00eda o\u00eddo hablar en casa, tocar temas por los que mis compa\u00f1eros del colegio y liceo parec\u00edan no interesarse, y que a los profesores tampoco parec\u00edan incumbir mucho. Fue el primer pol\u00edtico que vi enfrentado a la negaci\u00f3n casi enfermiza del venezolano com\u00fan para asumir sus sombras y complejos; que, consider\u00e9, se atrev\u00eda a descuidar las formas para mostrar el fondo, a se\u00f1alar vicios que el tiempo y la desidia ya hab\u00edan tornado tradiciones. Fue el candidato con el que decid\u00ed inaugurar mi derecho al voto, y el primero por el que en mi casa se celebr\u00f3 un anuncio de triunfo electoral. Posteriormente, el \u00fanico presidente por el que me pareci\u00f3 necesario marchar, por el \u00fanico que llegue a ver a tanta gente movilizada, interesada en temas de incumbencia general que yac\u00edan enterrados en nuestra anomia ciudadana, tanta gente hablando de nuestra Constituci\u00f3n, atenta a un anuncio pol\u00edtico o econ\u00f3mico, sinti\u00e9ndose protagonistas de su destino. Tambi\u00e9n fue el primer presidente por el que sent\u00ed dolor. Dolor por sus flaquezas, por eso que poco a poco fue torn\u00e1ndolo tan inconsistente en lo que hab\u00eda representado para m\u00ed, por esa brecha de desconocimiento de todo lo que hab\u00eda constituido su valor e importancia, por el atrevimiento de asumirse diferente permitiendo la repetici\u00f3n y empeoramiento de viejos vicios, por el sinsabor de traicionar tantas expectativas y dejar a muchos, nuevamente, suspendidos en las ilusiones vanas de la politiquer\u00eda.<\/p>\n<p>Por eso y m\u00e1s, hoy tengo conciencia vivencial de muchas cosas que en casa hab\u00eda escuchado mencionar, pero que s\u00f3lo se fortalecen como convicciones personales ante la potencia decisiva de las circunstancias. Mi experiencia en estos quince a\u00f1os me ense\u00f1\u00f3 a saber tomar distancia de los apasionamientos en materias que requieren la aproximaci\u00f3n m\u00e1s sesuda posible, de rechazar el influjo ruin de los resentimientos, a no desmedrar el valor del respeto y empat\u00eda por el otro, y a no olvidar, bajo ninguna condici\u00f3n, aquel dicho que reza: \u201cel diablo est\u00e1 en los detalles\u201d.<\/p>\n<p>Sin duda, no somos los mismos despu\u00e9s de Ch\u00e1vez. Pero s\u00f3lo de cada uno de nosotros, los venezolanos, depender\u00e1 que eso que ahora somos, y que en un futuro queremos ser, sea mejor que aquello que lo precedi\u00f3. Y aunque los llamados \u201cZorros y Camaleones\u201d de este pa\u00eds nunca falten, y hagan todo lo posible por cercenar nuestras esperanzas paraliz\u00e1ndonos en el miedo, lo que v\u00ed el 7 de marzo en el velorio de Ch\u00e1vez me mostr\u00f3 de forma descarnada todo eso que hoy nos destruye, pero tambi\u00e9n todo eso que, debajo del ruido de la generalizaci\u00f3n, podemos pulir y hacer nuestro mayor potencial.<\/p>\n<p>Ese d\u00eda, madrugu\u00e9 y acord\u00e9 con un grupo de amigas asistir a la capilla ardiente a palpar el impacto hist\u00f3rico que la ausencia de un l\u00edder pol\u00edtico con la trascendencia de Hugo Rafael Ch\u00e1vez Fr\u00edas, tiene en sectores poblacionales que, a\u00fan despu\u00e9s de muerto, contin\u00faan profes\u00e1ndole su m\u00e1s ac\u00e9rrima devoci\u00f3n.<\/p>\n<p>Con algo de temor por lo que, en nuestra estampa, pudiese aludir al imaginario que extremistas del proyecto bolivariano interpretan por \u201cescu\u00e1lido\u201d, nos encaminamos hacia El Valle, zona en que queda ubicada la Academia Militar donde, en una procesi\u00f3n multitudinaria, fue trasladado el f\u00e9retro el d\u00eda anterior.<\/p>\n<p>Arrancando en Bellas Artes, todas las estaciones del metro mostraban un conglomerado de gente que con franelas rojas, gorras o consignas, ya dejaba entrever su ruta. La afluencia en la superficie no fue distinta. Todas las calles mostraban grupos de gente caminando hacia un mismo destino. Cruzando las calles de forma ca\u00f3tica, nos topamos a unos \u201ccompatriotas\u201d que nos comentaron venir de Guatire. Viejitas, j\u00f3venes, gorditos, flacos, y hasta discapacitados, iban decididos a rendir los \u00faltimos honores a su l\u00edder.<\/p>\n<p>Ya en las afueras de la Academia, nos recibi\u00f3 un marem\u00e1gnum de gente que nos brind\u00f3 un marco referencial de lo que nos esperaba a lo largo y ancho de todo el paseo Los Pr\u00f3ceres y sus alrededores. Colas de personas que comentaban venir de diversas regiones del pa\u00eds, y que aseguraba llevar hasta m\u00e1s de 9 horas de penurias, esperando su turno para pasar a agradecer alguna atenci\u00f3n brindada por el llamado proceso, a enfrentar y llorar la \u00faltima imagen de quien aprendieron a admirar y amar como a un ser muy cercano.<\/p>\n<p>Casi 40 minutos de caminata r\u00e1pida e ininterrumpida nos llev\u00f3 alcanzar el final de la cola. Pr\u00e1cticamente pudimos habernos ahorrado dos estaciones de metro, pero tambi\u00e9n percepciones que s\u00f3lo obtuvimos caminando desorientadas entre la confusi\u00f3n de colas que iban y ven\u00edan conteniendo la inmensa masa de dolientes. Un ejemplo de eso, fue cuando se nos ocurri\u00f3 preguntar a un se\u00f1or d\u00f3nde estaba el fin de la cola y nos dio una indicaci\u00f3n que no coincid\u00eda con la l\u00f3gica de las m\u00e1s orientadas del grupo. Al repreguntar a otra se\u00f1ora, se preocup\u00f3 en se\u00f1alarnos la ruta correctamente y en indagar sobre quien nos hab\u00eda brindado la informaci\u00f3n errada, pues, de acuerdo a su concepci\u00f3n de comportamiento bolivariano, \u201cun chavista JAM\u00c1S debe enga\u00f1ar a otro chavista\u201d.<\/p>\n<p>Ya en la cola, comenzamos a desesperarnos por el poco avance que mostraba ante el paso de los minutos. A todos nos preocupaba la falta de previsi\u00f3n con respecto a ba\u00f1os y puntos de hidrataci\u00f3n, la ausencia absoluta de autoridades que dieran un sentido de orden a las filas y la constante oportunidad que tal desorden representaba para quienes deseaban ahorrarse el esfuerzo de hacer la cola correctamente. Las marejadas de gente nunca pararon de llegar. Haciendo c\u00e1lculos optimistas, contrastando con informaciones de periodistas en twitter, conclu\u00edmos que 13 horas de aguante, como m\u00ednimo, podr\u00eda exigirnos la meta.<\/p>\n<p>Varias veces ante focos de desorden en las colas, escuch\u00e9 la premisa: \u00a1tengamos disciplina! en boca de quienes no tardaban en asegurar que ese ser\u00eda el deseo del Comandante en esas circunstancias. Mucha camarader\u00eda y solidaridad pude percibir de quienes se sent\u00edan hermanados por su obra. Si a alguno le faltaba agua o comida, otro le indicaba c\u00f3mo conseguirla, si alguno se quejaba de que ten\u00eda que irse a trabajar, otro se ofrec\u00eda a guardarle el puesto hasta que pudiese regresar. Sin embargo, aproximadamente despu\u00e9s de unas 6 horas de permanencia y un par de intentos de coleo por parte de grupos de personas identificadas con chemises de la Unefa y Pdvsa La Estancia, lleg\u00f3 el temido punto en que los \u00e1nimos se desbocaron, se rompieron las filas y todos comenzaron a correr en desbandada hacia el lugar que albergaba el cad\u00e1ver presidencial. Al parecer un rumor de cierre de acceso al f\u00e9retro, propici\u00f3 la reacci\u00f3n masiva. Mientras corr\u00edamos agarradas, tratando de no separarnos ni perdernos el rastro, pudimos ver c\u00f3mo el fanatismo sobrepuesto a la prudencia, hac\u00eda que madres y abuelas con ni\u00f1os muy peque\u00f1os se arriesgaran a cruzar la apretujada masa de gente, tras la meta de glorificar en conjunto al \u00eddolo fallecido.<\/p>\n<p>Muchas reflexiones me vinieron a la mente con todo lo que pude ver antes de darme por vencida por el agotamiento y el caos de la jornada funeraria. La primera, est\u00e1 relacionada con la necesidad de acercamiento entre los sectores sociales que conforman a la Venezuela actual. Necesitamos mayor convivencia, espacios donde nos mezclemos con eso que consideramos diferente para poder, desde la empat\u00eda, percibir valores, motivaciones, potenciales y terrenos comunes. Hay mucho prejuicio, demasiada descalificaci\u00f3n, actitud defensiva y miedo hacia el otro. Los vicios o actitudes antisociales no son exclusividad de un sector, aqu\u00ed hay corruptos, delincuentes y malvivientes de todos los colores, posiciones y or\u00edgenes. Necesitamos atrevernos a desmontar esos estereotipos negativos que tenemos respecto a la otra mitad del pa\u00eds, ver el lado humano de lo que nos hemos acostumbrado a englobar como amenazante y ajeno. Saber que s\u00ed hay extremistas de lado y lado, que mucho agreden y da\u00f1an, pero que no son la mayor\u00eda que, algunos interesados en sacar ganancia de la polarizaci\u00f3n, nos quieren hacer creer. Que incluso detr\u00e1s de esa violencia que concentran y manipulan sus discursos, hay una fragilidad, un dolor que se hizo arma y una herida que debemos procurar sanar en lugar de hacer m\u00e1s profunda. Comenzando por nosotros mismos, no caigamos en el error de potenciar furias o manipulaciones que brinden plataforma a pol\u00edticos inescrupulosos. Si las buscamos, en estos 15 a\u00f1os de agresiones a mansalva, siempre habr\u00e1 algo para justificar la continuidad del resentimiento. Conciliar es indispensable y en ello la coherencia personal y la comunicaci\u00f3n con el otro es primordial.<\/p>\n<p>Asimismo, compartiendo toda esta experiencia con familiares y amigos que tambi\u00e9n asistieron a las exequias, coincidimos en el asombro ante la persistencia y disciplina que muestra un amplio sector de los llamados \u201crevolucionarios\u201d cada vez que se trazan un objetivo. Durante mis a\u00f1os afines al chavismo, fueron m\u00faltiples las historias de traves\u00edas auto motivadas de las que tuve constancia cercana por parte de algunos seguidores que asist\u00edan a sus marchas multitudinarias, o que sencillamente decid\u00edan participar o dejar sentada su posici\u00f3n en alg\u00fan asunto relacionado con este proyecto pol\u00edtico, sin el incentivo de la d\u00e1diva que en m\u00faltiples oportunidades Ch\u00e1vez populariz\u00f3 como \u201crecompensa\u201d a sus simpatizantes y que muchos interpretan erradamente como \u00fanica motivaci\u00f3n del chavismo. Por supuesto, este adi\u00f3s a Ch\u00e1vez no fue la excepci\u00f3n. Muchas personas de pueblos muy remotos del pa\u00eds, con posibilidades econ\u00f3micas muy precarias, y la suma de incomodidades que sirvi\u00f3 como marco al velorio, se vinieron y mantuvieron bajo riesgo propio en la zona, s\u00f3lo por el impulso de expresar o manifestar el dolor por su muerte. Ya quisi\u00e9ramos muchos la misma tenacidad y compromiso de metas para quienes hoy representan ese otro bando pol\u00edtico que pugna por el poder, tomando lo positivo del ejemplo y comprendiendo que es imposible lograr cosas importantes sin sacrificios ni esfuerzos que rebasen la propia comodidad e inter\u00e9s.<\/p>\n<p>Por eso, aunque muchos aspectos del convulsionado panorama social de nuestra naci\u00f3n sirvan m\u00e1s para atizar el pesimismo, que para motivarnos, bueno es recordar que la evasi\u00f3n de realidades y el retraso de soluciones s\u00f3lo perjudicar\u00e1 a todos los que aqu\u00ed vivimos.<\/p>\n<p>Nadie m\u00e1s que nosotros tiene el deber de luchar por la recuperaci\u00f3n de nuestra ciudadan\u00eda e instituciones, as\u00ed como por la defensa de cada derecho que la restituya a su estado ideal. Lo que \u201cse nos venga\u201d en lo sucesivo, igual que todo lo que podemos mostrar hoy, es resultado de nosotros mismos e implica necesariamente nuestra participaci\u00f3n. Dejemos de sentirnos v\u00edctimas de las circunstancias y procesemos las lecciones que en todos estos a\u00f1os se nos han mostrado muy claramente. Asimilemos los aspectos \u00fatiles que nos cohesionan y enfilemos nuestras energ\u00edas en un sentido positivo para todos, entendiendo que TODOS engloba tanto al que no extra\u00f1ar\u00e1 ni un poco a Ch\u00e1vez, como el que lo llorar\u00e1 inconsolablemente por muchos a\u00f1os m\u00e1s.<\/p>\n<p>Foto: Rossel Yakary Prado @MrsYaky<\/p>\n","protected":false},"excerpt":{"rendered":"<p>Desahogo y registro personal de lo que signific\u00f3\u00a0Ch\u00e1vez\u00a0en estos 15 a\u00f1os para m\u00ed y lo que considero nos conviene tomar como lecci\u00f3n a su partida. &nbsp; Varios meses pasamos en esa incertidumbre de lo que suced\u00eda con la salud de Ch\u00e1vez. Despu\u00e9s de la cadena m\u00e1s impactante de todas, donde, aludiendo a la posibilidad de [&hellip;]<\/p>\n","protected":false},"author":2320,"featured_media":0,"comment_status":"open","ping_status":"open","sticky":false,"template":"","format":"standard","meta":{"jetpack_post_was_ever_published":false,"_jetpack_newsletter_access":"","_jetpack_dont_email_post_to_subs":false,"_jetpack_newsletter_tier_id":0,"_jetpack_memberships_contains_paywalled_content":false,"_jetpack_memberships_contains_paid_content":false,"footnotes":"","jetpack_publicize_message":"","jetpack_publicize_feature_enabled":true,"jetpack_social_post_already_shared":true,"jetpack_social_options":{"image_generator_settings":{"template":"highway","default_image_id":0,"font":"","enabled":false},"version":2}},"categories":[3],"tags":[45,135,2432,2433,2352,2431,1309,2385,2430,311,2422,2269,288,2434,44],"class_list":{"0":"post-35792","1":"post","2":"type-post","3":"status-publish","4":"format-standard","6":"category-descontento","7":"tag-chavez","8":"tag-chavismo","9":"tag-comandante","10":"tag-comunicacion","11":"tag-empatia","12":"tag-feretro","13":"tag-gobierno","14":"tag-informacion","15":"tag-miedo","16":"tag-muerte","17":"tag-muertedechavez","18":"tag-nicolas-maduro","19":"tag-presidente","20":"tag-rumor","21":"tag-venezuela"},"jetpack_publicize_connections":[],"jetpack_featured_media_url":"","jetpack_shortlink":"https:\/\/wp.me\/pfpCD-9ji","jetpack_sharing_enabled":true,"_links":{"self":[{"href":"https:\/\/www.panfletonegro.com\/v\/wp-json\/wp\/v2\/posts\/35792","targetHints":{"allow":["GET"]}}],"collection":[{"href":"https:\/\/www.panfletonegro.com\/v\/wp-json\/wp\/v2\/posts"}],"about":[{"href":"https:\/\/www.panfletonegro.com\/v\/wp-json\/wp\/v2\/types\/post"}],"author":[{"embeddable":true,"href":"https:\/\/www.panfletonegro.com\/v\/wp-json\/wp\/v2\/users\/2320"}],"replies":[{"embeddable":true,"href":"https:\/\/www.panfletonegro.com\/v\/wp-json\/wp\/v2\/comments?post=35792"}],"version-history":[{"count":0,"href":"https:\/\/www.panfletonegro.com\/v\/wp-json\/wp\/v2\/posts\/35792\/revisions"}],"wp:attachment":[{"href":"https:\/\/www.panfletonegro.com\/v\/wp-json\/wp\/v2\/media?parent=35792"}],"wp:term":[{"taxonomy":"category","embeddable":true,"href":"https:\/\/www.panfletonegro.com\/v\/wp-json\/wp\/v2\/categories?post=35792"},{"taxonomy":"post_tag","embeddable":true,"href":"https:\/\/www.panfletonegro.com\/v\/wp-json\/wp\/v2\/tags?post=35792"}],"curies":[{"name":"wp","href":"https:\/\/api.w.org\/{rel}","templated":true}]}}