{"id":35781,"date":"2013-03-10T13:00:40","date_gmt":"2013-03-10T17:30:40","guid":{"rendered":"http:\/\/www.panfletonegro.com\/v\/?p=35781"},"modified":"2013-03-13T03:36:45","modified_gmt":"2013-03-13T08:06:45","slug":"conejo-de-pascuas-se-adelanto-y-trajo-nemas-coloridas-piches","status":"publish","type":"post","link":"https:\/\/www.panfletonegro.com\/v\/2013\/03\/10\/conejo-de-pascuas-se-adelanto-y-trajo-nemas-coloridas-piches\/","title":{"rendered":"CONEJO DE PASCUAS SE ADELANT\u00d3 Y TRAJO \u00ab\u00d1EMAS COLORIDAS PICHES\u00bb"},"content":{"rendered":"<p><a href=\"https:\/\/i0.wp.com\/www.panfletonegro.com\/v\/wp-content\/uploads\/2013\/03\/1_17043.jpg\"><img data-recalc-dims=\"1\" loading=\"lazy\" decoding=\"async\" data-attachment-id=\"35785\" data-permalink=\"https:\/\/www.panfletonegro.com\/v\/2013\/03\/10\/conejo-de-pascuas-se-adelanto-y-trajo-nemas-coloridas-piches\/1_17043\/\" data-orig-file=\"https:\/\/i0.wp.com\/www.panfletonegro.com\/v\/wp-content\/uploads\/2013\/03\/1_17043.jpg?fit=648%2C486&amp;ssl=1\" data-orig-size=\"648,486\" data-comments-opened=\"1\" data-image-meta=\"{&quot;aperture&quot;:&quot;0&quot;,&quot;credit&quot;:&quot;&quot;,&quot;camera&quot;:&quot;&quot;,&quot;caption&quot;:&quot;&quot;,&quot;created_timestamp&quot;:&quot;0&quot;,&quot;copyright&quot;:&quot;&quot;,&quot;focal_length&quot;:&quot;0&quot;,&quot;iso&quot;:&quot;0&quot;,&quot;shutter_speed&quot;:&quot;0&quot;,&quot;title&quot;:&quot;&quot;}\" data-image-title=\"1_17043\" data-image-description=\"\" data-image-caption=\"\" data-large-file=\"https:\/\/i0.wp.com\/www.panfletonegro.com\/v\/wp-content\/uploads\/2013\/03\/1_17043.jpg?fit=648%2C486&amp;ssl=1\" class=\"alignleft size-thumbnail wp-image-35785\" alt=\"1_17043\" src=\"https:\/\/i0.wp.com\/www.panfletonegro.com\/v\/wp-content\/uploads\/2013\/03\/1_17043-150x150.jpg?resize=150%2C150\" width=\"150\" height=\"150\" srcset=\"https:\/\/i0.wp.com\/www.panfletonegro.com\/v\/wp-content\/uploads\/2013\/03\/1_17043.jpg?resize=150%2C150&amp;ssl=1 150w, https:\/\/i0.wp.com\/www.panfletonegro.com\/v\/wp-content\/uploads\/2013\/03\/1_17043.jpg?resize=75%2C75&amp;ssl=1 75w, https:\/\/i0.wp.com\/www.panfletonegro.com\/v\/wp-content\/uploads\/2013\/03\/1_17043.jpg?resize=210%2C210&amp;ssl=1 210w, https:\/\/i0.wp.com\/www.panfletonegro.com\/v\/wp-content\/uploads\/2013\/03\/1_17043.jpg?zoom=2&amp;resize=150%2C150&amp;ssl=1 300w, https:\/\/i0.wp.com\/www.panfletonegro.com\/v\/wp-content\/uploads\/2013\/03\/1_17043.jpg?zoom=3&amp;resize=150%2C150&amp;ssl=1 450w\" sizes=\"auto, (max-width: 150px) 100vw, 150px\" \/><\/a>En estos \u00bfaciagos? d\u00edas posteriores al presunto fenecimiento del presidente Hugo Ch\u00e1vez, subrayo PRESUNTO\u00a0 por la desinformaci\u00f3n y ocultamiento reiterado del paradero e imagen que sobre el presidente el oficialismo dej\u00f3 y ha dejado de brindar al pueblo Venezolano, \u00a0obra y desgracia de la c\u00fapula del gobierno actual. Si acaso ahora lo dejan ver escasos 5 segundos o menos, de manera apresurada en una cola, al estilo de un Stalin cualquiera, ahora hasta para ver a Ch\u00e1vez hay que hacer cola, ya saben, para no perder la costumbre, \u201ca la cubana\u201d. Por m\u00e1s que intentan hacer pasar todos estos shows como nunca vistos tenemos muchos antecedentes similares en otros tiranos difuntos en siglos pasados (Mao Tse Tung, Lenin, Stalin, etc.) en fin.<\/p>\n<p>&nbsp;<\/p>\n<p>&nbsp;<\/p>\n<p>El motivo que me ocupa en estas breves l\u00edneas que espero y aspiro leas no es otro que ponerte en conocimiento de una realidad que al parecer se les ha escapado a muchos, la cual no es otra sino la inexistencia de una sentencia del Tribunal Supremo de Justicia declarando la Falta Absoluta del Presidente Ch\u00e1vez, requisito <strong><em>sine qua non<\/em><\/strong> contemplado en el articulo 233 de la Constituci\u00f3n de la Rep\u00fablica Bolivariana de Venezuela, previa y necesaria a cualquier otro paso que diere lugar a la designaci\u00f3n del funcionario, en este caso el Vicepresidente Ejecutivo\u00a0 en funciones presidenciales como Vicepresidente Encargado de la Presidencia (que as\u00ed ha debido de ocurrir como lo ordena el tercer par\u00e1grafo del 233 ejusdem), sea el caso de la designaci\u00f3n del Vicepresidente como <em>\u201cPresidente Encargado\u201d<\/em> (dicho sea de paso figura esta no conforme con el aparte aludido por el oficialismo como activado una vez fallecido el presidente Ch\u00e1vez, am\u00e9n destacar que en el mismo 233 hay una distinci\u00f3n clara entre encargarse y asumir, el <strong>TSJ<\/strong> con una interpretaci\u00f3n arbitraria lo asume como igual, hay que preguntarse porque el constituyente hizo distinci\u00f3n aparte entre \u00abencargarse\u00bb de la presidencia y \u00abasumir\u00bbla misma).<\/p>\n<p>&nbsp;<\/p>\n<p>No es mero capricho la exigencia de la sentencia del <strong>TSJ<\/strong> decretando dicha Falta Absoluta sus porqu\u00e9s\u00a0 y consideraciones al respecto, por el contrario es vital para la correcta y legalista concatenaci\u00f3n de eventos jur\u00eddicos devenidos de la misma, \u00a0su ausencia impide determinar con certeza que dicho fallecimiento haya ocurrido en las condiciones que se nos ha informado, de una manera tan apresurada e imprecisa.<\/p>\n<p>&nbsp;<\/p>\n<p>\u00bfEl Vicepresidente de la Rep\u00fablica es suficiente para brindarnos la debida Fe P\u00fablica necesaria en semejante anuncio?, obviamente no lo es, de lo contrario no habr\u00eda la precisi\u00f3n en la norma suprema que dada la trascendencia del suceso este amerita una sentencia declarando que en virtud de lo ocurrido se configura una Falta Absoluta del Presidente de La Rep\u00fablica. La mera declaraci\u00f3n de maduro no configura elemento jur\u00eddico alguno para determinar el hecho ocurrido ni las condiciones ni el lugar, motivo real y preciso de dicho fallecimiento que de un informe m\u00e9dico se desprender\u00eda, al que ten\u00edamos derecho a conocer de manera oportuna (nos quitaron la manera oportuna, no obstante subsiste el derecho)<\/p>\n<blockquote><p><strong><em>\u201cArt\u00edculo 233<\/em><\/strong><strong><em>. <\/em><\/strong><strong><em>Ser\u00e1n faltas absolutas del Presidente o Presidenta de la Rep\u00fablica: su muerte, su renuncia, o su destituci\u00f3n <\/em><\/strong><strong><em>decretada por sentencia del Tribunal Supremo de Justicia<\/em><\/strong><strong><em>;<\/em><\/strong><strong><em> su incapacidad f\u00edsica o mental permanente certificada por una junta m\u00e9dica designada por el Tribunal Supremo de Justicia y con aprobaci\u00f3n de la Asamblea Nacional; el abandono del cargo, declarado como tal por la Asamblea Nacional, as\u00ed como la revocaci\u00f3n popular de su mandato. <\/em><\/strong><\/p>\n<p><strong><em>Cuando se produzca la falta absoluta del Presidente electo o Presidenta electa antes de tomar posesi\u00f3n, se proceder\u00e1 a una nueva elecci\u00f3n universal, directa y secreta dentro de los treinta d\u00edas consecutivos siguientes. Mientras se elige y toma posesi\u00f3n el nuevo Presidente o la nueva Presidenta, se encargar\u00e1 de la Presidencia de la Rep\u00fablica el Presidente o Presidenta de la Asamblea Nacional. Si la falta absoluta del Presidente o la Presidenta de la Rep\u00fablica se produce durante los primeros cuatro a\u00f1os del per\u00edodo constitucional, <\/em><\/strong><strong><em>se proceder\u00e1 a una nueva elecci\u00f3n universal, directa y secreta dentro de los treinta d\u00edas consecutivos siguientes<\/em><\/strong><strong><em>.<\/em><\/strong><strong><em> Mientras se elige y toma posesi\u00f3n el nuevo Presidente o la nueva Presidenta, se encargar\u00e1 de la Presidencia de la Rep\u00fablica el Vicepresidente Ejecutivo o la Vicepresidenta Ejecutiva. <\/em><\/strong><strong><em>En los casos anteriores, el nuevo Presidente o Presidenta completar\u00e1 el per\u00edodo constitucional correspondiente. <\/em><\/strong><\/p>\n<p><strong><em>Si la falta absoluta se produce durante los \u00faltimos dos a\u00f1os del per\u00edodo constitucional, el Vicepresidente Ejecutivo o la Vicepresidenta Ejecutiva asumir\u00e1 la Presidencia de la Rep\u00fablica hasta completar dicho per\u00edodo.\u201d.<\/em><\/strong><\/p><\/blockquote>\n<p><strong><em>\u00a0<\/em><\/strong><\/p>\n<p><strong><em>\u00a0<\/em><\/strong><\/p>\n<p>\u00bfLa sentencia del Tribunal Supremo de Justicia es OPCIONAL, es T\u00c1CITA? Es obviamente una pregunta retorica, Un NO rotundo mas notorio que la incapacidad del r\u00e9gimen para hacer sus trastadas. El constituyente, que incluy\u00f3 en nuestra Carta Magna el principio de celeridad e inmediatez\u00a0 no habr\u00eda de incurrir en contradicciones y mucho menos\u00a0 incluir por mero capricho esta exigencia que hoy se saltaron a la torera, la necesidad de dicha inclusi\u00f3n reside en que de la misma se Obtiene la Fe Publica sobre el suceso y nos brinda una posici\u00f3n oficial basada en, un informe m\u00e9dico desconocido una partida de defunci\u00f3n igualmente desconocida, anterior todo esto a una declaraci\u00f3n escueta de muerte carente de informaciones vitales para un pueblo cada vez mas acostumbrado a exigir respuestas y demandar porqu\u00e9s.<\/p>\n<p>&nbsp;<\/p>\n<p>&nbsp;<\/p>\n<p>&nbsp;<\/p>\n<p>Del Fallo de la Sala Constitucional del Tribunal Supremo de Justicia de fecha 08 de Marzo de 2013 Expediente N\u00ba 13-0196 extraigo un fragmento:<\/p>\n<p>&nbsp;<\/p>\n<blockquote><p>\u201c(\u2026)V CONSIDERACIONES PARA DECIDIR\u201d (\u2026) \u201cVisto, pues, que la situacion suscitada ha sido el sensible fallecimiento del Presidente de la Republica ciudadano Hugo Chavez Frias, y tomando en cuenta que dicho ciudadano se encontraba en el ejercicio del cargo de Presidente de la Republica, es decir, habia comenzado a ejercer un nuevo periodo constitucional, es aplicable a dicha situacion lo previsto en el segundo aparte del articulo 233 de la Constitucion, esto es, debe convocarse a una eleccion universal, directa y secreta, y se encarga de la Presidencia de la Republica el ciudadano Nicolas Maduro Moros, quien para ese entonces ejercia el cargo de Vicepresidente Ejecutivo. Dicha encargaduria comenzo inmediatamente despues de que se produjo el supuesto de hecho que dio lugar a la falta absoluta. El Presidente Encargado debe juramentarse ante la Asamblea Nacional. Asi se establece. (\u2026)\u201d<\/p><\/blockquote>\n<p>(EL TAMA\u00d1O DE LA FUENTE ES MIO PARA DENOTAR LA PARTE INTERESANTE DEL ASUNTO)<\/p>\n<p>&nbsp;<\/p>\n<p>&nbsp;<\/p>\n<p>Teniendo en cuenta que la misma Sala constitucional reconoce en est\u00e9 fallo que la \u201cencargadur\u00eda\u201d de la primera magistratura comienza a ser ejercida por el Vicepresidente de la Rep\u00fablica \u201c\u2026inmediatamente despues de que se produjo el supuesto de hecho que dio lugar a la falta absoluta.\u201d Huelga entrar en explicaciones de que incumplen con el plazo de 30 d\u00edas continuos establecido en el articulo 233 ejusdem, ya que anunciada la fecha para la celebraci\u00f3n de las elecciones presidenciales 14 de Abril de 2013, dada a conocer por el CNE el 09 de Marzo de 2013; <a href=\"http:\/\/www.facebook.com\/l.php?u=http%3A%2F%2Fwww.cne.gov.ve%2Fweb%2Fsala_prensa%2Fnoticia_detallada.php%3Fid%3D3115&amp;h=UAQGHYIJ_&amp;s=1\" target=\"_blank\" rel=\"nofollow\">http:\/\/www.cne.gov.ve\/web\/sala_prensa\/noticia_detallada.php?id=3115<\/a> , un sencillo ejercicio matem\u00e1tico nos revela que del 05 de Marzo al 14 de Abril transcurrir\u00edan 40 d\u00edas, excediendo as\u00ed \u00a0en 10 d\u00edas el mandato que la constituci\u00f3n exige de celebrar las elecciones \u201c\u2026dentro de los treinta d\u00edas consecutivos siguientes\u2026\u201d.<\/p>\n<p>&nbsp;<\/p>\n<p>&nbsp;<\/p>\n<p><img data-recalc-dims=\"1\" decoding=\"async\" alt=\"\" src=\"https:\/\/i0.wp.com\/fbcdn-sphotos-f-a.akamaihd.net\/hphotos-ak-ash4\/483661_10151762368979056_1243884884_n.jpg?w=696&#038;ssl=1\" \/>Como dir\u00eda el finado, HUELE AZUUUUUUUFRE!!!, al parecer se adelant\u00f3 el Conejo de Pascua pero por obra y desgracia de las fallas en el flujo el\u00e9ctrico Trajo a la Boliburgues\u00eda \u201c\u00d1emas Coloridas Rancias\u201d que cual regalos disfrutan los nuevos amos de la Colina, quienes se erigen como mandatarios sin proceso electoral alguno tenidos de important\u00edsimos fallos del TSJ \u00a0(al parecer mucho mas importante que la Sentencia Declarando la Falta Absoluta que demanda el 233 constitucional) poco les importa transgredir lapsos previstos en la constituci\u00f3n, t\u00edpico del fundamentalista que invoca el texto en su defensa cuando le conviene y cuando no se lo salta a la torera\u2026<\/p>\n<p>\u2026Amanece y Despertamos!!!<\/p>\n<p>&nbsp;<\/p>\n<p><img data-recalc-dims=\"1\" decoding=\"async\" alt=\"\" src=\"https:\/\/i0.wp.com\/fbcdn-sphotos-e-a.akamaihd.net\/hphotos-ak-snc7\/482639_10151762371329056_1587772598_n.jpg?w=696&#038;ssl=1\" \/><\/p>\n","protected":false},"excerpt":{"rendered":"<p>En estos \u00bfaciagos? d\u00edas posteriores al presunto fenecimiento del presidente Hugo Ch\u00e1vez, subrayo PRESUNTO\u00a0 por la desinformaci\u00f3n y ocultamiento reiterado del paradero e imagen que sobre el presidente el oficialismo dej\u00f3 y ha dejado de brindar al pueblo Venezolano, \u00a0obra y desgracia de la c\u00fapula del gobierno actual. Si acaso ahora lo dejan ver escasos [&hellip;]<\/p>\n","protected":false},"author":2042,"featured_media":35785,"comment_status":"open","ping_status":"open","sticky":false,"template":"","format":"standard","meta":{"jetpack_post_was_ever_published":false,"_jetpack_newsletter_access":"","_jetpack_dont_email_post_to_subs":false,"_jetpack_newsletter_tier_id":0,"_jetpack_memberships_contains_paywalled_content":false,"_jetpack_memberships_contains_paid_content":false,"footnotes":"","jetpack_publicize_message":"","jetpack_publicize_feature_enabled":true,"jetpack_social_post_already_shared":true,"jetpack_social_options":{"image_generator_settings":{"template":"highway","default_image_id":0,"font":"","enabled":false},"version":2}},"categories":[3],"tags":[],"class_list":{"0":"post-35781","1":"post","2":"type-post","3":"status-publish","4":"format-standard","5":"has-post-thumbnail","7":"category-descontento"},"jetpack_publicize_connections":[],"jetpack_featured_media_url":"https:\/\/i0.wp.com\/www.panfletonegro.com\/v\/wp-content\/uploads\/2013\/03\/1_17043.jpg?fit=648%2C486&ssl=1","jetpack_shortlink":"https:\/\/wp.me\/pfpCD-9j7","jetpack_sharing_enabled":true,"_links":{"self":[{"href":"https:\/\/www.panfletonegro.com\/v\/wp-json\/wp\/v2\/posts\/35781","targetHints":{"allow":["GET"]}}],"collection":[{"href":"https:\/\/www.panfletonegro.com\/v\/wp-json\/wp\/v2\/posts"}],"about":[{"href":"https:\/\/www.panfletonegro.com\/v\/wp-json\/wp\/v2\/types\/post"}],"author":[{"embeddable":true,"href":"https:\/\/www.panfletonegro.com\/v\/wp-json\/wp\/v2\/users\/2042"}],"replies":[{"embeddable":true,"href":"https:\/\/www.panfletonegro.com\/v\/wp-json\/wp\/v2\/comments?post=35781"}],"version-history":[{"count":0,"href":"https:\/\/www.panfletonegro.com\/v\/wp-json\/wp\/v2\/posts\/35781\/revisions"}],"wp:featuredmedia":[{"embeddable":true,"href":"https:\/\/www.panfletonegro.com\/v\/wp-json\/wp\/v2\/media\/35785"}],"wp:attachment":[{"href":"https:\/\/www.panfletonegro.com\/v\/wp-json\/wp\/v2\/media?parent=35781"}],"wp:term":[{"taxonomy":"category","embeddable":true,"href":"https:\/\/www.panfletonegro.com\/v\/wp-json\/wp\/v2\/categories?post=35781"},{"taxonomy":"post_tag","embeddable":true,"href":"https:\/\/www.panfletonegro.com\/v\/wp-json\/wp\/v2\/tags?post=35781"}],"curies":[{"name":"wp","href":"https:\/\/api.w.org\/{rel}","templated":true}]}}